{"id":26480,"date":"2019-04-12T14:20:34","date_gmt":"2019-04-12T11:20:34","guid":{"rendered":"http:\/\/www.bbyhaber.com\/bby\/?p=26480"},"modified":"2019-04-12T17:59:26","modified_gmt":"2019-04-12T14:59:26","slug":"tapu-kadastrodaki-arsiv-memuru-meslektaslarimiz-yargiya-gidiyor","status":"publish","type":"post","link":"https:\/\/www.bbyhaber.com\/bby\/2019\/04\/12\/tapu-kadastrodaki-arsiv-memuru-meslektaslarimiz-yargiya-gidiyor","title":{"rendered":"Tapu Kadastro&#8217;daki ar\u015fiv memuru meslekta\u015flar\u0131m\u0131z yarg\u0131ya gidiyor!"},"content":{"rendered":"<p><a href=\"http:\/\/www.bbyhaber.com\/bby\/wp-content\/uploads\/2019\/04\/tapu-arsivcileri.jpg\"><img loading=\"lazy\" decoding=\"async\" class=\"alignleft size-full wp-image-26481\" src=\"http:\/\/www.bbyhaber.com\/bby\/wp-content\/uploads\/2019\/04\/tapu-arsivcileri.jpg\" alt=\"\" width=\"390\" height=\"180\" \/><\/a>\u0130\u00e7erisinde bulundu\u011fumuz 21. y\u00fczy\u0131l \u201cBilgi \u00c7a\u011f\u0131\u201d olarak nitelendirilmektedir. Bilgi \u00c7a\u011f\u0131, birey, toplum ve kurulu\u015flar\u0131n varl\u0131klar\u0131n\u0131 daha nitelikli, daha etkin ve verimli olarak s\u00fcrd\u00fcr\u00fcp geli\u015ftirebilmeleri i\u00e7in, \u00f6ncelikle bilginin (enformasyonun) ya\u015famsal ve stratejik \u00f6neminin bilincine var\u0131lmas\u0131n\u0131, bu bilincin yayg\u0131nla\u015ft\u0131r\u0131lmas\u0131n\u0131, ayn\u0131 zamanda bilgi talep eden kullan\u0131c\u0131lar ile bilgi kaynaklar\u0131 aras\u0131nda daha uygun ve sistemli ili\u015fkilerin kurulmas\u0131n\u0131 \u00f6ng\u00f6r\u00fcr. Bu durum, g\u00fcn\u00fcm\u00fczde gittik\u00e7e artan ve \u00e7e\u015fitlenen bilgi kaynaklar\u0131n\u0131n sa\u011flanmas\u0131, d\u00fczenlenmesi ve eri\u015filebilmesi amac\u0131yla hizmet veren kurulu\u015flar\u0131n stratejik \u00f6nemini artt\u0131rmakta, hizmetlerini \u00e7e\u015fitlendirmekte ve zenginle\u015ftirmektedir.<!--more--><\/p>\n<p>Bilgi \u00e7a\u011f\u0131n\u0131n temeli olarak bilgiye eri\u015fimin sa\u011flanabilmesi i\u00e7in; bilginin sa\u011flanmas\u0131, depolanmas\u0131, tasnifi \u2013 s\u0131n\u0131flanmas\u0131, dizinlenmesi ve en k\u0131sa s\u00fcrede hizmete sunulmas\u0131 bilimsel metotlar \u00e7er\u00e7evesinde yap\u0131lmaktad\u0131r. Bu i\u015flemleri yerine getirebilmek i\u00e7in ileri d\u00fczeyde kuramsal ve uygulamal\u0131 bilgilere sahip, donan\u0131ml\u0131 \u201ck\u00fct\u00fcphaneciler, bilgi-belge y\u00f6neticileri, ar\u015fivci, dok\u00fcmantalist ve bilgi uzman\u0131 gibi de\u011fi\u015fik unvanlarla \u00e7al\u0131\u015fanlar t\u00fcm d\u00fcnyada \u2018bilgi profesyonelleri\u2019 kategorisinde yer almaktad\u0131r. \u00dclkemizde ve t\u00fcm d\u00fcnyada Bilgi ve Belge Y\u00f6netimi ana bilim dal\u0131 olarak kabul edilmekte ve bu do\u011frultuda akademik e\u011fitim verilmektedir.<\/p>\n<p>Bilgi ve Belge Y\u00f6netimi mezunlar\u0131 g\u00f6rev yapt\u0131klar\u0131 kurumlarda; bilginin karar mekanizmalar\u0131nda bulunmakta, belge y\u00f6netimi s\u00fcrecinin y\u00f6netilmesi, bilgi merkezlerinin tasar\u0131m\u0131, yap\u0131land\u0131r\u0131lmas\u0131 ve y\u00f6netimi i\u00e7in gerekli bilgi ve becerilere sahip nitelikli ki\u015filerden olu\u015fmaktad\u0131r.<\/p>\n<p>G\u00fcn\u00fcm\u00fczde k\u00fct\u00fcphane, ar\u015fiv ve dok\u00fcmantasyon merkezleri birer bilgi merkezleri olup, bu merkezlerde ger\u00e7ekle\u015ftirilen i\u015flemler ve verilen hizmetler de uzmanl\u0131k d\u00fczeyinde teknik bilgi ve beceriye dayal\u0131, bu merkezlerde \u00e7al\u0131\u015fan bilgi profesyonelleri de teknik bilgi ve becerisi en \u00fcst d\u00fczeyde uzmanlar olmak zorundad\u0131r. Bu bilgi merkezleri teknolojinin en yo\u011fun olarak kullan\u0131ld\u0131\u011f\u0131, i\u015flemlerin ve hizmetlerin t\u00fcm\u00fcyle teknolojiye ba\u011fl\u0131 oldu\u011fu kurumlard\u0131r.<\/p>\n<p>\u00c7evre ve \u015eehircilik Bakanl\u0131\u011f\u0131\u2019na ba\u011fl\u0131 olan Tapu ve Kadastro Genel M\u00fcd\u00fcrl\u00fc\u011f\u00fc b\u00fcnyesindeki ta\u015fra ve merkez ar\u015fivleri, \u00e7a\u011f\u0131n \u015fartlar\u0131 ve geli\u015fen teknolojiyle birlikte klasik ar\u015fivden e-ar\u015five ge\u00e7i\u015f d\u00f6nemindedir. Kurumun geli\u015fimi, teknolojiye uyumu, kaliteli ve h\u0131zl\u0131 hizmet sunmas\u0131 ancak nitelikli personel istihdam\u0131 ile m\u00fcmk\u00fcn olacakt\u0131r. <strong>Bu ama\u00e7la kurum b\u00fcnyesine ar\u015fiv hizmetlerinin nitelikli, bilimsel ve \u00e7a\u011fda\u015f ar\u015fiv teknikleri do\u011frultusunda verilebilmesi i\u00e7in Bilgi ve Belge Y\u00f6netimi B\u00f6l\u00fcm\u00fc (K\u00fct\u00fcphanecilik, Ar\u015fivcilik, Dok\u00fcmantasyon ve Enformasyon) mezunlar\u0131 istihdam edilmektedir. <\/strong><strong>Bilgi ve Belge B\u00f6l\u00fcm\u00fc (K\u00fct\u00fcphanecilik, Ar\u015fivcilik, Dok\u00fcmantasyon ve Enformasyon) mezunlar\u0131 \u00c7evre ve \u015eehircilik Bakanl\u0131\u011f\u0131 b\u00fcnyesinde \u201cAr\u015fiv Memuru\u201d stat\u00fcs\u00fcnde \u201cGenel \u0130dari Hizmetler S\u0131n\u0131f\u0131nda \u00e7al\u0131\u015ft\u0131r\u0131lmaktad\u0131r.<\/strong> <em><u>Ar\u015fiv Memurlu\u011fu kadrosu ise orta\u00f6\u011fretim, lise, \u00f6n lisans mezunu ve ar\u015fivcilikle alakal\u0131 mesleki e\u011fitim almayan ki\u015filerin atand\u0131\u011f\u0131 bir stat\u00fcd\u00fcr<\/u><\/em>.<\/p>\n<p>Bakanlar Kurulunun, <strong><a href=\"https:\/\/www.bbyhaber.com\/bby\/2010\/12\/10\/ths-bakanlar-kurulu-karari\" target=\"_blank\" rel=\"noopener\">2010\/1092 karar say\u0131s\u0131yla<\/a><\/strong> \u201cFolklor Ara\u015ft\u0131rmac\u0131s\u0131, K\u00fct\u00fcphaneci, Ar\u015fivci, Kitap Patolo\u011fu ve Sosyolog unvanlar\u0131n\u0131n 657 say\u0131l\u0131 Devlet Memurlar\u0131 Kanununun 36. maddesinin 1. f\u0131kras\u0131n\u0131n Teknik Hizmetler S\u0131n\u0131f\u0131 ba\u015fl\u0131kl\u0131 II numaral\u0131 bendi kapsam\u0131na al\u0131nmas\u0131; Maliye ve Milli E\u011fitim Bakanl\u0131klar\u0131 ile Devlet Personel Ba\u015fkanl\u0131\u011f\u0131n\u0131n g\u00f6r\u00fc\u015flerine dayanan Adalet Bakanl\u0131\u011f\u0131 ile K\u00fclt\u00fcr ve Turizm Bakanl\u0131\u011f\u0131n\u0131n teklifleri \u00fczerine, ad\u0131 ge\u00e7en Kanunun 36 nc\u0131 maddesinin Ortak H\u00fck\u00fcmler b\u00f6l\u00fcm\u00fcn\u00fcn (G) bendine g\u00f6re, Bakanlar Kurulu\u2019nca 27\/09\/2010 tarihinde\u201d Ar\u015fivcilerin Teknik Hizmetler S\u0131n\u0131f\u0131 kapsam\u0131nda de\u011ferlendirilmesine karar vermi\u015ftir. Y\u00fcksek \u00d6\u011fretim Kurulu (Y\u00d6K), \u00dcniversitelerin <strong>\u201cBilgi ve Belge Y\u00f6netimi<\/strong>\u201d b\u00f6l\u00fcm\u00fcnden mezun olanlar\u0131n Teknik Hizmetler S\u0131n\u0131f\u0131nda yer ald\u0131\u011f\u0131n\u0131 belirtmi\u015f ve <strong><a href=\"https:\/\/www.bbyhaber.com\/bby\/2012\/03\/30\/ths-arsiv-memurlarinin-durumu\" target=\"_blank\" rel=\"noopener\">22\/03\/2012 tarih ve 013583 say\u0131l\u0131 yaz\u0131s\u0131<\/a>nda Bilgi ve Belge Y\u00f6netimi b\u00f6l\u00fcm\u00fc mezunu olan Ar\u015fiv Memurlar\u0131n\u0131n \u201cAr\u015fivci\u201d unvan\u0131 ile e\u015f de\u011ferlili\u011fi kabul g\u00f6rm\u00fc\u015ft\u00fcr.<\/strong> Ayr\u0131ca Devlet Personel Ba\u015fkanl\u0131\u011f\u0131\u2019n\u0131n 12\/09\/2012 tarih ve 14956 say\u0131l\u0131 g\u00f6r\u00fc\u015f\u00fcnde de Bakanlar Kurulu ve Y\u00d6K karar\u0131nda istinaden kadro ihdas\u0131 ile Genel \u0130dari Hizmetler s\u0131n\u0131f\u0131ndan Teknik Hizmetler S\u0131n\u0131f\u0131na ge\u00e7i\u015fin yap\u0131lmas\u0131 gerekti\u011fi belirtilmi\u015ftir.<\/p>\n<p>Bakanlar Kurulu ve Y\u00d6K kararlar\u0131 do\u011frultusunda K\u00fclt\u00fcr ve Turizm Bakanl\u0131\u011f\u0131na ba\u011fl\u0131 K\u00fct\u00fcphaneler ile \u00dcniversite K\u00fct\u00fcphanelerinde ilgili b\u00f6l\u00fcm mezunu personelin, unvan de\u011fi\u015fikli\u011fi ile \u201cTeknik Hizmetler S\u0131n\u0131f\u0131\u201d kapsam\u0131na al\u0131nd\u0131\u011f\u0131 g\u00f6r\u00fclmektedir. Ancak bahsi ge\u00e7en kararlar, kurumumuzda g\u00f6rev yapan ilgili b\u00f6l\u00fcm mezunu Ar\u015fiv Memurlar\u0131 i\u00e7in uygulanmam\u0131\u015f, \u00a0Tapu ve Kadastro Genel M\u00fcd\u00fcrl\u00fc\u011f\u00fc b\u00fcnyesindeki Ar\u015fiv Memurlar\u0131 \u00a0\u201cGenel \u0130dari Hizmetler S\u0131n\u0131f\u0131nda\u201d istihdam edilmeye devam edilmi\u015ftir.<\/p>\n<p>Kurumumuz b\u00fcnyesinde Ar\u015fiv Memuru unvan\u0131 ile g\u00f6rev yapan ar\u015fivciler yani bizler, uzun zamand\u0131r bu sorunun \u00e7\u00f6z\u00fclmesi i\u00e7in \u00e7aba sarf etmekteyiz. 2011 Y\u0131l\u0131ndan itibaren sorunun giderilmesi i\u00e7in d\u00f6nemin Ar\u015fiv Dairesi Ba\u015fkanlar\u0131 ve Genel M\u00fcd\u00fcrleri ile bizzat g\u00f6r\u00fc\u015fme yaparak, ar\u015fiv memurlar\u0131n\u0131n teknik kadroya ge\u00e7irilmesi ve kurum ar\u015fivlerinin yeniden yap\u0131land\u0131r\u0131lmas\u0131 ile ilgili raporlar sunduk. Genel M\u00fcd\u00fcrl\u00fc\u011f\u00fcm\u00fczce bize s\u00f6ylenen; \u201cbiz kadro istiyoruz ancak Maliye Bakanl\u0131\u011f\u0131 taraf\u0131ndan reddediliyor\u201d oldu. Genel M\u00fcd\u00fcrl\u00fc\u011f\u00fcm\u00fczle yapt\u0131\u011f\u0131m\u0131z g\u00f6r\u00fc\u015fmeler ile birlikte \u00e7e\u015fitli sendika ve derneklerle de g\u00f6r\u00fc\u015fmelerimiz oldu. T\u00fcrkiye B\u00fcy\u00fck Millet Meclisinde T\u00fcrk K\u00fct\u00fcphanecileri Derne\u011fi\u2019nin giri\u015fimi ile Millet Vekilleri \u00fczerinden Ar\u015fiv Memurlar\u0131n\u0131n, kadro ihdas\u0131 ve unvan de\u011fi\u015fikli\u011fi ile ilgili kanun teklifinde bulunsak da olumlu bir sonu\u00e7 alamad\u0131k.<\/p>\n<p>B\u00fct\u00fcn bu giri\u015fimlerimizin ard\u0131ndan t\u00fcm yollar\u0131 t\u00fcketerek kurumumuza bireysel dava a\u00e7\u0131p konuyu yarg\u0131ya ta\u015f\u0131mak zorunda kald\u0131k. Kurumumuzun mahkemeye verdi\u011fi cevapta iki \u00f6nemli ba\u015fl\u0131k alt\u0131nda konuyu de\u011ferlendirdiklerini g\u00f6rd\u00fck. Talebimizin reddedilmesi gerek\u00e7esi olarak; kurum merkez ve ta\u015fra birimlerinde \u201car\u015fivci\u201d kadrosunun bulunmad\u0131\u011f\u0131n\u0131 ve yap\u0131lan i\u015fin de teknik bir i\u015f olmad\u0131\u011f\u0131 y\u00f6n\u00fcnde savunma yapm\u0131\u015flard\u0131r.<\/p>\n<p>Oysa ki, Milli Savunma Bakanl\u0131\u011f\u0131 b\u00fcnyesinde ar\u015fiv memuru unvan\u0131 ile Genel \u0130dari Hizmetler s\u0131n\u0131f\u0131nda yer alan ilgili b\u00f6l\u00fcm mezunu personelin kurumlar\u0131na a\u00e7m\u0131\u015f olduklar\u0131 dava neticesinde, Askeri Y\u00fcksek \u0130dare Mahkemesi \u0130kinci Daire Ba\u015fkanl\u0131\u011f\u0131n\u0131n 2011\/1579 Esas ve 2012\/462 Karar no.lu yaz\u0131s\u0131 ile ar\u015fiv memurlar\u0131 Teknik Hizmetler S\u0131n\u0131f\u0131na al\u0131narak <strong>\u201cAr\u015fivci\u201d <\/strong>unvan\u0131 verilmi\u015ftir. Askeri Y\u00fcksek \u0130dare Mahkemesinin alm\u0131\u015f oldu\u011fu bu karar emsal niteli\u011findedir.<\/p>\n<p>Kurum merkez ve ta\u015fra birimlerinde \u201car\u015fivci\u201d kadrosunun bulunmad\u0131\u011f\u0131 ve bu nedenle olmayan bir kadroya ge\u00e7i\u015fin yap\u0131lamayaca\u011f\u0131 g\u00f6r\u00fc\u015f\u00fc ger\u00e7e\u011fi yans\u0131tmamaktad\u0131r. \u00dclkemizde <strong>\u201cyasal idare ilkesi\u201d <\/strong>ge\u00e7erli olup, \u0130dare mevzuata uygun i\u015f ve i\u015flemler yapmak zorundad\u0131r. Bakanlar Kurulu Karar\u0131 ba\u011flay\u0131c\u0131d\u0131r. Bu kararda \u0130dareye herhangi bir takdir hakk\u0131 tan\u0131nmam\u0131\u015ft\u0131r. Bakanlar Kurulu <strong>\u201car\u015fivci\u201d<\/strong> kadrosunun teknik hizmetler s\u0131n\u0131f\u0131na al\u0131nd\u0131\u011f\u0131na karar verdi\u011fine g\u00f6re \u0130darenin Bakanlar Kurulunun bu karar\u0131na uygun i\u015flem tesis etmesi gerekmektedir. \u0130dare Bakanlar Kurulu karar\u0131n\u0131 takiben Devlet Personel Ba\u015fkanl\u0131\u011f\u0131ndan teknik hizmetler s\u0131n\u0131f\u0131nda <strong>\u201car\u015fivci\u201d<\/strong> kadrosunun ihdas\u0131n\u0131 talep ederek ilgili b\u00f6l\u00fcm mezunu olan Ar\u015fiv Memurlar\u0131n\u0131 bu kadroya almak zorundad\u0131r.<\/p>\n<p>Kurumumuz ar\u015fiv memurlar\u0131n\u0131n yapt\u0131\u011f\u0131 i\u015f ve i\u015flemlerin teknik bir i\u015f olmad\u0131\u011f\u0131n\u0131 belirtmi\u015ftir. Bu g\u00f6r\u00fc\u015f de ger\u00e7e\u011fi yans\u0131tmamaktad\u0131r. Yap\u0131lan i\u015f teknik bir i\u015ftir. Ar\u015fiv memurunun, standart dosya plan\u0131n\u0131n uygulanmas\u0131 ve denetlenmesini sa\u011flamak, hangi konu ba\u015fl\u0131klar\u0131 alt\u0131nda hangi belgelerin yer alaca\u011f\u0131n\u0131 belirlemek, t\u00fcm tapu sicillerinin belli bir sistem d\u00e2hilinde ar\u015fivlenmesi ve kullan\u0131ma sunulmas\u0131n\u0131 sa\u011flamak, i\u015fleme esas belgelerin elektronik ortama aktar\u0131lmas\u0131, elektronik ortama aktar\u0131lan belgelerin kontrol ve onay i\u015flemleri (e-ar\u015fiv) ile fiziki ar\u015fiv i\u015flemlerini yapmak ve 2017-3 say\u0131l\u0131 Genelge do\u011frultusunda yap\u0131lan i\u015f ve i\u015flemlerin teknik hizmetler kapsam\u0131nda oldu\u011fu a\u00e7\u0131k\u00e7a g\u00f6r\u00fclmektedir. Kurumumuz ar\u015fiv memuru al\u0131m\u0131 yaparken KPSS tercih kitap\u00e7\u0131\u011f\u0131nda, \u201cBilgi ve Belge Y\u00f6netimi B\u00f6l\u00fcm\u00fc\u201d mezunu olmak \u015fart\u0131n\u0131 koymu\u015f ve di\u011fer b\u00f6l\u00fcmlerden mezun olanlar bu kadroyu tercih edememi\u015flerdir.<\/p>\n<p>Ayr\u0131ca ilgili Bakanlar Kurulu ve Y\u00d6K karar\u0131 do\u011frultusunda ilgili b\u00f6l\u00fcm mezunu ar\u015fiv memurlar\u0131n\u0131n, yapt\u0131\u011f\u0131 i\u015fin teknik bir i\u015f olup olmad\u0131\u011f\u0131na bak\u0131lmaks\u0131z\u0131n teknik hizmetler s\u0131n\u0131f\u0131na al\u0131nmas\u0131 gerekmektedir. Ayr\u0131ca Tapu ve Kadastro Genel M\u00fcd\u00fcrl\u00fc\u011f\u00fc\u2019n\u00fcn her y\u0131l yay\u0131nlanan Kurum \u0130dari Kurulu Toplant\u0131 Tutana\u011f\u0131nda \u201cAr\u015fiv Memurlar\u0131n\u0131n Teknik Personel stat\u00fcs\u00fcnde g\u00f6rev yapmas\u0131n\u0131n sa\u011flanmas\u0131 i\u00e7in gerekli \u00e7al\u0131\u015fmalar\u0131n yap\u0131lmas\u0131\u201d karar\u0131 al\u0131nmas\u0131, asl\u0131nda yap\u0131lan i\u015fin teknik bir i\u015f oldu\u011funu ve ar\u015fivcilerin teknik kadroya al\u0131nmalar\u0131 gerekti\u011fini g\u00f6stermesi bak\u0131m\u0131ndan \u00f6nemlidir.<\/p>\n<p>Kurumumuz ilgili b\u00f6l\u00fcm mezunu ar\u015fiv memurlar\u0131na teknik kadroya ge\u00e7irmeyerek, 2011 y\u0131l\u0131ndan bu yana hak kayb\u0131 ya\u015famalar\u0131na sebep olmaktad\u0131r. Genel \u0130dari Hizmetler s\u0131n\u0131f\u0131nda yer alan ar\u015fiv memurlar\u0131n\u0131n en az 4 y\u0131ll\u0131k lisans mezunu olmalar\u0131na ra\u011fmen, kadro dereceleri 5. dereceden sonra ilerlememesi nedeniyle ortaokul mezunu stat\u00fcs\u00fcnde yer almakta, bu durum da \u00f6zl\u00fck haklar\u0131m\u0131zda kayba neden olmaktad\u0131r. Ayn\u0131 b\u00f6l\u00fcm mezunlar\u0131 di\u011fer kamu kurumlar\u0131na Teknik Hizmetler S\u0131n\u0131f\u0131nda istihdam edilirken bizlerin Genel \u0130dari Hizmetler s\u0131n\u0131f\u0131nda yer almam\u0131z Anayasan\u0131n e\u015fitlik ilkesine ayk\u0131r\u0131d\u0131r ve 02.11.2011 tarihli ve 666 say\u0131l\u0131 KHK ile kamuda e\u015fit i\u015fe e\u015fit \u00fccret ilkesi ile de ba\u011fda\u015fmamaktad\u0131r. Zira kurumumuzun b\u00fcnyesinde Ar\u015fiv Memuru olarak istihdam edilen bizler, alm\u0131\u015f oldu\u011fumuz mesleki e\u011fitim ile donan\u0131ml\u0131 ve konular\u0131nda uzman ki\u015fileriz. Hem \u00e7al\u0131\u015fmakta oldu\u011fumuz birim hem de yapm\u0131\u015f oldu\u011fumuz i\u015f ile alakal\u0131 olarak mesle\u011fimizi icra ederken, birer meslek erbab\u0131 olarak kurumumuza istihdam edilmemize ra\u011fmen i\u015f \u00f6zl\u00fck haklar\u0131m\u0131z\u0131n verilmesine geldi\u011finde kurumumuz biz Ar\u015fivcileri vas\u0131fs\u0131z d\u00fcz memur olarak g\u00f6rmektedir.<\/p>\n<p>Anayasan\u0131n e\u015fitlik ilkesine ayk\u0131r\u0131 olan bu durumun d\u00fczeltilerek ilgili b\u00f6l\u00fcm mezunlar\u0131n\u0131n e\u011fitim g\u00f6rd\u00fckleri alana uygun olarak, 4 Temmuz 2011 tarihli KHK gere\u011fince Teknik Hizmetler S\u0131n\u0131f\u0131nda ihdas edilen \u201cAr\u015fivci\u201d kadrolar\u0131na s\u0131navs\u0131z olarak atanmalar\u0131 gerekmektedir.\u00a0Teknik Hizmetler S\u0131n\u0131f\u0131ndaki ar\u015fivci kadrolar\u0131n\u0131n a\u00e7\u0131lmas\u0131 ve bu kadrolarda ilgili b\u00f6l\u00fcm mezunlar\u0131n\u0131n g\u00f6revlendirilmesi hak kay\u0131plar\u0131n\u0131 giderecektir.<\/p>\n<p>\u00c7evre ve \u015eehircilik Bakanl\u0131\u011f\u0131 b\u00fcnyesindeki Tapu ve Kadastro Genel M\u00fcd\u00fcrl\u00fc\u011f\u00fc \u201cTa\u015fra Te\u015fkilatlar\u0131 G\u00f6rev ve Sorumluluklar\u0131 Hakk\u0131nda Genelge (2012-2 Say\u0131l\u0131 Genelge)\u201d ve \u201cFiziki Ar\u015fiv Standartlar\u0131\u00a0 (2012-8 Say\u0131l\u0131 Genelge)\u201d genelgelerinde uygun olan de\u011fi\u015fiklikler yap\u0131lmal\u0131d\u0131r. 2012-2 Say\u0131l\u0131 Genelgede \u201cAr\u015fiv Memuru\u201d tan\u0131m\u0131 yap\u0131l\u0131rken, 2012-8 say\u0131l\u0131 Genelgede ise Ar\u015fivci tan\u0131m\u0131 yap\u0131lm\u0131\u015ft\u0131r. Bu tan\u0131msal kar\u0131\u015f\u0131kl\u0131\u011f\u0131n hukuken giderilmesi zaruri bir hal alm\u0131\u015ft\u0131r.<\/p>\n<p>\u00c7evre ve \u015eehircilik Bakanl\u0131\u011f\u0131 b\u00fcnyesindeki Tapu ve Kadastro Genel M\u00fcd\u00fcrl\u00fc\u011f\u00fcnde \u00e7al\u0131\u015fan bizler, \u00f6zl\u00fck haklar\u0131m\u0131za ili\u015fkin bu haks\u0131zl\u0131\u011f\u0131n giderilmesi ve hakk\u0131m\u0131z olan\u0131 alabilmek i\u00e7in yarg\u0131ya ba\u015fvurmu\u015f bulunuyoruz. Akademik \u00e7evreleri, Meslek Odalar\u0131n\u0131, Sendika ve Dernekler ile konuya duyarl\u0131 t\u00fcm kesimleri davam\u0131za sahip \u00e7\u0131kmaya ve bizlerle birlikte dayan\u0131\u015fmaya davet ediyoruz.<\/p>\n<p><strong>Tarih: 30 Nisan 2019<\/strong><\/p>\n<p><strong>Saat:11.00<\/strong><\/p>\n<p><strong>Yer: \u0130stanbul 2. \u0130dare Mahkemesi duru\u015fma salonu.<\/strong><\/p>\n<p><strong>Mahmutbey Mahallesi 2459. Sokak No: 6 Ba\u011fc\u0131lar \/ \u0130stanbul<\/strong><\/p>\n<p><strong>(O-3 G\u00fcney Yan Yolu \u00fczeri, \u0130sto\u00e7 kar\u015f\u0131s\u0131)<\/strong><\/p>\n<p><strong>TAPU VE KADASTRO GENEL M\u00dcD\u00dcRL\u00dc\u011e\u00dc<\/strong><\/p>\n<p><strong>B\u0130LG\u0130 VE BELGE Y\u00d6NET\u0130M\u0130 B\u00d6L\u00dcM\u00dc MEZUNU AR\u015e\u0130VC\u0130LER<\/strong><\/p>\n<p><strong><a href=\"https:\/\/www.bbyhaber.com\/bby\/2011\/11\/11\/teknik-hizmetler-belge-arsivi\">THS Belge ar\u015fivi i\u00e7in t\u0131klay\u0131n\u0131z<\/a><\/strong><\/p>\n","protected":false},"excerpt":{"rendered":"<p>\u0130\u00e7erisinde bulundu\u011fumuz 21. y\u00fczy\u0131l \u201cBilgi \u00c7a\u011f\u0131\u201d olarak nitelendirilmektedir. Bilgi \u00c7a\u011f\u0131, birey, toplum ve kurulu\u015flar\u0131n varl\u0131klar\u0131n\u0131 daha nitelikli, daha etkin ve verimli olarak s\u00fcrd\u00fcr\u00fcp geli\u015ftirebilmeleri i\u00e7in, \u00f6ncelikle bilginin (enformasyonun) ya\u015famsal ve stratejik \u00f6neminin bilincine var\u0131lmas\u0131n\u0131, bu bilincin yayg\u0131nla\u015ft\u0131r\u0131lmas\u0131n\u0131, ayn\u0131 zamanda bilgi talep eden kullan\u0131c\u0131lar ile bilgi kaynaklar\u0131 aras\u0131nda daha uygun ve sistemli ili\u015fkilerin kurulmas\u0131n\u0131 \u00f6ng\u00f6r\u00fcr. Bu [&hellip;]<\/p>\n","protected":false},"author":1,"featured_media":26481,"comment_status":"open","ping_status":"open","sticky":false,"template":"","format":"standard","meta":{"footnotes":""},"categories":[1,1605],"tags":[1096,1398,722],"class_list":["post-26480","post","type-post","status-publish","format-standard","has-post-thumbnail","hentry","category-genel","category-teknik-kadro-arsivciler","tag-arsivcilik","tag-bby-ozluk-haklari","tag-tapu"],"_links":{"self":[{"href":"https:\/\/www.bbyhaber.com\/bby\/wp-json\/wp\/v2\/posts\/26480"}],"collection":[{"href":"https:\/\/www.bbyhaber.com\/bby\/wp-json\/wp\/v2\/posts"}],"about":[{"href":"https:\/\/www.bbyhaber.com\/bby\/wp-json\/wp\/v2\/types\/post"}],"author":[{"embeddable":true,"href":"https:\/\/www.bbyhaber.com\/bby\/wp-json\/wp\/v2\/users\/1"}],"replies":[{"embeddable":true,"href":"https:\/\/www.bbyhaber.com\/bby\/wp-json\/wp\/v2\/comments?post=26480"}],"version-history":[{"count":4,"href":"https:\/\/www.bbyhaber.com\/bby\/wp-json\/wp\/v2\/posts\/26480\/revisions"}],"predecessor-version":[{"id":26485,"href":"https:\/\/www.bbyhaber.com\/bby\/wp-json\/wp\/v2\/posts\/26480\/revisions\/26485"}],"wp:featuredmedia":[{"embeddable":true,"href":"https:\/\/www.bbyhaber.com\/bby\/wp-json\/wp\/v2\/media\/26481"}],"wp:attachment":[{"href":"https:\/\/www.bbyhaber.com\/bby\/wp-json\/wp\/v2\/media?parent=26480"}],"wp:term":[{"taxonomy":"category","embeddable":true,"href":"https:\/\/www.bbyhaber.com\/bby\/wp-json\/wp\/v2\/categories?post=26480"},{"taxonomy":"post_tag","embeddable":true,"href":"https:\/\/www.bbyhaber.com\/bby\/wp-json\/wp\/v2\/tags?post=26480"}],"curies":[{"name":"wp","href":"https:\/\/api.w.org\/{rel}","templated":true}]}}