{"id":26474,"date":"2019-04-11T08:30:43","date_gmt":"2019-04-11T05:30:43","guid":{"rendered":"http:\/\/www.bbyhaber.com\/bby\/?p=26474"},"modified":"2019-04-12T10:37:57","modified_gmt":"2019-04-12T07:37:57","slug":"kim-kiminle-nerede-cem-ozel","status":"publish","type":"post","link":"https:\/\/www.bbyhaber.com\/bby\/2019\/04\/11\/kim-kiminle-nerede-cem-ozel","title":{"rendered":"Kim, Kiminle, Nerede? | Cem \u00d6ZEL"},"content":{"rendered":"<p>[avatar user=&#8221;cemozel&#8221; \/]<a href=\"http:\/\/www.bbyhaber.com\/bby\/author\/cemozel\"><br \/>\nCem \u00d6ZEL<\/a><br \/>\n<strong>Kullan\u0131c\u0131 Hizmetleri Y\u00f6neticisi\/Sabanc\u0131 \u00dcniversitesi Bilgi Merkezi<\/strong><\/p>\n<p><a href=\"http:\/\/www.bbyhaber.com\/bby\/wp-content\/uploads\/2019\/04\/kim-kiminle-nerede.jpg\"><img loading=\"lazy\" decoding=\"async\" class=\"alignleft size-full wp-image-26475\" src=\"http:\/\/www.bbyhaber.com\/bby\/wp-content\/uploads\/2019\/04\/kim-kiminle-nerede.jpg\" alt=\"\" width=\"390\" height=\"180\" \/><\/a>Bilgi profesyonelleri olarak kullan\u0131c\u0131lara \u00e7e\u015fitli sunumlar yapmak, verilen hizmet ve olanaklar\u0131 en iyi \u015fekilde anlatabilmek bizim i\u00e7in b\u00fcy\u00fck bir f\u0131rsatt\u0131r.<\/p>\n<p>Sabanc\u0131 \u00dcniversitesi Bilgi Merkezi olarak b\u00fct\u00fcn kullan\u0131c\u0131 gruplar\u0131na bireysel ve grup olarak oryantasyonlar veriyoruz. Bizim burada anlataca\u011f\u0131m\u0131z k\u0131s\u0131m ise do\u011frudan do\u011fruya \u00f6\u011fretim \u00fcyelerimize yapt\u0131\u011f\u0131m\u0131z sunumlard\u0131r. \u00d6\u011fretim \u00fcyelerimizi tek tek davet edip onlara a\u015fa\u011f\u0131daki konularda ayr\u0131nt\u0131l\u0131 sunumlar yap\u0131yoruz.<!--more--><\/p>\n<p>* Akademik Performans De\u011ferlendirme \u00dcr\u00fcnleri:<\/p>\n<p>&#8211; \u201cInCites\u201d<\/p>\n<p>&#8211; \u201cSciVal\u201d<\/p>\n<p>* A\u00e7\u0131k Eri\u015fim, A\u00e7\u0131k Veri, A\u00e7\u0131k Bilim<\/p>\n<p>\u201cAra\u015ft\u0131rma Veritaban\u0131\u201dm\u0131zdan sorumlu arkada\u015f\u0131m Burcu Ersoy\u2019la birlikte yapm\u0131\u015f oldu\u011fumuz bu sunumlarda zaman zaman \u00e7ok yerinde geribildirimler de al\u0131yoruz.<\/p>\n<p>Her y\u0131l onlarca \u00f6\u011fretim \u00fcyemize ula\u015ft\u0131\u011f\u0131m\u0131z bireysel oryantasyonlarda G\u00fcz d\u00f6neminden itibaren bu y\u0131l da 28 \u00f6\u011fretim \u00fcyemize ula\u015ft\u0131k. Onlara toplu olarak sunum yapmaktansa birer saatlik bireysel sunumlar yap\u0131yoruz. Onlar\u0131 Bilgi Merkezi\u2019ne davet edip rahat bir ortamda soru sorabilmelerini de sa\u011fl\u0131yoruz. Baz\u0131 \u00f6\u011fretim \u00fcyelerimiz, bireysel anlamda vermi\u015f oldu\u011fumuz bu sunumlar\u0131, bizim i\u00e7in zahmetli bulduklar\u0131n\u0131 s\u00f6yl\u00fcyorlar ve verdi\u011fimiz emek ve zaman i\u00e7in de \u00e7ok memnun olduklar\u0131n\u0131 ifade ediyorlar.<\/p>\n<p>Ge\u00e7en hafta bir \u00f6\u011fretim \u00fcyemiz, makalesini g\u00f6nderdi\u011fi derginin performans\u0131n\u0131 merak etti. Ayn\u0131 konu ba\u015fl\u0131\u011f\u0131ndaki di\u011fer dergilerle k\u0131yaslad\u0131\u011f\u0131m\u0131zda ke\u015fke bu toplant\u0131ya daha erken gelebilseydim \u015feklinde bir hay\u0131flanmada bulundu.<\/p>\n<p>Yine bir ba\u015fka \u00f6\u011fretim \u00fcyemiz ise, \u00f6zellikle Scival ve Incites sunumlar\u0131n\u0131 dinlerken biraz da g\u00fclerek \u201cOoo! Buras\u0131 tam bir akademik dedikodu veritaban\u0131ym\u0131\u015f\u201d diyerek i\u015fi \u015fakaya d\u00f6kt\u00fc; ama hakl\u0131l\u0131k pay\u0131 da yok de\u011fildi; \u00e7\u00fcnk\u00fc kim, nerede, ne zaman, kimlerle yay\u0131n yapm\u0131\u015f, gibi bilgilere ula\u015fabiliyorsunuz.<\/p>\n<p>Zaman zaman da \u00e7ok yerinde geribildirimler al\u0131yoruz bu anlatt\u0131klar\u0131m\u0131za dair. \u00d6zellikle at\u0131f indekslerinde ya\u015fad\u0131klar\u0131 sorunlar\u0131 bizimle payla\u015f\u0131yorlar biz de bu sorunlar\u0131 ilgili firma yetkililerine iletiyoruz. Ge\u00e7en hafta bir \u00f6\u011fretim \u00fcyemizin Web of Science\u2019ta ya\u015fad\u0131\u011f\u0131 bir sorun vard\u0131 ki, o da ba\u015fl\u0131 ba\u015f\u0131na bir yaz\u0131 konusu olacak nitelikte oldu\u011fu i\u00e7in onu buraya almad\u0131k. Sonraki yaz\u0131lar\u0131m\u0131zda bu sorundan da bahsedece\u011fiz. Web of Science\u2019ta yay\u0131n\u0131 olup da at\u0131f alan b\u00fct\u00fcn ara\u015ft\u0131r\u0131c\u0131lar\u0131 yak\u0131ndan ilgilendiren bu konuyla ilgili \u00f6n\u00fcm\u00fczdeki haftalarda bir yaz\u0131 yazaca\u011f\u0131z diyelim ve noktay\u0131 koyal\u0131m.<\/p>\n<p>Bu oryantasyonlar s\u00fcresince yolu Bilgi Merkezi\u2019nden uzun zamand\u0131r ge\u00e7memi\u015f \u00f6\u011fretim \u00fcyelerimizin de Bilgi Merkezi\u2019ne gelmelerini sa\u011fl\u0131yoruz. Sunum sonras\u0131nda \u00f6zellikle yeni \u00f6\u011fretim \u00fcyelerimize hizmet ve olanaklar\u0131m\u0131z\u0131 bir kez daha hat\u0131rlat\u0131yor, uzun s\u00fcre \u00fcniversitemizde bulunan \u00f6\u011fretim \u00fcyelerimize de yeni hizmet ve olanaklar\u0131m\u0131z\u0131 anlatma f\u0131rsat\u0131 buluyoruz. Son s\u00f6z olarak da Bilgi Merkezi ile ilgili istek, \u00f6neri ve \u015fikayetleri konusunda g\u00f6r\u00fc\u015flerini almaya \u00e7al\u0131\u015f\u0131yoruz. Bilgi Merkezi hakk\u0131ndaki olumlu d\u00fc\u015f\u00fcncelerini almak bizim i\u00e7in, sunumlar\u0131n yorgunlu\u011funu atma konusunda, ila\u00e7 gibi geliyor. \u00d6nerileri oldu\u011funda da mutlaka onlar\u0131 not ediyoruz ve yap\u0131lan g\u00fcncellemeleri kendilerine iletiyoruz.<\/p>\n<p>G\u00f6zlemledi\u011fimiz kadar\u0131yla yapm\u0131\u015f oldu\u011fumuz bu bireysel sunumlar, Bilgi Merkezi a\u00e7\u0131s\u0131ndan hem g\u00f6r\u00fcn\u00fcrl\u00fc\u011f\u00fcm\u00fcz\u00fc hem de tan\u0131n\u0131rl\u0131\u011f\u0131m\u0131z\u0131 sa\u011fl\u0131yor; \u00f6\u011fretim \u00fcyelerimiz a\u00e7\u0131s\u0131ndan da bir yenilenmeyi sa\u011fl\u0131yor ve bilgilerinin g\u00fcncellenmesine vesile oluyor. Sonras\u0131nda onlarla ileti\u015fimde bulunup ortak \u00e7al\u0131\u015fmalar da yap\u0131yoruz. Bilim, k\u00fclt\u00fcr, sanat ve di\u011fer alanlarda \u00e7ok de\u011ferli ki\u015fileri kullan\u0131c\u0131lar\u0131m\u0131zla bulu\u015fturdu\u011fumuz\/bulu\u015fturaca\u011f\u0131m\u0131z \u201cBM S\u00f6yle\u015fileri\u201d etkinli\u011fimizin ilkinin bu \u015fekilde ger\u00e7ekle\u015fmesi, bu sunumlar\u0131n ilk meyvesi olarak kendi yak\u0131n tarihimizin \u015fimdilik tozsuz sayfalar\u0131na derkenar oldu.<\/p>\n<p>Bu sunumlar\u0131n a\u2019dan z\u2019ye kadar olan olu\u015fum s\u00fcre\u00e7leriyle ilgili bilgi almak isteyen meslekta\u015flar\u0131m\u0131z olursa, bize ula\u015ft\u0131klar\u0131nda daha detayl\u0131 bilgi vermek isteriz.<\/p>\n","protected":false},"excerpt":{"rendered":"<p>[avatar user=&#8221;cemozel&#8221; \/] Cem \u00d6ZEL Kullan\u0131c\u0131 Hizmetleri Y\u00f6neticisi\/Sabanc\u0131 \u00dcniversitesi Bilgi Merkezi Bilgi profesyonelleri olarak kullan\u0131c\u0131lara \u00e7e\u015fitli sunumlar yapmak, verilen hizmet ve olanaklar\u0131 en iyi \u015fekilde anlatabilmek bizim i\u00e7in b\u00fcy\u00fck bir f\u0131rsatt\u0131r. Sabanc\u0131 \u00dcniversitesi Bilgi Merkezi olarak b\u00fct\u00fcn kullan\u0131c\u0131 gruplar\u0131na bireysel ve grup olarak oryantasyonlar veriyoruz. Bizim burada anlataca\u011f\u0131m\u0131z k\u0131s\u0131m ise do\u011frudan do\u011fruya \u00f6\u011fretim \u00fcyelerimize yapt\u0131\u011f\u0131m\u0131z [&hellip;]<\/p>\n","protected":false},"author":143,"featured_media":26475,"comment_status":"open","ping_status":"open","sticky":false,"template":"","format":"standard","meta":{"footnotes":""},"categories":[1478],"tags":[1460],"class_list":["post-26474","post","type-post","status-publish","format-standard","has-post-thumbnail","hentry","category-cem-ozel","tag-kose-yazarlari"],"_links":{"self":[{"href":"https:\/\/www.bbyhaber.com\/bby\/wp-json\/wp\/v2\/posts\/26474"}],"collection":[{"href":"https:\/\/www.bbyhaber.com\/bby\/wp-json\/wp\/v2\/posts"}],"about":[{"href":"https:\/\/www.bbyhaber.com\/bby\/wp-json\/wp\/v2\/types\/post"}],"author":[{"embeddable":true,"href":"https:\/\/www.bbyhaber.com\/bby\/wp-json\/wp\/v2\/users\/143"}],"replies":[{"embeddable":true,"href":"https:\/\/www.bbyhaber.com\/bby\/wp-json\/wp\/v2\/comments?post=26474"}],"version-history":[{"count":3,"href":"https:\/\/www.bbyhaber.com\/bby\/wp-json\/wp\/v2\/posts\/26474\/revisions"}],"predecessor-version":[{"id":26479,"href":"https:\/\/www.bbyhaber.com\/bby\/wp-json\/wp\/v2\/posts\/26474\/revisions\/26479"}],"wp:featuredmedia":[{"embeddable":true,"href":"https:\/\/www.bbyhaber.com\/bby\/wp-json\/wp\/v2\/media\/26475"}],"wp:attachment":[{"href":"https:\/\/www.bbyhaber.com\/bby\/wp-json\/wp\/v2\/media?parent=26474"}],"wp:term":[{"taxonomy":"category","embeddable":true,"href":"https:\/\/www.bbyhaber.com\/bby\/wp-json\/wp\/v2\/categories?post=26474"},{"taxonomy":"post_tag","embeddable":true,"href":"https:\/\/www.bbyhaber.com\/bby\/wp-json\/wp\/v2\/tags?post=26474"}],"curies":[{"name":"wp","href":"https:\/\/api.w.org\/{rel}","templated":true}]}}