{"id":26463,"date":"2018-10-10T20:48:50","date_gmt":"2018-10-10T17:48:50","guid":{"rendered":"http:\/\/www.bbyhaber.com\/blog\/?p=24822"},"modified":"2018-10-10T20:48:50","modified_gmt":"2018-10-10T17:48:50","slug":"biride-demiyor-ki-kutuphanelerin-bagis-kitap-alma-politikasi-var","status":"publish","type":"post","link":"https:\/\/www.bbyhaber.com\/bby\/2018\/10\/10\/biride-demiyor-ki-kutuphanelerin-bagis-kitap-alma-politikasi-var","title":{"rendered":"Biride Demiyor Ki K\u00fct\u00fcphanelerin Ba\u011f\u0131\u015f Kitap Alma Politikas\u0131 Var!"},"content":{"rendered":"<p>Merhabalar,<\/p>\n<p>K\u00fct\u00fcphane koleksiyonlar\u0131n\u0131 zenginle\u015ftiren kullan\u0131c\u0131lar\u0131d\u0131r.<\/p>\n<p>K\u00fct\u00fcphanenin ve kitab\u0131n \u00f6nemini bilen ve destek olan b\u00fct\u00fcn dostlara sonsuz sayg\u0131lar\u0131m\u0131 sunar\u0131m.<\/p>\n<p>K\u00fct\u00fcphanelerin s\u0131n\u0131rs\u0131z olanaklar\u0131 yoktur, b\u00fct\u00e7e, bina ve insan kaynaklar\u0131 olanaklar\u0131na g\u00f6re planlamalar\u0131n\u0131 yapmakta ve koleksiyonu hakk\u0131nda stratejik planlar olu\u015fturmaktad\u0131r.<\/p>\n<p><strong>Kitap Ba\u011f\u0131\u015f\u0131 Yapanlar\u0131n Profili<\/strong><\/p>\n<p>Ba\u011f\u0131\u015f\u00e7\u0131 zanneder ki d\u00fcnyan\u0131n e\u015fi benzeri olmayan kitaplar\u0131 kendinde var ve sizin k\u00fct\u00fcphanenizi se\u00e7ti\u011fi i\u00e7in ona minnet duyman\u0131z gerekir.<\/p>\n<p>Bizler biraz m\u00fctevaz\u0131 insanlar oldu\u011fumuz i\u00e7in ba\u011f\u0131\u015f\u00e7\u0131ya \u015funu demekte zorlan\u0131r\u0131z: Asl\u0131nda sizin kitaplar\u0131n \u00e7o\u011fu bizim k\u00fct\u00fcphanede var isterseniz ba\u015fka yere ba\u011f\u0131\u015flay\u0131n\u2026 Bu ac\u0131 fakat ger\u00e7ek durumun ba\u011f\u0131\u015f\u00e7\u0131y\u0131 incitmesini istemeyiz. Farkl\u0131 s\u00f6ylemler geli\u015ftiririz. Kitaplar\u0131n\u0131z \u00e7ok de\u011ferli fakat bizde oldu\u011fu i\u00e7in ba\u015fka kurumlar\u0131n \u00e7ok i\u015fine yarayabilir deriz.<\/p>\n<p>Ba\u011f\u0131\u015f\u00e7\u0131 zanneder ki kitaplar\u0131 ba\u011f\u0131\u015flay\u0131nca ismi sonsuza kadar kitaplar\u0131n \u00fczerinde ya\u015fayacak.<\/p>\n<p>B\u00f6yle biri durum yoktur asl\u0131nda kitab\u0131n \u00fczerine yaz\u0131lan ba\u011f\u0131\u015f\u00e7\u0131 ismi kitab\u0131n \u00f6mr\u00fc kadar ya\u015far. Birde \u015funu anlamam ba\u011f\u0131\u015f\u00e7\u0131lar neden isimlerini kitaplar\u0131n \u00fczerine yazd\u0131r\u0131rlar. Madem bir hay\u0131r yapt\u0131n\u0131z kimselerin bilmemesi daha iyi olmaz m\u0131?<\/p>\n<p>Ba\u011f\u0131\u015f\u00e7\u0131 a\u00e7\u0131s\u0131ndan kitaplar\u0131 \u00e7ok de\u011ferli oldu\u011fu i\u00e7in ayr\u0131 yerde sergilenmesini ister\u2026<\/p>\n<p>\u00c7ok de\u011ferli dedi\u011fi kitaplar asl\u0131nda ya emekli oldu\u011fu i\u00e7in evinde uygun ortam\u0131 yoktur ya da ta\u015f\u0131nacakt\u0131r u\u011fra\u015fmak istemedi\u011fi i\u00e7in ba\u011f\u0131\u015flamaya karar verdi\u011fi kitaplard\u0131r. Birde \u00fcst\u00fcne ayr\u0131 raf ister raf\u0131n \u00fczerine de isminin yaz\u0131lmas\u0131n\u0131 ister\u2026 Ya sab\u0131r diyorum\u2026.<\/p>\n<p><strong>Ba\u011f\u0131\u015f\u00e7\u0131lar \u00c7ok \u015eey \u0130ster K\u00fct\u00fcphaneciler Ne S\u00f6yler<\/strong><\/p>\n<ul>\n<li>K\u00fct\u00fcphanelerin koleksiyon geli\u015ftirme politikalar\u0131 vard\u0131r her gelen ba\u011f\u0131\u015f\u0131 kabul etmek zorunda de\u011fildir.<\/li>\n<li>Ba\u011f\u0131\u015f yay\u0131n ihtiyac\u0131 olan kuruma verilmelidir. \u0130htiyac\u0131 olmayan kuruma ba\u011f\u0131\u015f yap\u0131lmas\u0131 israft\u0131r.<\/li>\n<li>Nadir eser de\u011filse ba\u011f\u0131\u015f kitaplar i\u00e7in ayr\u0131 odalar veya salonlar olu\u015fturulmas\u0131 kaynak israf\u0131d\u0131r. Kullan\u0131m oranlar\u0131na bakmak gerekir.<\/li>\n<li>Kitaplar \u00f6d\u00fcn\u00e7 veriliyorsa, kullan\u0131c\u0131ya a\u00e7\u0131k mek\u00e2nda bulunuyorsa ve \u00f6zel koruma y\u00f6ntemleri yoksa kaybolur bu olabilir\u2026 Ba\u011f\u0131\u015f\u00e7\u0131n\u0131n bu durumu bilmesi gerekir<\/li>\n<\/ul>\n<p><strong>K\u00fct\u00fcphanecilere \u00f6nerim ba\u011f\u0131\u015f\u00e7\u0131n\u0131n \u00f6zel istekleri var ise, ayr\u0131 salon, \u00f6d\u00fcn\u00e7 verme kural\u0131 vb. bu konuda \u00dcniversiteler i\u00e7in y\u00f6netim kurulundan karar \u00e7\u0131kartmakta fayda var. <\/strong><\/p>\n<p><strong>Ya da \u00f6zel bir anla\u015fma yap\u0131lmal\u0131. \u00a0Ayr\u0131ca bu karar veya anla\u015fmalarda ba\u011f\u0131\u015f\u00e7\u0131n\u0131n \u00f6zel isteklerinin bir s\u00fcresi olmas\u0131 gerekir. Bu s\u00fcrelerin bitiminde ba\u011f\u0131\u015f kitaplar hakk\u0131nda tasarruf K\u00fct\u00fcphanelere ait olmal\u0131..<\/strong><\/p>\n<p>Amac\u0131m kimseyi \u00fczmek de\u011fil fakat K\u00fct\u00fcphanelerde \u00e7al\u0131\u015fan ve y\u00f6neten insanlar var.<\/p>\n<p>Biraz sayg\u0131 l\u00fctfen\u2026<\/p>\n","protected":false},"excerpt":{"rendered":"<p>Merhabalar, K\u00fct\u00fcphane koleksiyonlar\u0131n\u0131 zenginle\u015ftiren kullan\u0131c\u0131lar\u0131d\u0131r. K\u00fct\u00fcphanenin ve kitab\u0131n \u00f6nemini bilen ve destek olan b\u00fct\u00fcn dostlara sonsuz sayg\u0131lar\u0131m\u0131 sunar\u0131m. K\u00fct\u00fcphanelerin s\u0131n\u0131rs\u0131z olanaklar\u0131 yoktur, b\u00fct\u00e7e, bina ve insan kaynaklar\u0131 olanaklar\u0131na g\u00f6re planlamalar\u0131n\u0131 yapmakta ve koleksiyonu hakk\u0131nda stratejik planlar olu\u015fturmaktad\u0131r. Kitap Ba\u011f\u0131\u015f\u0131 Yapanlar\u0131n Profili Ba\u011f\u0131\u015f\u00e7\u0131 zanneder ki d\u00fcnyan\u0131n e\u015fi benzeri olmayan kitaplar\u0131 kendinde var ve sizin k\u00fct\u00fcphanenizi se\u00e7ti\u011fi [&hellip;]<\/p>\n","protected":false},"author":154,"featured_media":24814,"comment_status":"open","ping_status":"open","sticky":false,"template":"","format":"standard","meta":{"footnotes":""},"categories":[1],"tags":[1436],"class_list":["post-26463","post","type-post","status-publish","format-standard","has-post-thumbnail","hentry","category-genel","tag-kutuphaneler"],"_links":{"self":[{"href":"https:\/\/www.bbyhaber.com\/bby\/wp-json\/wp\/v2\/posts\/26463"}],"collection":[{"href":"https:\/\/www.bbyhaber.com\/bby\/wp-json\/wp\/v2\/posts"}],"about":[{"href":"https:\/\/www.bbyhaber.com\/bby\/wp-json\/wp\/v2\/types\/post"}],"author":[{"embeddable":true,"href":"https:\/\/www.bbyhaber.com\/bby\/wp-json\/wp\/v2\/users\/154"}],"replies":[{"embeddable":true,"href":"https:\/\/www.bbyhaber.com\/bby\/wp-json\/wp\/v2\/comments?post=26463"}],"version-history":[{"count":0,"href":"https:\/\/www.bbyhaber.com\/bby\/wp-json\/wp\/v2\/posts\/26463\/revisions"}],"wp:featuredmedia":[{"embeddable":true,"href":"https:\/\/www.bbyhaber.com\/bby\/wp-json\/"}],"wp:attachment":[{"href":"https:\/\/www.bbyhaber.com\/bby\/wp-json\/wp\/v2\/media?parent=26463"}],"wp:term":[{"taxonomy":"category","embeddable":true,"href":"https:\/\/www.bbyhaber.com\/bby\/wp-json\/wp\/v2\/categories?post=26463"},{"taxonomy":"post_tag","embeddable":true,"href":"https:\/\/www.bbyhaber.com\/bby\/wp-json\/wp\/v2\/tags?post=26463"}],"curies":[{"name":"wp","href":"https:\/\/api.w.org\/{rel}","templated":true}]}}