{"id":26462,"date":"2018-09-25T20:37:15","date_gmt":"2018-09-25T17:37:15","guid":{"rendered":"http:\/\/www.bbyhaber.com\/blog\/?p=24818"},"modified":"2018-09-25T20:37:15","modified_gmt":"2018-09-25T17:37:15","slug":"sessiz-bir-ciglik-bbykadroistiyor","status":"publish","type":"post","link":"https:\/\/www.bbyhaber.com\/bby\/2018\/09\/25\/sessiz-bir-ciglik-bbykadroistiyor","title":{"rendered":"Sessiz Bir \u00c7\u0131\u011fl\u0131k: BBYKadroistiyor"},"content":{"rendered":"<p>Merhaba,<\/p>\n<p>Sosyal medyada, KUTUP-L ve \u00e7e\u015fitli internet sitelerinde <strong>\u201cBBY mezunlar\u0131 kadrolara dair ortak bildiri yay\u0131nlad\u0131\u201d<\/strong><\/p>\n<p>Bu payla\u015f\u0131mlar beni eskilere g\u00f6t\u00fcrd\u00fc. Ne yaz\u0131k ki 2001 mezunlar\u0131 da benzer ekonomik sorunlar\u0131n oldu\u011fu bir d\u00f6nemde mezun oldu.<\/p>\n<p>O zamanlar sosyal medya olmad\u0131\u011f\u0131 i\u00e7in ya da bizlerin imk\u00e2n\u0131 olmad\u0131\u011f\u0131 i\u00e7in pek bir araya gelip sesimizi duyuramad\u0131k.<\/p>\n<p>Devlet veya \u00f6zel sekt\u00f6rde \u00e7al\u0131\u015fan k\u00fct\u00fcphaneci meslekta\u015flar bir araya gelip mesleki konularda ortak bildiriler haz\u0131rlayamazken \u201cAnkara, Atat\u00fcrk, \u00c7ank\u0131r\u0131, Hacettepe, \u0130stanbul, Marmara ve Y\u0131ld\u0131r\u0131m Beyaz\u0131t \u00dcniversitelerinden mezun \u00f6\u011frencilerin b\u00f6yle bir yaz\u0131 kaleme almas\u0131 bir k\u00fct\u00fcphaneci olarak beni umutland\u0131rd\u0131.\u201d<\/p>\n<p><a class=\"external external_icon\" href=\"http:\/\/www.bbyhaber.com\/bby\/2018\/09\/11\/bby-mezunlari-kadrolara-dair-ortak-bildiri-yayinladi\" target=\"_blank\" rel=\"noopener nofollow\">Bildiriyi okumak i\u00e7in t\u0131klay\u0131n\u0131z<\/a><\/p>\n<p><strong>E\u015fekten D\u00fc\u015fenin Halinden E\u015fekten D\u00fc\u015fen Anlar<\/strong><\/p>\n<p>\u0130stanbul \u00dcniversitesi\u2019nden 2001 y\u0131l\u0131nda mezun olunca \u00fclkemizdeki ekonomik kriz ortam\u0131 herkes gibi bizim d\u00f6nemin mezunlar\u0131n\u0131 da derinden etkiledi.<\/p>\n<p>Bizden bir \u00f6nceki d\u00f6nem mezunlar\u0131n\u0131n \u00f6\u011fretmenlik haklar\u0131 vard\u0131. 1997 y\u0131l\u0131nda K\u00fct\u00fcphanecilik b\u00f6l\u00fcmlerinde okuyanlar bu haktan da mahrum oldu\u2026<\/p>\n<p>\u0130lk ba\u015fta buna \u00fcz\u00fclsem de y\u0131llar ge\u00e7ince anlad\u0131m ki mesle\u011fimiz ad\u0131na iyi oldu.<\/p>\n<p>Mezun \u00d6\u011frenciler Bildirinin Sonunda <strong>\u201cBize destek olur musunuz? Yol g\u00f6sterir misiniz?\u201d<\/strong> \u015feklinde b\u00fct\u00fcn meslekta\u015flara bir sorun y\u00f6neltmi\u015f.<\/p>\n<p>Bu soruya ka\u00e7 ki\u015fi cevap verdi bilmiyorum belki ilerleyen g\u00fcnlerde bir a\u00e7\u0131klama olur.<\/p>\n<p>Sivil toplum kurulu\u015flar\u0131m\u0131z\u0131n y\u00f6neticileri;<\/p>\n<p>TKD Ba\u015fkan\u0131 Ali Fuat KARTAL, \u00a0Okul K\u00fct\u00fcphanecileri Derne\u011fi Ba\u015fkan\u0131 Ayd\u0131n \u0130LER\u0130\u2019 de konu hakk\u0131nda a\u00e7\u0131klamalarda bulundular ve bu konudaki d\u00fc\u015f\u00fcncelerin internet ortam\u0131nda yay\u0131nlad\u0131lar.<\/p>\n<p>K\u00fct\u00fcphaneci istihdam\u0131 konusunda \u201c<strong>Erol Y\u0131lmaz<\/strong>\u2019\u0131\u201d unutmamak gerekir. Hem k\u00f6\u015fe yaz\u0131lar\u0131nda hem de sosyal medya payla\u015f\u0131mlar\u0131nda meslekta\u015f duyarl\u0131l\u0131\u011f\u0131 ile \u00e7ok g\u00fczel yaz\u0131lar kaleme ald\u0131.<\/p>\n<p><strong>#bbykadroistiyor Yan\u0131nda Ba\u015fka \u201chashtag\u201d Kullan\u0131labilir Mi?<\/strong><\/p>\n<p>Sosyal medya da K\u00fct\u00fcphaneci istihdam\u0131 konusunda devlet kurumlar\u0131na g\u00f6re \u201chashtag\u201d a\u00e7\u0131labilir mi?<\/p>\n<p><strong>Okul K\u00fct\u00fcphaneciler Derne\u011finin \u201cOkuma K\u00fclt\u00fcr\u00fc ve Okul K\u00fct\u00fcphaneleri Raporu 2017\u201d<\/strong><\/p>\n<p>Raporuna g\u00f6re: Milli E\u011fitim Bakanl\u0131\u011f\u0131n\u0131n resmi okullar\u0131nda \u00e7al\u0131\u015fan k\u00fct\u00fcphaneci say\u0131s\u0131 (0) s\u0131f\u0131rd\u0131r.<\/p>\n<p>Kaynak\u00e7a: <a class=\"external external_icon\" href=\"http:\/\/okulkutuphanecileri.org\/images\/abook_file\/OKR2017.pdf\" target=\"_blank\" rel=\"nofollow noopener\">http:\/\/okulkutuphanecileri.org\/images\/abook_file\/OKR2017.pdf<\/a><\/p>\n<p><strong>Sosyal medya da \u00f6zellikle bu konuya dikkat \u00e7ekilebilir mi?<\/strong><\/p>\n<p>Twitter i\u015fini pek anlamam fakat \u015f\u00f6yle \u201chashtag\u201d payla\u015f\u0131m\u0131 olabilir mi?<\/p>\n<p><strong>#MEBK\u00fct\u00fcphaneciistiyor<\/strong><\/p>\n<p><strong>#MEBOkullar\u0131ndaK\u00fct\u00fcphaneciYok<\/strong><\/p>\n<p><strong>#HerOkulaK\u00fct\u00fcphaneci<\/strong><\/p>\n<p>Belirli Saatlerde Bu Payla\u015f\u0131mlar Yap\u0131larak Twitter\u2019de \u00dcst S\u0131ralara \u00c7\u0131k\u0131labilir Mi?<\/p>\n<p>\u00d6rne\u011fin bir g\u00fcn \u00f6ncesinden duyuru yap\u0131l\u0131p belirli bir saatte Twitter payla\u015f\u0131mlar\u0131 artt\u0131r\u0131l\u0131p sosyal medya da payla\u015f\u0131mlar \u00fcst s\u0131ralara \u00e7\u0131kar\u0131labilir mi?<\/p>\n<p><strong>Ben Nas\u0131l Bir Yol G\u00f6sterebilirim?<\/strong><\/p>\n<p>2001 krizini ya\u015fam\u0131\u015f biri olarak nas\u0131l bir yol g\u00f6sterebilirim diye kendi kendime d\u00fc\u015f\u00fcnd\u00fcm. B\u00fct\u00fcn mezun arkada\u015flar\u0131m\u0131n k\u00fct\u00fcphaneci olarak \u00e7al\u0131\u015fmas\u0131n\u0131 can\u0131 g\u00f6n\u00fclden isterim.<\/p>\n<p>Fakat hayat da devam ediyor. Kadro \u00e7\u0131kmad\u0131 diye de karalar ba\u011flamaya gerek yok. Farkl\u0131 sekt\u00f6rlere y\u00f6nelebilirsiniz. Ben ba\u015far\u0131yla yapaca\u011f\u0131n\u0131za inan\u0131yorum.<\/p>\n<p>Ben de ayn\u0131 yollardan ge\u00e7tim. Marketinden tutunda Lojistik i\u015fine kadar fark\u0131 sekt\u00f6rlerde \u00e7al\u0131\u015ft\u0131m. \u0130lk ba\u015flarda \u00fcz\u00fclsem de bana bu i\u015fler \u00e7ok \u015fey katt\u0131. \u00c7ok farl\u0131 tecr\u00fcbeler edindim. \u015euan meslek hayat\u0131mda bu tecr\u00fcbeleri kullan\u0131yorum.<\/p>\n<p>Son olarak hayata umutla bak\u0131n..<\/p>\n<p>Her \u015fey g\u00f6nl\u00fcn\u00fczce olur in\u015fallah\u2026<\/p>\n<p>Kaynak\u00e7a:\u00a0https:\/\/ihalekutuphane.com\/2018\/09\/22\/sessiz-bir-ciglik-bbykadroistiyor\/<\/p>\n<p>&nbsp;<\/p>\n","protected":false},"excerpt":{"rendered":"<p>Merhaba, Sosyal medyada, KUTUP-L ve \u00e7e\u015fitli internet sitelerinde \u201cBBY mezunlar\u0131 kadrolara dair ortak bildiri yay\u0131nlad\u0131\u201d Bu payla\u015f\u0131mlar beni eskilere g\u00f6t\u00fcrd\u00fc. Ne yaz\u0131k ki 2001 mezunlar\u0131 da benzer ekonomik sorunlar\u0131n oldu\u011fu bir d\u00f6nemde mezun oldu. O zamanlar sosyal medya olmad\u0131\u011f\u0131 i\u00e7in ya da bizlerin imk\u00e2n\u0131 olmad\u0131\u011f\u0131 i\u00e7in pek bir araya gelip sesimizi duyuramad\u0131k. Devlet veya \u00f6zel [&hellip;]<\/p>\n","protected":false},"author":154,"featured_media":24814,"comment_status":"open","ping_status":"open","sticky":false,"template":"","format":"standard","meta":{"footnotes":""},"categories":[1],"tags":[],"class_list":["post-26462","post","type-post","status-publish","format-standard","has-post-thumbnail","hentry","category-genel"],"_links":{"self":[{"href":"https:\/\/www.bbyhaber.com\/bby\/wp-json\/wp\/v2\/posts\/26462"}],"collection":[{"href":"https:\/\/www.bbyhaber.com\/bby\/wp-json\/wp\/v2\/posts"}],"about":[{"href":"https:\/\/www.bbyhaber.com\/bby\/wp-json\/wp\/v2\/types\/post"}],"author":[{"embeddable":true,"href":"https:\/\/www.bbyhaber.com\/bby\/wp-json\/wp\/v2\/users\/154"}],"replies":[{"embeddable":true,"href":"https:\/\/www.bbyhaber.com\/bby\/wp-json\/wp\/v2\/comments?post=26462"}],"version-history":[{"count":0,"href":"https:\/\/www.bbyhaber.com\/bby\/wp-json\/wp\/v2\/posts\/26462\/revisions"}],"wp:featuredmedia":[{"embeddable":true,"href":"https:\/\/www.bbyhaber.com\/bby\/wp-json\/"}],"wp:attachment":[{"href":"https:\/\/www.bbyhaber.com\/bby\/wp-json\/wp\/v2\/media?parent=26462"}],"wp:term":[{"taxonomy":"category","embeddable":true,"href":"https:\/\/www.bbyhaber.com\/bby\/wp-json\/wp\/v2\/categories?post=26462"},{"taxonomy":"post_tag","embeddable":true,"href":"https:\/\/www.bbyhaber.com\/bby\/wp-json\/wp\/v2\/tags?post=26462"}],"curies":[{"name":"wp","href":"https:\/\/api.w.org\/{rel}","templated":true}]}}