{"id":26459,"date":"2018-05-01T16:00:37","date_gmt":"2018-05-01T13:00:37","guid":{"rendered":"http:\/\/ihalekutuphane.com\/?p=951"},"modified":"2018-05-01T16:00:37","modified_gmt":"2018-05-01T13:00:37","slug":"kutuphanelerde-curume-ne-zaman-basladi-bu-ulkenin-dusmanlari-icimizde","status":"publish","type":"post","link":"https:\/\/www.bbyhaber.com\/bby\/2018\/05\/01\/kutuphanelerde-curume-ne-zaman-basladi-bu-ulkenin-dusmanlari-icimizde","title":{"rendered":"K\u00fct\u00fcphanelerde \u00c7\u00fcr\u00fcme Ne Zaman Ba\u015flad\u0131? Bu \u00dclkenin D\u00fc\u015fmanlar\u0131 \u0130\u00e7imizde!!!"},"content":{"rendered":"<p>&nbsp;<\/p>\n<p>Merhabalar,<\/p>\n<p>Bu yaz\u0131y\u0131 okuyanlar ba\u015fl\u0131ktan rahats\u0131z olabilirler fakat konuyu anlatan en uygun ba\u015fl\u0131k bu c\u00fcmle oldu\u011fu i\u00e7in kullanmak zorunda kald\u0131m.<\/p>\n<p><span style=\"color: #ff0000;\"><em><img loading=\"lazy\" decoding=\"async\" class=\"alignleft size-medium wp-image-952\" src=\"http:\/\/ihalekutuphane.com\/wp-content\/uploads\/2018\/05\/kutuphanelerde-curume-ne-zaman-basladi-300x171.jpg\" alt=\"\" width=\"300\" height=\"171\" \/>A\u015fa\u011f\u0131da yazd\u0131klar\u0131m k\u00fct\u00fcphanelerde emek veren mesleki formasyonu olmayan ki\u015filere de\u011fildir. \u00d6yle ki\u015filer tan\u0131yorum ki alaydan yeti\u015fme ve var g\u00fcc\u00fcyle k\u00fct\u00fcphanecilik mesle\u011fine hizmet ediyor.<\/em><\/span><\/p>\n<p>K\u00fct\u00fcphanelerde \u00e7\u00fcr\u00fcme asl\u0131nda ilk <span style=\"color: #ff0000;\">Halk K\u00fct\u00fcphanelerinde<\/span> ba\u015flad\u0131. 1997 y\u0131l\u0131nda \u0130stanbul \u00dcniversitesine ba\u015flad\u0131\u011f\u0131mda fark ettim. Baz\u0131 Halk K\u00fct\u00fcphanelerini ziyaretim s\u0131ras\u0131nda g\u00f6rd\u00fcm ki y\u00f6netim kadrolar\u0131n\u0131 \u00f6\u011fretmenler istila etmi\u015f. K\u00fct\u00fcphaneciler ise daha \u00e7ok kataloglama ve s\u0131n\u0131flama biriminde hizmet vermekte.<\/p>\n<p><span style=\"color: #ff0000;\"><em>Sonra i\u015f hayat\u0131na \u00dcniversitede ba\u015flad\u0131m. \u00c7e\u015fitli toplant\u0131larda tan\u0131\u015ft\u0131\u011f\u0131m meslekta\u015flar\u0131m\u0131n en b\u00fcy\u00fck s\u0131k\u0131nt\u0131s\u0131 K\u00fct\u00fcphaneyi basamak olarak g\u00f6ren veya tatil yeri olarak alg\u0131layan koltuk sevdal\u0131s\u0131 insanlard\u0131.<\/em><\/span><\/p>\n<p>K\u00fct\u00fcphanelerde kimi zaman Daire Ba\u015fkan\u0131 kimi zaman M\u00fcd\u00fcr olan bu ki\u015filer ya cemaat ya da siyaset ya da hem\u015feri arg\u00fcmanlar\u0131n\u0131 kulland\u0131lar. Arg\u00fcmanlar\u0131n bir \u00f6nemi yok\u2026 \u00e7\u00fcnk\u00fc gaye ayn\u0131\u2026<\/p>\n<p><span style=\"color: #ff0000;\">\u00c7\u00fcr\u00fcme Halk K\u00fct\u00fcphaneleri ile ba\u015flad\u0131 oradan \u00dcniversitelere s\u0131\u00e7rad\u0131. S\u0131ra kime geldi? \u00a0Akademiye\u2026.<\/span><\/p>\n<p>\u00c7e\u015fitli \u00fcniversitelerde b\u00f6l\u00fcm a\u00e7\u0131lmaya ba\u015fland\u0131. En son ad\u0131n\u0131 vermeyece\u011fim bir \u00fcniversiteye akademisyen ilan\u0131n\u0131 g\u00f6rd\u00fcn\u00fcz. Tarih\u00e7i ilan\u0131 verildi.<\/p>\n<p><span style=\"color: #ff0000;\">Konuyu ciddiye almal\u0131y\u0131z. B\u00f6l\u00fcmlerin baz\u0131lar\u0131nda K\u00fct\u00fcphanecilik mezunu birka\u00e7 ki\u015fi var.<\/span><\/p>\n<p><span style=\"color: #ff0000;\">Mesle\u011fimizin i\u00e7i bo\u015falt\u0131l\u0131yor.<\/span><\/p>\n<p>En a\u00e7\u0131 veren taraf ise eski b\u00f6l\u00fcmlerin, bu i\u015fin y\u0131llarca eme\u011fini verenlerin bu konuda birka\u00e7 kelam etmemesi. Neyinizden korkuyorsunuz \u00e7o\u011funuz Prof. olmu\u015fsunuz. Art\u0131k kaybedecek bir \u015feyiniz yok\u2026.<\/p>\n<p>B\u0131\u00e7ak sizlere kadar dayand\u0131.<\/p>\n<p><strong><span style=\"color: #ff0000;\">\u00dclke olarak bizi y\u0131kmak isteyen d\u00fc\u015fmanlar\u0131n oldu\u011funa inan\u0131r\u0131z\u2026. Komplo teorileri \u00fcretip kendimizi kand\u0131r\u0131r\u0131z.<\/span><\/strong><\/p>\n<p><strong><span style=\"color: #ff0000;\">As\u0131l d\u00fc\u015fman i\u00e7imizde\u2026.<\/span><\/strong><\/p>\n<p><strong><span style=\"color: #ff0000;\">Liyakatin olmad\u0131\u011f\u0131, eme\u011fin hi\u00e7e say\u0131ld\u0131\u011f\u0131 b\u00fcrokraside ki d\u00fc\u015fman\u0131 temizlemeden toplumsal huzuru sa\u011flayamay\u0131z.<\/span><\/strong><\/p>\n<p><strong><span style=\"color: #ff0000;\">Emek ve Dayan\u0131\u015fma G\u00fcn\u00fc Kutlu Olsun\u2026.<\/span><\/strong><\/p>\n<p>&nbsp;<\/p>\n<p><a href=\"http:\/\/ihalekutuphane.com\/2018\/05\/01\/kutuphanelerde-curume-ne-zaman-basladi-bu-ulkenin-dusmanlari-icimizde\/\" target=\"_blank\" rel=\"noopener\">Kaynak<\/a><\/p>\n","protected":false},"excerpt":{"rendered":"<p>&nbsp; Merhabalar, Bu yaz\u0131y\u0131 okuyanlar ba\u015fl\u0131ktan rahats\u0131z olabilirler fakat konuyu anlatan en uygun ba\u015fl\u0131k bu c\u00fcmle oldu\u011fu i\u00e7in kullanmak zorunda kald\u0131m. A\u015fa\u011f\u0131da yazd\u0131klar\u0131m k\u00fct\u00fcphanelerde emek veren mesleki formasyonu olmayan ki\u015filere de\u011fildir. \u00d6yle ki\u015filer tan\u0131yorum ki alaydan yeti\u015fme ve var g\u00fcc\u00fcyle k\u00fct\u00fcphanecilik mesle\u011fine hizmet ediyor. K\u00fct\u00fcphanelerde \u00e7\u00fcr\u00fcme asl\u0131nda ilk Halk K\u00fct\u00fcphanelerinde ba\u015flad\u0131. 1997 y\u0131l\u0131nda \u0130stanbul \u00dcniversitesine [&hellip;]<\/p>\n","protected":false},"author":154,"featured_media":952,"comment_status":"open","ping_status":"open","sticky":false,"template":"","format":"standard","meta":{"footnotes":""},"categories":[1],"tags":[1173,814],"class_list":["post-26459","post","type-post","status-publish","format-standard","has-post-thumbnail","hentry","category-genel","tag-curume","tag-kutuphane"],"_links":{"self":[{"href":"https:\/\/www.bbyhaber.com\/bby\/wp-json\/wp\/v2\/posts\/26459"}],"collection":[{"href":"https:\/\/www.bbyhaber.com\/bby\/wp-json\/wp\/v2\/posts"}],"about":[{"href":"https:\/\/www.bbyhaber.com\/bby\/wp-json\/wp\/v2\/types\/post"}],"author":[{"embeddable":true,"href":"https:\/\/www.bbyhaber.com\/bby\/wp-json\/wp\/v2\/users\/154"}],"replies":[{"embeddable":true,"href":"https:\/\/www.bbyhaber.com\/bby\/wp-json\/wp\/v2\/comments?post=26459"}],"version-history":[{"count":0,"href":"https:\/\/www.bbyhaber.com\/bby\/wp-json\/wp\/v2\/posts\/26459\/revisions"}],"wp:featuredmedia":[{"embeddable":true,"href":"https:\/\/www.bbyhaber.com\/bby\/wp-json\/"}],"wp:attachment":[{"href":"https:\/\/www.bbyhaber.com\/bby\/wp-json\/wp\/v2\/media?parent=26459"}],"wp:term":[{"taxonomy":"category","embeddable":true,"href":"https:\/\/www.bbyhaber.com\/bby\/wp-json\/wp\/v2\/categories?post=26459"},{"taxonomy":"post_tag","embeddable":true,"href":"https:\/\/www.bbyhaber.com\/bby\/wp-json\/wp\/v2\/tags?post=26459"}],"curies":[{"name":"wp","href":"https:\/\/api.w.org\/{rel}","templated":true}]}}