{"id":26457,"date":"2018-04-14T21:36:38","date_gmt":"2018-04-14T18:36:38","guid":{"rendered":"http:\/\/ihalekutuphane.com\/?p=892"},"modified":"2018-04-14T21:36:38","modified_gmt":"2018-04-14T18:36:38","slug":"kutuphaneci-acigi-ithalat-ile-cozulebilir-mi","status":"publish","type":"post","link":"https:\/\/www.bbyhaber.com\/bby\/2018\/04\/14\/kutuphaneci-acigi-ithalat-ile-cozulebilir-mi","title":{"rendered":"K\u00fct\u00fcphaneci A\u00e7\u0131\u011f\u0131 \u0130thalat ile \u00c7\u00f6z\u00fclebilir Mi?"},"content":{"rendered":"<p style=\"text-align: justify;\">\u00a0 \u00a0 \u00a0 \u00a0 \u00a0 \u00a0 \u00a0 \u00a0 \u00a0 \u00a0 \u00a0 \u00a0 \u00a0 \u00a0 \u00a0 \u00a0 \u00a0 \u00a0 \u00a0 \u00a0 \u00a0 \u00a0 \u00a0 \u00a0 \u00a0 \u00a0 \u00a0 \u00a0 \u00a0 \u00a0 \u00a0 \u00a0 \u00a0 \u00a0 \u00a0 \u00a0 \u00a0 \u00a0 \u00a0 \u00a0 \u00a0 \u00a0 \u00a0 \u00a0 \u00a0 \u00a0Merhabalar,<\/p>\n<p style=\"text-align: justify;\"><img loading=\"lazy\" decoding=\"async\" class=\"alignleft wp-image-899\" src=\"http:\/\/ihalekutuphane.com\/wp-content\/uploads\/2018\/04\/Bilgi-ve-Belge-Y\u00f6netimi-Mezunlar\u0131_2.jpg\" alt=\"\" width=\"271\" height=\"155\" \/>\u00dclkemizin <strong>\u201cK\u00fct\u00fcphaneci\u201d<\/strong> ihtiyac\u0131n\u0131 fark eden b\u00fcy\u00fcklerimiz \u00a0<strong>\u201cBilgi ve Belge Y\u00f6netimi B\u00f6l\u00fcm\u00fc\u201d<\/strong> a\u00e7ma i\u015fine h\u0131z verdi \ud83d\ude42<\/p>\n<p style=\"text-align: justify;\">Mezun K\u00fct\u00fcphaneciler sekt\u00f6rler taraf\u0131ndan kap\u0131\u015f\u0131l\u0131rken K\u00fct\u00fcphaneci a\u00e7\u0131\u011f\u0131 ithalat ile \u00e7\u00f6z\u00fclebilir mi acaba?<\/p>\n<p style=\"text-align: justify;\">Yukar\u0131da yazd\u0131klar\u0131m i\u015fin esprisi kimse \u00fczerine al\u0131nmas\u0131n \ud83d\ude42 Sorumlulu\u011fu olanlar al\u0131nabilir \ud83d\ude42<\/p>\n<p style=\"text-align: justify;\"><strong>B\u00f6l\u00fcmler kendilerine \u015fu soruyu soruyor mu acaba?<\/strong><\/p>\n<p style=\"text-align: justify;\">K\u00fct\u00fcphaneci mezun oldu\u011funda ve bir i\u015fe yerle\u015fti\u011finde ve bu i\u015f yerinde de ba\u015fka k\u00fct\u00fcphaneci yok. S\u0131f\u0131rdan bir k\u00fct\u00fcphane kurulacak.<\/p>\n<ul style=\"text-align: justify;\">\n<li><span style=\"color: #ff0000;\">Yeni mezun K\u00fct\u00fcphaneci standartlara uygun katalog yapabilir mi?<\/span><\/li>\n<\/ul>\n<p style=\"text-align: justify;\">Di\u011fer konular\u0131 sormuyorum bile\u2026 Bu yaz\u0131y\u0131 okuyan yeni mezun bir k\u00fct\u00fcphaneci ya da k\u00fct\u00fcphaneci mezun eden b\u00f6l\u00fcmler kendilerine bu soruyu soruyor mu?<\/p>\n<p style=\"text-align: justify;\"><strong>M\u00fcsl\u00fcm Yurtsever Bey<\/strong> ge\u00e7enlerde bir yaz\u0131 yay\u0131nlad\u0131 <a href=\"http:\/\/ihalekutuphane.com\/2018\/03\/21\/bilgi-ve-belge-yonetimi-2017-2018-ogretim-yili-ders-programi-karsilastirmasi-1\/\" target=\"_blank\" rel=\"noopener\">Bilgi ve Belge Y\u00f6netimi 2017-2018 \u00d6\u011fretim Y\u0131l\u0131 Ders Program\u0131 Kar\u015f\u0131la\u015ft\u0131rmas\u0131-1<\/a><\/p>\n<p style=\"text-align: justify;\">\u00c7ok farkl\u0131 dersler var. Bu dersler ger\u00e7ekte ihtiya\u00e7 m\u0131? Yoksa b\u00f6l\u00fcmde hocas\u0131 var diye mi ders a\u00e7\u0131l\u0131yor? Derslerde de standart ne yaz\u0131k ki yok?<\/p>\n<p style=\"text-align: justify;\">Bir di\u011fer konuda a\u015fa\u011f\u0131da baz\u0131 \u00fcniversitelere ait b\u00f6l\u00fcmlerin web sayfalar\u0131ndan buldu\u011fum iddial\u0131 bilgiler var. Bahsedilen d\u00fczeyde mezun verebiliyor muyuz?<\/p>\n<p>\u0130lk a\u00e7\u0131lan b\u00f6l\u00fcmler oldu\u011fu i\u00e7in \u00f6rnek ald\u0131m. \u0130lk olman\u0131n zorluklar\u0131 \ud83d\ude42<\/p>\n<p style=\"text-align: justify;\">Sayg\u0131lar\u0131mla\u2026<\/p>\n<p style=\"text-align: justify;\"><strong>Hacettepe \u00dcniversitesi Bilgi ve Belge Y\u00f6netimi B\u00f6l\u00fcm\u00fc<\/strong><\/p>\n<p style=\"text-align: justify;\"><strong>Misyonumuz <\/strong><\/p>\n<p style=\"text-align: justify;\">Yaz\u0131l\u0131, bas\u0131l\u0131 ve elektronik ortamlarda varl\u0131k bulan bilgi birikiminden bireysel, \u00f6rg\u00fctsel ve toplumsal ba\u011flamda en \u00fcst d\u00fczeyde yarar\u0131n sa\u011flanmas\u0131 i\u00e7in uygun bilgi sistemlerini tasarlama, olu\u015fturma ve i\u015fletme niteliklerini ta\u015f\u0131yan, yarat\u0131c\u0131, kendine g\u00fcvenen, lider bilgi profesyonelleri yeti\u015ftirmektir. Uzmanl\u0131k konular\u0131n\u0131n ayr\u0131nt\u0131lar\u0131n\u0131 \u00e7ok iyi bilen, \u00f6zg\u00fcn ara\u015ft\u0131rmalar yapabilen ve \u00fcretti\u011fi bilgiyi insanl\u0131\u011f\u0131n hizmetine sunan yeni ku\u015fak ara\u015ft\u0131rmac\u0131lar\u0131 topluma kazand\u0131rmakt\u0131r. Ulusal ve uluslararas\u0131 d\u00fczeyde bilgi sistemlerinin, bilgi hizmetlerinin ve bilgi teknolojilerinin geli\u015ftirilmesine katk\u0131da bulunacak kuramsal ve uygulamal\u0131 ara\u015ft\u0131rmalar yapmak ve yay\u0131nlamakt\u0131r.<\/p>\n<p style=\"text-align: justify;\">(<a href=\"http:\/\/www.bby.hacettepe.edu.tr\/geneltanitim.asp\">http:\/\/www.bby.hacettepe.edu.tr\/geneltanitim.asp<\/a>)<\/p>\n<p style=\"text-align: justify;\"><strong>\u0130stanbul \u00dcniversitesi Edebiyat Fak\u00fcltesi Bilgi ve Belge Y\u00f6netimi B\u00f6l\u00fcm\u00fc<\/strong><\/p>\n<p style=\"text-align: justify;\"><strong>B\u00f6l\u00fcm\u00fcn Amac\u0131<\/strong><\/p>\n<p style=\"text-align: justify;\">B\u00f6l\u00fcm\u00fcn amac\u0131, kamu veya \u00f6zel sekt\u00f6r kurulu\u015flar\u0131nda, genel olarak bilgi ve belge y\u00f6netimini ba\u015far\u0131yla \u00fcstlenecek &#8220;bilgi profesyonelleri&#8221; ile bilgi-belge y\u00f6netimi alan\u0131nda ara\u015ft\u0131rmac\u0131 olarak \u00e7al\u0131\u015facak elemanlar yeti\u015ftirmektir. Bilgi \u00c7a\u011f\u0131, birey, toplum ve kurulu\u015flar\u0131n varl\u0131klar\u0131n\u0131 daha nitelikli, daha etkin ve verimli olarak s\u00fcrd\u00fcr\u00fcp geli\u015ftirebilmeleri i\u00e7in, \u00f6ncelikle\u00a0 bilginin (enformasyon) ya\u015famsal ve stratejik \u00f6neminin bilincine var\u0131lmas\u0131n\u0131; bu bilincin yayg\u0131nla\u015ft\u0131r\u0131lmas\u0131n\u0131; ayn\u0131 zamanda bilgi talep eden kullan\u0131c\u0131lar ile bilgi kaynaklar\u0131 aras\u0131nda daha uygun ve sistemli ili\u015fkilerin kurulmas\u0131n\u0131 \u00f6ng\u00f6r\u00fcr. Bu durum, g\u00fcn\u00fcm\u00fczde gittik\u00e7e artan ve \u00e7e\u015fitlenen bilgi kaynaklar\u0131n\u0131n sa\u011flanmas\u0131, d\u00fczenlenmesi ve eri\u015filebilmesi amac\u0131yla hizmet veren kurulu\u015flar\u0131n stratejik \u00f6nemini artt\u0131rmakta, hizmetlerini \u00e7e\u015fitlendirmekte ve zenginle\u015ftirmektedir.<\/p>\n<p style=\"text-align: justify;\">(http:\/\/bilgibelge.edebiyat.istanbul.edu.tr\/tr\/content\/bolumumuz\/bolumun-amaci)<\/p>\n<p style=\"text-align: justify;\"><strong>Akara \u00dcniversitesi Dil ve Tarih-Co\u011frafya Fak\u00fcltesi Bilgi ve Belge Y\u00f6netimi B\u00f6l\u00fcm\u00fc<\/strong><\/p>\n<p style=\"text-align: justify;\"><strong>Kariyer Olanaklar\u0131<\/strong><\/p>\n<p style=\"text-align: justify;\">\u201cBilgi ve Belge Y\u00f6netimi B\u00f6l\u00fcm\u00fc\u201d mezunlar\u0131, ald\u0131klar\u0131 dersler do\u011frultusunda, ba\u015fta \u00fclkemizdeki k\u00fct\u00fcphanelerde olmak \u00fczere (\u00fcniversite, halk, \u00e7ocuk, okul k\u00fct\u00fcphaneleri, Milli K\u00fct\u00fcphane, \u00f6zel ara\u015ft\u0131rma k\u00fct\u00fcphaneleri), \u00e7e\u015fitli bilgi merkezlerinde (enformasyon ve dok\u00fcmantasyon merkezleri), Devlet Ar\u015fivleri Genel M\u00fcd\u00fcrl\u00fc\u011f\u00fc ile kurum ve kurulu\u015f ar\u015fivlerinde \u00e7al\u0131\u015fma olana\u011f\u0131 bulabildikleri gibi, Internet servis birimlerinin \u00e7e\u015fitli kademelerinde (web sayfas\u0131 tasar\u0131m\u0131 ve d\u00fczenlenmesi, tarama motorlar\u0131 olu\u015fturma ve y\u00f6netim i\u015flemleri), kurum ve kurulu\u015flar\u0131n veri taban\u0131 tasar\u0131m ve y\u00f6netim birimlerinde, bas\u0131l\u0131 ve\/veya elektronik ortamda dizinleme ve \u00f6z haz\u0131rlama hizmeti sunan ya da bu hizmetlerin da\u011f\u0131t\u0131m\u0131 i\u015flevini ger\u00e7ekle\u015ftiren kurulu\u015flarda, bilgisayar yaz\u0131l\u0131m \u015firketlerinde, kurum ve kurulu\u015flar\u0131n Ar-Ge birimlerinde \u00e7al\u0131\u015fma olana\u011f\u0131 bulabilmektedir.<\/p>\n<p style=\"text-align: justify;\">(<a href=\"http:\/\/bilgibelge.humanity.ankara.edu.tr\/hakkimizda\/kariyer\/\">http:\/\/bilgibelge.humanity.ankara.edu.tr\/hakkimizda\/kariyer\/<\/a>)<\/p>\n<p style=\"text-align: justify;\">\n<p><a href=\"http:\/\/ihalekutuphane.com\/2018\/04\/14\/kutuphaneci-acigi-ithalat-ile-cozulebilir-mi\/\" target=\"_blank\" rel=\"noopener\">Kaynak<\/a><\/p>\n","protected":false},"excerpt":{"rendered":"<p>\u00a0 \u00a0 \u00a0 \u00a0 \u00a0 \u00a0 \u00a0 \u00a0 \u00a0 \u00a0 \u00a0 \u00a0 \u00a0 \u00a0 \u00a0 \u00a0 \u00a0 \u00a0 \u00a0 \u00a0 \u00a0 \u00a0 \u00a0 \u00a0 \u00a0 \u00a0 \u00a0 \u00a0 \u00a0 \u00a0 \u00a0 \u00a0 \u00a0 \u00a0 \u00a0 \u00a0 \u00a0 \u00a0 \u00a0 \u00a0 \u00a0 \u00a0 \u00a0 \u00a0 \u00a0 \u00a0Merhabalar, \u00dclkemizin \u201cK\u00fct\u00fcphaneci\u201d ihtiyac\u0131n\u0131 fark eden b\u00fcy\u00fcklerimiz \u00a0\u201cBilgi ve Belge [&hellip;]<\/p>\n","protected":false},"author":154,"featured_media":899,"comment_status":"open","ping_status":"open","sticky":false,"template":"","format":"standard","meta":{"footnotes":""},"categories":[1],"tags":[1163],"class_list":["post-26457","post","type-post","status-publish","format-standard","has-post-thumbnail","hentry","category-genel","tag-kutuphaneci-acigi-ithalat-ile-cozulebilir-mi"],"_links":{"self":[{"href":"https:\/\/www.bbyhaber.com\/bby\/wp-json\/wp\/v2\/posts\/26457"}],"collection":[{"href":"https:\/\/www.bbyhaber.com\/bby\/wp-json\/wp\/v2\/posts"}],"about":[{"href":"https:\/\/www.bbyhaber.com\/bby\/wp-json\/wp\/v2\/types\/post"}],"author":[{"embeddable":true,"href":"https:\/\/www.bbyhaber.com\/bby\/wp-json\/wp\/v2\/users\/154"}],"replies":[{"embeddable":true,"href":"https:\/\/www.bbyhaber.com\/bby\/wp-json\/wp\/v2\/comments?post=26457"}],"version-history":[{"count":0,"href":"https:\/\/www.bbyhaber.com\/bby\/wp-json\/wp\/v2\/posts\/26457\/revisions"}],"wp:featuredmedia":[{"embeddable":true,"href":"https:\/\/www.bbyhaber.com\/bby\/wp-json\/"}],"wp:attachment":[{"href":"https:\/\/www.bbyhaber.com\/bby\/wp-json\/wp\/v2\/media?parent=26457"}],"wp:term":[{"taxonomy":"category","embeddable":true,"href":"https:\/\/www.bbyhaber.com\/bby\/wp-json\/wp\/v2\/categories?post=26457"},{"taxonomy":"post_tag","embeddable":true,"href":"https:\/\/www.bbyhaber.com\/bby\/wp-json\/wp\/v2\/tags?post=26457"}],"curies":[{"name":"wp","href":"https:\/\/api.w.org\/{rel}","templated":true}]}}