{"id":26451,"date":"2019-04-05T08:42:31","date_gmt":"2019-04-05T05:42:31","guid":{"rendered":"http:\/\/www.bbyhaber.com\/bby\/?p=26451"},"modified":"2019-04-05T08:46:39","modified_gmt":"2019-04-05T05:46:39","slug":"osmaniye-korkut-ata-universitesi-acilan-ve-sonuclanan-davaya-ragmen-ayni-is-ilanini-tekrarladi","status":"publish","type":"post","link":"https:\/\/www.bbyhaber.com\/bby\/2019\/04\/05\/osmaniye-korkut-ata-universitesi-acilan-ve-sonuclanan-davaya-ragmen-ayni-is-ilanini-tekrarladi","title":{"rendered":"Osmaniye Korkut Ata \u00dcniversitesi a\u00e7\u0131lan ve sonu\u00e7lanan davaya ra\u011fmen ayn\u0131 i\u015f ilan\u0131n\u0131 tekrarlad\u0131!"},"content":{"rendered":"<p><a href=\"http:\/\/www.bbyhaber.com\/bby\/wp-content\/uploads\/2017\/05\/osmaniye.jpg\"><img loading=\"lazy\" decoding=\"async\" class=\"alignleft size-full wp-image-22002\" src=\"http:\/\/www.bbyhaber.com\/bby\/wp-content\/uploads\/2017\/05\/osmaniye.jpg\" alt=\"\" width=\"390\" height=\"180\" \/><\/a>Bildi\u011finiz \u00fczere TKD Ba\u015fkan\u0131 Ali Fuat Kartal, Osmaniye Korkut Ata \u00dcniversitesi Bilgi ve Belge Y\u00f6netimi B\u00f6l\u00fcm\u00fc\u2019ne al\u0131nacak olan \u00f6\u011fretim \u00fcyesi i\u00e7in, 15.02.2017 tarihinde \u00fcniversitenin internet sitesinde ilan edilen Yrd. Do\u00e7ent al\u0131m\u0131na y\u00f6nelik i\u015flemin iptali istemiyle a\u00e7\u0131lan\u00a0<b>davay\u0131 kazand\u0131\u011f\u0131m\u0131za dair bir a\u00e7\u0131klama <a href=\"https:\/\/www.bbyhaber.com\/bby\/2019\/03\/05\/osmaniye-korkut-ata-universitesi-bbyye-acilan-is-ilanina-yonelik-davayi-kazandik\" target=\"_blank\" rel=\"noopener\">yay\u0131nlam\u0131\u015ft\u0131<\/a>.\u00a0<\/b><!--more--><\/p>\n<p>\u0130lgili \u00dcniversite, <strong>30 Mart 2019<\/strong> tarihli Resmi Gazete&#8217;de ilan etti\u011fi (<a href=\"http:\/\/www.resmigazete.gov.tr\/ilanlar\/eskiilanlar\/2019\/03\/20190330-4-7.pdf\" target=\"_blank\" rel=\"noopener\"><strong>t\u0131klay\u0131n\u0131z<\/strong><\/a>) Doktor \u00d6\u011fretim \u00dcyesi kadrosunda Bilgi ve Belge Y\u00f6netimi b\u00f6l\u00fcm\u00fcnde istihdam etmek \u00fczere\u00a0 &#8220;<strong>Bilgi ve Belge Y\u00f6netimi <span style=\"color: #ff0000;\">veya<\/span> T\u00fcrkiye Cumhuriyeti Tarihi alan\u0131nda doktora yapm\u0131\u015f olmak. \u0130ngiliz ve Osmanl\u0131 ar\u015fivleri ile ilgili \u00e7al\u0131\u015fma yapm\u0131\u015f olmak<\/strong>.&#8221; \u015fart\u0131n\u0131 aram\u0131\u015ft\u0131r.<\/p>\n<p>\u0130landa alan\u0131m\u0131za da yer vermi\u015f; fakat di\u011fer taraftan yine farkl\u0131 alanlar\u0131 da ekleyerek ilana \u00e7\u0131km\u0131\u015ft\u0131r.<\/p>\n<p><strong>\u0130LAN DETAYI&#8211;&gt;<\/strong>Kadirli Sosyal ve Be\u015feri Bilimler Fak\u00fcltesi Bilgi ve Belge Y\u00f6netimi Bilgi ve Belge Y\u00f6netimi- Dr. \u00d6\u011fr. \u00dcyesi- Bilgi ve Belge Y\u00f6netimi veya T\u00fcrkiye Cumhuriyeti Tarihi alan\u0131nda doktora yapm\u0131\u015f olmak. \u0130ngiliz ve Osmanl\u0131 ar\u015fivleri ile ilgili \u00e7al\u0131\u015fma yapm\u0131\u015f olmak.<\/p>\n<p>Konuyla ilgili daha \u00f6nceki <strong><a href=\"http:\/\/www.bbyhaber.com\/bby\/2017\/06\/08\/osmaniye-korkut-ata-universitesinin-acmis-oldugu-bby-akademik-kadro-ilani-hakkinda-dava-acildi\" target=\"_blank\" rel=\"noopener\">haber ve i\u015f ilan\u0131 i\u00e7in t\u0131klay\u0131n\u0131z.<\/a><\/strong><\/p>\n","protected":false},"excerpt":{"rendered":"<p>Bildi\u011finiz \u00fczere TKD Ba\u015fkan\u0131 Ali Fuat Kartal, Osmaniye Korkut Ata \u00dcniversitesi Bilgi ve Belge Y\u00f6netimi B\u00f6l\u00fcm\u00fc\u2019ne al\u0131nacak olan \u00f6\u011fretim \u00fcyesi i\u00e7in, 15.02.2017 tarihinde \u00fcniversitenin internet sitesinde ilan edilen Yrd. Do\u00e7ent al\u0131m\u0131na y\u00f6nelik i\u015flemin iptali istemiyle a\u00e7\u0131lan\u00a0davay\u0131 kazand\u0131\u011f\u0131m\u0131za dair bir a\u00e7\u0131klama yay\u0131nlam\u0131\u015ft\u0131.\u00a0<\/p>\n","protected":false},"author":1,"featured_media":22002,"comment_status":"open","ping_status":"open","sticky":false,"template":"","format":"standard","meta":{"footnotes":""},"categories":[1],"tags":[],"class_list":["post-26451","post","type-post","status-publish","format-standard","has-post-thumbnail","hentry","category-genel"],"_links":{"self":[{"href":"https:\/\/www.bbyhaber.com\/bby\/wp-json\/wp\/v2\/posts\/26451"}],"collection":[{"href":"https:\/\/www.bbyhaber.com\/bby\/wp-json\/wp\/v2\/posts"}],"about":[{"href":"https:\/\/www.bbyhaber.com\/bby\/wp-json\/wp\/v2\/types\/post"}],"author":[{"embeddable":true,"href":"https:\/\/www.bbyhaber.com\/bby\/wp-json\/wp\/v2\/users\/1"}],"replies":[{"embeddable":true,"href":"https:\/\/www.bbyhaber.com\/bby\/wp-json\/wp\/v2\/comments?post=26451"}],"version-history":[{"count":3,"href":"https:\/\/www.bbyhaber.com\/bby\/wp-json\/wp\/v2\/posts\/26451\/revisions"}],"predecessor-version":[{"id":26454,"href":"https:\/\/www.bbyhaber.com\/bby\/wp-json\/wp\/v2\/posts\/26451\/revisions\/26454"}],"wp:featuredmedia":[{"embeddable":true,"href":"https:\/\/www.bbyhaber.com\/bby\/wp-json\/wp\/v2\/media\/22002"}],"wp:attachment":[{"href":"https:\/\/www.bbyhaber.com\/bby\/wp-json\/wp\/v2\/media?parent=26451"}],"wp:term":[{"taxonomy":"category","embeddable":true,"href":"https:\/\/www.bbyhaber.com\/bby\/wp-json\/wp\/v2\/categories?post=26451"},{"taxonomy":"post_tag","embeddable":true,"href":"https:\/\/www.bbyhaber.com\/bby\/wp-json\/wp\/v2\/tags?post=26451"}],"curies":[{"name":"wp","href":"https:\/\/api.w.org\/{rel}","templated":true}]}}