{"id":26441,"date":"2019-04-04T09:59:03","date_gmt":"2019-04-04T06:59:03","guid":{"rendered":"http:\/\/www.bbyhaber.com\/bby\/?p=26441"},"modified":"2019-04-04T09:59:03","modified_gmt":"2019-04-04T06:59:03","slug":"prof-dr-necmeddin-sefercioglu-vefat-etti","status":"publish","type":"post","link":"https:\/\/www.bbyhaber.com\/bby\/2019\/04\/04\/prof-dr-necmeddin-sefercioglu-vefat-etti","title":{"rendered":"Prof. Dr. Necmeddin Sefercio\u011flu vefat etti"},"content":{"rendered":"<p><a href=\"http:\/\/www.bbyhaber.com\/bby\/wp-content\/uploads\/2019\/04\/necmettin-sefercioglu.jpg\"><img loading=\"lazy\" decoding=\"async\" class=\"alignleft size-full wp-image-26442\" src=\"http:\/\/www.bbyhaber.com\/bby\/wp-content\/uploads\/2019\/04\/necmettin-sefercioglu.jpg\" alt=\"\" width=\"390\" height=\"180\" \/><\/a>Ankara \u00dcniversitesi, Dil ve Tarih-Co\u011frafya Fak\u00fcltesi, Bilgi ve Belge Y\u00f6netimi emekli \u00f6\u011fretim \u00fcyelerinden <strong>Prof. Dr. Necmeddin Sefercio\u011flu<\/strong>\u00a0vefat etti.<!--more--><\/p>\n<p>Cenazesi bug\u00fcn Kar\u015f\u0131yaka Mezarl\u0131\u011f\u0131 Camii&#8217;nde k\u0131l\u0131nacak ikindi namaz\u0131n\u0131 m\u00fcteakip Kar\u015f\u0131yaka mezarl\u0131\u011f\u0131nda defnedilecektir.<\/p>\n<p>Hocam\u0131za Allah&#8217;tan rahmet, yak\u0131nlar\u0131na ba\u015fsa\u011fl\u0131\u011f\u0131 diliyoruz. Mekan\u0131 cennet olsun&#8230;<\/p>\n","protected":false},"excerpt":{"rendered":"<p>Ankara \u00dcniversitesi, Dil ve Tarih-Co\u011frafya Fak\u00fcltesi, Bilgi ve Belge Y\u00f6netimi emekli \u00f6\u011fretim \u00fcyelerinden Prof. Dr. Necmeddin Sefercio\u011flu\u00a0vefat etti.<\/p>\n","protected":false},"author":1,"featured_media":26442,"comment_status":"open","ping_status":"open","sticky":false,"template":"","format":"standard","meta":{"footnotes":""},"categories":[1,1599],"tags":[824],"class_list":["post-26441","post","type-post","status-publish","format-standard","has-post-thumbnail","hentry","category-genel","category-prof-dr-necmeddin-sefercioglu","tag-vefat-eden-meslektaslarimiz"],"_links":{"self":[{"href":"https:\/\/www.bbyhaber.com\/bby\/wp-json\/wp\/v2\/posts\/26441"}],"collection":[{"href":"https:\/\/www.bbyhaber.com\/bby\/wp-json\/wp\/v2\/posts"}],"about":[{"href":"https:\/\/www.bbyhaber.com\/bby\/wp-json\/wp\/v2\/types\/post"}],"author":[{"embeddable":true,"href":"https:\/\/www.bbyhaber.com\/bby\/wp-json\/wp\/v2\/users\/1"}],"replies":[{"embeddable":true,"href":"https:\/\/www.bbyhaber.com\/bby\/wp-json\/wp\/v2\/comments?post=26441"}],"version-history":[{"count":1,"href":"https:\/\/www.bbyhaber.com\/bby\/wp-json\/wp\/v2\/posts\/26441\/revisions"}],"predecessor-version":[{"id":26443,"href":"https:\/\/www.bbyhaber.com\/bby\/wp-json\/wp\/v2\/posts\/26441\/revisions\/26443"}],"wp:featuredmedia":[{"embeddable":true,"href":"https:\/\/www.bbyhaber.com\/bby\/wp-json\/wp\/v2\/media\/26442"}],"wp:attachment":[{"href":"https:\/\/www.bbyhaber.com\/bby\/wp-json\/wp\/v2\/media?parent=26441"}],"wp:term":[{"taxonomy":"category","embeddable":true,"href":"https:\/\/www.bbyhaber.com\/bby\/wp-json\/wp\/v2\/categories?post=26441"},{"taxonomy":"post_tag","embeddable":true,"href":"https:\/\/www.bbyhaber.com\/bby\/wp-json\/wp\/v2\/tags?post=26441"}],"curies":[{"name":"wp","href":"https:\/\/api.w.org\/{rel}","templated":true}]}}