{"id":26438,"date":"2019-04-04T11:00:23","date_gmt":"2019-04-04T08:00:23","guid":{"rendered":"http:\/\/www.bbyhaber.com\/bby\/?p=26438"},"modified":"2019-04-04T09:37:40","modified_gmt":"2019-04-04T06:37:40","slug":"okuyay-platformu-kuruldu","status":"publish","type":"post","link":"https:\/\/www.bbyhaber.com\/bby\/2019\/04\/04\/okuyay-platformu-kuruldu","title":{"rendered":"OKUYAY Platformu Kuruldu!"},"content":{"rendered":"<p><a href=\"http:\/\/www.bbyhaber.com\/bby\/wp-content\/uploads\/2019\/04\/okuyay-platformu-kuruldu.jpg\"><img loading=\"lazy\" decoding=\"async\" class=\"alignleft size-full wp-image-26439\" src=\"http:\/\/www.bbyhaber.com\/bby\/wp-content\/uploads\/2019\/04\/okuyay-platformu-kuruldu.jpg\" alt=\"\" width=\"390\" height=\"180\" \/><\/a>T\u00fcrkiye Yay\u0131nc\u0131lar Birli\u011fi T\u00fcrkiye\u2019de Okuma K\u00fclt\u00fcr\u00fcn\u00fc Yayg\u0131nla\u015ft\u0131rmak \u0130\u00e7in Yola \u00c7\u0131kt\u0131: OKUYAY Platformu Kuruldu! Son d\u00f6nemde T\u00fcrkiye\u2019nin s\u0131k\u00e7a g\u00fcndeme gelen konular\u0131ndan biri olan okuma k\u00fclt\u00fcr\u00fcn\u00fcn geli\u015ftirilmesi ve yayg\u0131nla\u015ft\u0131r\u0131lmas\u0131nda \u00e7ok \u00f6nemli bir ad\u0131m at\u0131l\u0131yor: T\u00fcrkiye\u2019de okuma k\u00fclt\u00fcr\u00fcn\u00fc yayg\u0131nla\u015ft\u0131rmay\u0131 ama\u00e7layan, sivil toplumla ve kamuyla ortakl\u0131klar ve a\u011flar kurarak faaliyetini s\u00fcrd\u00fcrecek olan OKUYAY Platformu (Okuma K\u00fclt\u00fcr\u00fcn\u00fc Yayg\u0131nla\u015ft\u0131rma Platformu), T\u00fcrkiye Yay\u0131nc\u0131lar Birli\u011fi \u00f6nc\u00fcl\u00fc\u011f\u00fcnde kuruldu.<!--more--><\/p>\n<p>T.C. D\u0131\u015fi\u015fleri Bakanl\u0131\u011f\u0131 Avrupa Birli\u011fi Ba\u015fkanl\u0131\u011f\u0131 taraf\u0131ndan y\u00fcr\u00fct\u00fclmekte olan Ortakl\u0131klar ve A\u011flar Hibe Program\u0131 kapsam\u0131nda hibe almaya hak kazanan T\u00fcrkiye Yay\u0131nc\u0131lar Birli\u011fi\u2019nin OKUYAY Platformu, okuma k\u00fclt\u00fcr\u00fcn\u00fc desteklemeye \u00e7al\u0131\u015fan STK\u2019lere, aktivistlere ve g\u00f6n\u00fcll\u00fclere destek vererek T\u00fcrkiye ve Avrupa\u2019daki iyi \u00f6rnekleri T\u00fcrkiye geneline yaymay\u0131 hedefliyor. \u00c7al\u0131\u015fmalar\u0131n\u0131, T\u00fcrk K\u00fct\u00fcphanecileri Derne\u011fi (TKD), Anne \u00c7ocuk E\u011fitim Vakf\u0131 (A\u00c7EV), Kad\u0131k\u00f6y Belediyesi ve Kingston \u00dcniversitesi (Birle\u015fik Krall\u0131k) ortakl\u0131\u011f\u0131yla ger\u00e7ekle\u015ftirecek olan OKUYAY Platformu; okuma k\u00fclt\u00fcr\u00fcn\u00fc yayg\u0131nla\u015ft\u0131rmak i\u00e7in T\u00fcrkiye\u2019nin se\u00e7ilecek 4 b\u00f6lgesinde \u00e7ocuklar\u0131, ebeveynleri, \u00f6\u011fretmenleri, kamu kurulu\u015flar\u0131n\u0131, k\u00fct\u00fcphaneleri ve sivil toplumu, yay\u0131nc\u0131l\u0131k payda\u015flar\u0131yla bir araya getirerek pilot uygulamalar yapacak. Proje sonunda haz\u0131rlanacak olan \u201cOkuma K\u00fclt\u00fcr\u00fcn\u00fc Geli\u015ftirmeye Yard\u0131mc\u0131 K\u0131lavuz\u201dun ise bu alanda \u00f6nemli bir ba\u015fvuru kayna\u011f\u0131 olmas\u0131 \u00f6n g\u00f6r\u00fcl\u00fcyor.<\/p>\n<p>OKUYAY Platformu, \u0130stanbul Taksim\u2019deki \u00e7al\u0131\u015fma ofisinde d\u00fczenleyece\u011fi toplant\u0131lar ve etkinliklerle, okuma k\u00fclt\u00fcr\u00fcn\u00fc geli\u015ftirmeye destek olabilecek STK, aktivist ve g\u00f6n\u00fcll\u00fcleri bir araya getirmeyi ama\u00e7l\u0131yor. Ayn\u0131 zamanda platform b\u00fcnyesinde kurulacak \u201cOkuma K\u00fclt\u00fcr\u00fc\u201d konulu kitapl\u0131k ise ara\u015ft\u0131rmac\u0131lar\u0131n kullan\u0131m\u0131na a\u00e7\u0131k olacak. 2 y\u0131l s\u00fcrecek projenin tamamlanmas\u0131n\u0131n ard\u0131ndan OKUYAY Platformu\u2019nun T\u00fcrkiye Yay\u0131nc\u0131lar Birli\u011fi taraf\u0131ndan s\u00fcrd\u00fcr\u00fclmesi hedefleniyor.<\/p>\n<p><strong>Okuyay Platformu<\/strong><\/p>\n<p>\u0130n\u00f6n\u00fc Cad. I\u015f\u0131k Apt. No:53 K:2 D:3 G\u00fcm\u00fc\u015fsuyu Beyo\u011flu-\u0130stanbul<\/p>\n<p>Tel:0212 243 75 93<\/p>\n<p>Mail:filiz@turkyaybir.org.tr<\/p>\n<p><a href=\"http:\/\/www.okumaajansi.com\" target=\"_blank\" rel=\"noopener\">Kaynak<\/a><\/p>\n","protected":false},"excerpt":{"rendered":"<p>T\u00fcrkiye Yay\u0131nc\u0131lar Birli\u011fi T\u00fcrkiye\u2019de Okuma K\u00fclt\u00fcr\u00fcn\u00fc Yayg\u0131nla\u015ft\u0131rmak \u0130\u00e7in Yola \u00c7\u0131kt\u0131: OKUYAY Platformu Kuruldu! Son d\u00f6nemde T\u00fcrkiye\u2019nin s\u0131k\u00e7a g\u00fcndeme gelen konular\u0131ndan biri olan okuma k\u00fclt\u00fcr\u00fcn\u00fcn geli\u015ftirilmesi ve yayg\u0131nla\u015ft\u0131r\u0131lmas\u0131nda \u00e7ok \u00f6nemli bir ad\u0131m at\u0131l\u0131yor: T\u00fcrkiye\u2019de okuma k\u00fclt\u00fcr\u00fcn\u00fc yayg\u0131nla\u015ft\u0131rmay\u0131 ama\u00e7layan, sivil toplumla ve kamuyla ortakl\u0131klar ve a\u011flar kurarak faaliyetini s\u00fcrd\u00fcrecek olan OKUYAY Platformu (Okuma K\u00fclt\u00fcr\u00fcn\u00fc Yayg\u0131nla\u015ft\u0131rma Platformu), T\u00fcrkiye [&hellip;]<\/p>\n","protected":false},"author":1,"featured_media":26439,"comment_status":"open","ping_status":"open","sticky":false,"template":"","format":"standard","meta":{"footnotes":""},"categories":[1],"tags":[],"class_list":["post-26438","post","type-post","status-publish","format-standard","has-post-thumbnail","hentry","category-genel"],"_links":{"self":[{"href":"https:\/\/www.bbyhaber.com\/bby\/wp-json\/wp\/v2\/posts\/26438"}],"collection":[{"href":"https:\/\/www.bbyhaber.com\/bby\/wp-json\/wp\/v2\/posts"}],"about":[{"href":"https:\/\/www.bbyhaber.com\/bby\/wp-json\/wp\/v2\/types\/post"}],"author":[{"embeddable":true,"href":"https:\/\/www.bbyhaber.com\/bby\/wp-json\/wp\/v2\/users\/1"}],"replies":[{"embeddable":true,"href":"https:\/\/www.bbyhaber.com\/bby\/wp-json\/wp\/v2\/comments?post=26438"}],"version-history":[{"count":1,"href":"https:\/\/www.bbyhaber.com\/bby\/wp-json\/wp\/v2\/posts\/26438\/revisions"}],"predecessor-version":[{"id":26440,"href":"https:\/\/www.bbyhaber.com\/bby\/wp-json\/wp\/v2\/posts\/26438\/revisions\/26440"}],"wp:featuredmedia":[{"embeddable":true,"href":"https:\/\/www.bbyhaber.com\/bby\/wp-json\/wp\/v2\/media\/26439"}],"wp:attachment":[{"href":"https:\/\/www.bbyhaber.com\/bby\/wp-json\/wp\/v2\/media?parent=26438"}],"wp:term":[{"taxonomy":"category","embeddable":true,"href":"https:\/\/www.bbyhaber.com\/bby\/wp-json\/wp\/v2\/categories?post=26438"},{"taxonomy":"post_tag","embeddable":true,"href":"https:\/\/www.bbyhaber.com\/bby\/wp-json\/wp\/v2\/tags?post=26438"}],"curies":[{"name":"wp","href":"https:\/\/api.w.org\/{rel}","templated":true}]}}