{"id":26434,"date":"2019-04-04T09:34:58","date_gmt":"2019-04-04T06:34:58","guid":{"rendered":"http:\/\/www.bbyhaber.com\/bby\/?p=26434"},"modified":"2019-04-04T09:34:58","modified_gmt":"2019-04-04T06:34:58","slug":"yeni-fikirler-yeni-nesil-kutuphaneciler-cem-ozel","status":"publish","type":"post","link":"https:\/\/www.bbyhaber.com\/bby\/2019\/04\/04\/yeni-fikirler-yeni-nesil-kutuphaneciler-cem-ozel","title":{"rendered":"Yeni Fikirler, Yeni Nesil K\u00fct\u00fcphaneciler! | Cem \u00d6ZEL"},"content":{"rendered":"<p>[avatar user=&#8221;cemozel&#8221; \/]<a href=\"http:\/\/www.bbyhaber.com\/bby\/author\/cemozel\"><br \/>\nCem \u00d6ZEL<\/a><br \/>\n<strong>Kullan\u0131c\u0131 Hizmetleri Y\u00f6neticisi\/Sabanc\u0131 \u00dcniversitesi Bilgi Merkezi<\/strong><\/p>\n<p><a href=\"http:\/\/www.bbyhaber.com\/bby\/wp-content\/uploads\/2019\/04\/yeni-fikirler-yeni-nesil-kutuphaneciler.jpg\"><img loading=\"lazy\" decoding=\"async\" class=\"alignleft size-full wp-image-26435\" src=\"http:\/\/www.bbyhaber.com\/bby\/wp-content\/uploads\/2019\/04\/yeni-fikirler-yeni-nesil-kutuphaneciler.jpg\" alt=\"\" width=\"390\" height=\"180\" \/><\/a>Ke\u015fke insanlar bir fikir buldu\u011funda bunu de\u011ferlendirebilseler. Patent almak falan da zor bir s\u00fcre\u00e7 oldu\u011fu i\u00e7in daha kolay i\u015flese bu s\u00fcre\u00e7. Bir veritaban\u0131 olsa mesela. Fikir veritaban\u0131. Sen oraya y\u00fckle fikrini, kullanmak isteyen paras\u0131n\u0131 \u00f6desin ve kullans\u0131n.<!--more--><\/p>\n<p>Mesela bir giyim markas\u0131na \u00e7ok g\u00fczel bir kelime buldunuz. Hem markas\u0131n\u0131n ge\u00e7ti\u011fi hem de marka de\u011ferini y\u00fckselten bir kelime. Zara giyim ma\u011fazas\u0131n\u0131 bilirsiniz. Ben \u015fimdi <em><span style=\"color: #ff0000;\"><strong>Zara&#8217;fet<\/strong><\/span><\/em> kelimesini eklesem bu veritaban\u0131na Zara da bunu al\u0131p kullansa.<\/p>\n<p>Kod ad\u0131 tabirini biraz de\u011fi\u015ftirerek bir kot markas\u0131 i\u00e7in pekala kullanabilece\u011fimiz bir slogan bile olu\u015fturabiliriz. Mesela<br \/>\n<em><strong>Kot ad\u0131: Mavi! Herkes onun pe\u015finde\u2026<\/strong><\/em><\/p>\n<p>Otomobillerin stop lambalar\u0131n\u0131 d\u00fc\u015f\u00fcn\u00fcn. Frene bast\u0131\u011f\u0131n\u0131zda o araban\u0131n ambleminin k\u0131rm\u0131z\u0131 olarak arkadaki arac\u0131n s\u00fcr\u00fcc\u00fcs\u00fcn\u00fc nas\u0131l etkileyebilece\u011fini d\u00fc\u015f\u00fcnemiyorum bile. Bo\u011faz trafi\u011fini d\u00fc\u015f\u00fcn\u00fcn. Saat 20.00 civar\u0131 olsun. Frene bas\u0131l\u0131 bir s\u00fcr\u00fc arac\u0131n k\u0131rm\u0131z\u0131 stop lambalar\u0131nda olimpiyat\u0131n 4 halkas\u0131n\u0131 g\u00f6r\u00fcnce trafikte, \u201camma da \u00e7ok malum markal\u0131 ara\u00e7 varm\u0131\u015f\u201d demez misiniz?<\/p>\n<p>Zaman zaman fikir buluruz; ama bu fikirleri nas\u0131l koruyaca\u011f\u0131m\u0131z\u0131 pek bilmeyiz. Bir kitapta okumu\u015ftum. E\u011fer bir fikriniz varsa, o fikrin size ait oldu\u011funu kendinize mektup olarak zarf i\u00e7inde g\u00f6nderin. Bir de tarih koyun i\u00e7ine. Sonras\u0131nda olas\u0131 bir durumda mahkemede \u00e7\u0131kart\u0131p o zarf\u0131 g\u00f6n\u00fcl rahatl\u0131\u011f\u0131yla y\u0131rt\u0131p a\u00e7t\u0131\u011f\u0131n\u0131zda g\u00fcvenilirli\u011finiz artacakt\u0131r.<\/p>\n<p>Bir fikir de film yap\u0131mc\u0131lar\u0131na gelsin. Bir veritaban\u0131 d\u00fc\u015f\u00fcn\u00fcn. Bu veritaban\u0131nda oyuncular\u0131n komedi, dram, korku vb. oyunculuklar\u0131nda nas\u0131l bir oyunculuk sergiledi\u011fini g\u00f6rmek, film \u00e7ekerken istedi\u011fi oyuncuyu bu \u015fekilde se\u00e7mek, sevgili y\u00f6netmenlerimizin i\u015fine gelmez miydi?<\/p>\n<p>As\u0131l paragraf\u0131 <strong>yeni nesil k\u00fct\u00fcphaneci<\/strong>lere ay\u0131rmak istiyorum. K\u00fct\u00fcphanelerin, hizmetlerini pazarlamak i\u00e7in de bir s\u00fcr\u00fc yeni fikirlere ihtiyac\u0131 var. \u0130\u015fte bu y\u00fczden yeni nesil k\u00fct\u00fcphanecilere \u00e7ok fazla ihtiyac\u0131m\u0131z var. Yeni nesil k\u00fct\u00fcphanecilerin yarat\u0131c\u0131l\u0131klar\u0131 sayesinde k\u00fct\u00fcphanelerin g\u00f6r\u00fcn\u00fcrl\u00fc\u011f\u00fc \u00fcst seviyede olacak, kullan\u0131c\u0131lara verilecek hizmetler \u00e7o\u011falacak ve k\u00fct\u00fcphanelerin albenisi artacakt\u0131r.<\/p>\n<p><strong><em>Sevgili BBY \u00f6\u011frencileri<\/em><\/strong>,<\/p>\n<p>Lisansta ald\u0131\u011f\u0131n\u0131z e\u011fitimin yan\u0131s\u0131ra belki yarat\u0131c\u0131l\u0131k yan\u0131n\u0131z\u0131 da geli\u015ftirici faaliyetlerde bulunman\u0131z hem kendiniz i\u00e7in hem de k\u00fct\u00fcphaneler i\u00e7in son derece faydal\u0131 olacakt\u0131r. Bu s\u00f6zlerimi de kula\u011f\u0131n\u0131za k\u00fcpe yapabilirsiniz.<\/p>\n<p>Kim bilir ne fikirler vard\u0131r i\u00e7inizde tuttu\u011funuz. Bir sal\u0131verseniz onlar\u0131, neler olacak neler! Devir yeni fikirler bulma ve onlar\u0131 hayata ge\u00e7irme devri. B\u00fcy\u00fck \u015firketlerin art\u0131k hammaliyeden \u00e7ok yarat\u0131c\u0131 fikirlerin \u00fcr\u00fcnleriyle nas\u0131l b\u00fct\u00fcn d\u00fcnyay\u0131 sarst\u0131klar\u0131n\u0131 biliyoruz. Hem yarat\u0131c\u0131l\u0131\u011f\u0131m\u0131z\u0131 geli\u015ftirici, merak uyand\u0131r\u0131c\u0131 e\u011fitim hem de bu yarat\u0131c\u0131l\u0131\u011f\u0131m\u0131z\u0131 kullanabilece\u011fimiz ortamlar bulmak dile\u011fiyle.<\/p>\n","protected":false},"excerpt":{"rendered":"<p>[avatar user=&#8221;cemozel&#8221; \/] Cem \u00d6ZEL Kullan\u0131c\u0131 Hizmetleri Y\u00f6neticisi\/Sabanc\u0131 \u00dcniversitesi Bilgi Merkezi Ke\u015fke insanlar bir fikir buldu\u011funda bunu de\u011ferlendirebilseler. Patent almak falan da zor bir s\u00fcre\u00e7 oldu\u011fu i\u00e7in daha kolay i\u015flese bu s\u00fcre\u00e7. Bir veritaban\u0131 olsa mesela. Fikir veritaban\u0131. Sen oraya y\u00fckle fikrini, kullanmak isteyen paras\u0131n\u0131 \u00f6desin ve kullans\u0131n.<\/p>\n","protected":false},"author":143,"featured_media":26435,"comment_status":"open","ping_status":"open","sticky":false,"template":"","format":"standard","meta":{"footnotes":""},"categories":[1478],"tags":[1460],"class_list":["post-26434","post","type-post","status-publish","format-standard","has-post-thumbnail","hentry","category-cem-ozel","tag-kose-yazarlari"],"_links":{"self":[{"href":"https:\/\/www.bbyhaber.com\/bby\/wp-json\/wp\/v2\/posts\/26434"}],"collection":[{"href":"https:\/\/www.bbyhaber.com\/bby\/wp-json\/wp\/v2\/posts"}],"about":[{"href":"https:\/\/www.bbyhaber.com\/bby\/wp-json\/wp\/v2\/types\/post"}],"author":[{"embeddable":true,"href":"https:\/\/www.bbyhaber.com\/bby\/wp-json\/wp\/v2\/users\/143"}],"replies":[{"embeddable":true,"href":"https:\/\/www.bbyhaber.com\/bby\/wp-json\/wp\/v2\/comments?post=26434"}],"version-history":[{"count":1,"href":"https:\/\/www.bbyhaber.com\/bby\/wp-json\/wp\/v2\/posts\/26434\/revisions"}],"predecessor-version":[{"id":26436,"href":"https:\/\/www.bbyhaber.com\/bby\/wp-json\/wp\/v2\/posts\/26434\/revisions\/26436"}],"wp:featuredmedia":[{"embeddable":true,"href":"https:\/\/www.bbyhaber.com\/bby\/wp-json\/wp\/v2\/media\/26435"}],"wp:attachment":[{"href":"https:\/\/www.bbyhaber.com\/bby\/wp-json\/wp\/v2\/media?parent=26434"}],"wp:term":[{"taxonomy":"category","embeddable":true,"href":"https:\/\/www.bbyhaber.com\/bby\/wp-json\/wp\/v2\/categories?post=26434"},{"taxonomy":"post_tag","embeddable":true,"href":"https:\/\/www.bbyhaber.com\/bby\/wp-json\/wp\/v2\/tags?post=26434"}],"curies":[{"name":"wp","href":"https:\/\/api.w.org\/{rel}","templated":true}]}}