{"id":26375,"date":"2019-04-02T10:35:13","date_gmt":"2019-04-02T07:35:13","guid":{"rendered":"http:\/\/www.bbyhaber.com\/bby\/?p=26375"},"modified":"2019-04-02T10:35:13","modified_gmt":"2019-04-02T07:35:13","slug":"kutuphane-ve-siyaset-sezgin-yilmaz","status":"publish","type":"post","link":"https:\/\/www.bbyhaber.com\/bby\/2019\/04\/02\/kutuphane-ve-siyaset-sezgin-yilmaz","title":{"rendered":"K\u00fct\u00fcphane ve Siyaset | Sezgin YILMAZ"},"content":{"rendered":"<p>[avatar user=&#8221;sezginyilmaz&#8221; \/]<a href=\"http:\/\/www.bbyhaber.com\/bby\/author\/sezginyilmaz\"><br \/>\nSezgin YILMAZ<\/a><br \/>\n<strong>\u00d6d\u00fcn\u00e7 Verme, Referans ve Elektronik Kaynaklar Sorumlusu\/FMV I\u015f\u0131k \u00dcniversitesi K\u00fct\u00fcphanesi<\/strong><\/p>\n<p><a href=\"http:\/\/www.bbyhaber.com\/bby\/wp-content\/uploads\/2019\/04\/kutuphane-siyaset.jpg\"><img loading=\"lazy\" decoding=\"async\" class=\"alignleft size-full wp-image-26376\" src=\"http:\/\/www.bbyhaber.com\/bby\/wp-content\/uploads\/2019\/04\/kutuphane-siyaset.jpg\" alt=\"\" width=\"390\" height=\"180\" \/><\/a>Ba\u015fl\u0131\u011f\u0131 g\u00f6r\u00fcnce \u201cNe alaka?\u201d diyeceksiniz belki. Ama \u00e7ok alakas\u0131 var. Bu yaz\u0131 herhangi bir siyasi ideolojiyi desteklemiyor. Veya hi\u00e7birisi ile alakal\u0131 g\u00f6r\u00fc\u015f bildirmiyor. Bu yaz\u0131 k\u00fct\u00fcphanelerin, kitap deposu olmad\u0131\u011f\u0131n\u0131n bir ba\u015fka kan\u0131t\u0131 olmay\u0131 ama\u00e7l\u0131yor. \u00c7ok uzun olmayacak, k\u0131sa ve net olacak bu yaz\u0131.<!--more--><\/p>\n<p>K\u00fct\u00fcphane k\u00fclt\u00fcr\u00fc \u00e7ocukluktan kazan\u0131lmas\u0131 veya kazand\u0131r\u0131lmas\u0131 gereken bir al\u0131\u015fkanl\u0131k. \u00c7\u00fcnk\u00fc k\u00fct\u00fcphaneler sorumluluk bilincini geli\u015ftirir, adalet duygusuyla ki\u015fisel haklara sayg\u0131 duymay\u0131 \u00f6\u011fretir. Empati kurmay\u0131 ve payla\u015fmay\u0131 \u00f6\u011fretir insana. Okuman\u0131n ne g\u00fczel oldu\u011funu \u00f6\u011fretir, \u00f6\u011fretir ki insanlar okumad\u0131klar\u0131 hi\u00e7bir \u015feyin alt\u0131na imza atmas\u0131n. \u00d6\u011fretir ki, insanlar neden evet, neden hay\u0131r dedi\u011fini bilsin. Oy kullan\u0131rken, o oyu nas\u0131l kullanmas\u0131 gerekti\u011fini, hata yaparsa sonu\u00e7lar\u0131n\u0131n ne olaca\u011f\u0131n\u0131 bilsin.<\/p>\n<p>Siyasi bir lider veya parti mensubu olursa \u00e7ocuklu\u011fundan beri k\u00fct\u00fcphane kullanmay\u0131 bilen birisi, nas\u0131l siyaset yapmas\u0131 gerekti\u011fini, adaletli olmas\u0131 gerekti\u011fini bilir. Sorumluluklar\u0131n\u0131n fark\u0131ndad\u0131r. Hayat sadece derslere girmekle \u00f6\u011frenilmez. K\u00fct\u00fcphaneden bir kitap ald\u0131\u011f\u0131nda, o kitab\u0131n iade tarihini takip etmeyi, o kitab\u0131 geciktirirse ba\u015fka insanlar\u0131 ma\u011fdur edebilece\u011fini, kaybederse ceza \u00f6deyece\u011fini \u00f6\u011frenir. Bir kitaba ihtiya\u00e7 duydu\u011funda, anne-babas\u0131na emir vermek yerine, gidip k\u00fct\u00fcphaneden eme\u011fi ile bulabilece\u011fini, kullan\u0131p tekrar b\u0131rakabilece\u011fini \u00f6\u011frenir. K\u00fct\u00fcphanede ders \u00e7al\u0131\u015f\u0131rken sessiz olmas\u0131 gerekti\u011fini, \u00e7evresinde ki insanlara sayg\u0131 duymas\u0131 gerekti\u011fini \u00f6\u011frenir. Sosyalle\u015fir ve do\u011fru ileti\u015fim kurmay\u0131 \u00f6\u011frenir. B\u00f6ylece siyasetin birbirinin a\u00e7\u0131\u011f\u0131n\u0131 aramak de\u011fil, \u00dclkenin gelece\u011fi i\u00e7in politika \u00fcretmek oldu\u011funu anlar.<\/p>\n<p>\u00c7ok k\u00fct\u00fcphane kullanan birisi, \u00e7ok okur. \u00c7ok okuyan birisi konu\u015fmay\u0131 ve hitap etmeyi \u00f6\u011frenir. Nerede nas\u0131l konu\u015faca\u011f\u0131n\u0131, kime ne \u015fekilde davranaca\u011f\u0131n\u0131 bilir. Sertli\u011fini nezaketiyle s\u00fcsler ki s\u00f6yledi\u011fi ve yapt\u0131\u011f\u0131 dayak yemekten beter eder.<\/p>\n<p>S\u00f6z\u00fcn \u00f6z\u00fc, <strong><em>k\u00fct\u00fcphanede siyaseti de\u011fil, insanca ya\u015famaya dair ipu\u00e7lar\u0131n\u0131 \u00f6\u011frenirsiniz.<\/em><\/strong> Gelin, biz buraday\u0131z. Gelecek nesiller i\u00e7in, k\u00fct\u00fcphanelerin tozlu kitaplarla dolu depolar olmad\u0131\u011f\u0131n\u0131 g\u00f6rmek i\u00e7in, ufkunuzu a\u00e7mak i\u00e7in, \u00e7ocuklar\u0131n\u0131z\u0131 d\u00fcnyan\u0131n k\u00f6t\u00fc y\u00fcz\u00fcnden korumak i\u00e7in, haydi, kalk\u0131n ve evinize en yak\u0131n k\u00fct\u00fcphaneye gidin. G\u00f6receksiniz harikalar diyar\u0131 nas\u0131l bir yermi\u015f\u2026<\/p>\n<p>Kitapla ve mutlulukla kalman\u0131z dile\u011fimle.<\/p>\n","protected":false},"excerpt":{"rendered":"<p>[avatar user=&#8221;sezginyilmaz&#8221; \/] Sezgin YILMAZ \u00d6d\u00fcn\u00e7 Verme, Referans ve Elektronik Kaynaklar Sorumlusu\/FMV I\u015f\u0131k \u00dcniversitesi K\u00fct\u00fcphanesi Ba\u015fl\u0131\u011f\u0131 g\u00f6r\u00fcnce \u201cNe alaka?\u201d diyeceksiniz belki. Ama \u00e7ok alakas\u0131 var. Bu yaz\u0131 herhangi bir siyasi ideolojiyi desteklemiyor. Veya hi\u00e7birisi ile alakal\u0131 g\u00f6r\u00fc\u015f bildirmiyor. Bu yaz\u0131 k\u00fct\u00fcphanelerin, kitap deposu olmad\u0131\u011f\u0131n\u0131n bir ba\u015fka kan\u0131t\u0131 olmay\u0131 ama\u00e7l\u0131yor. \u00c7ok uzun olmayacak, k\u0131sa ve net [&hellip;]<\/p>\n","protected":false},"author":151,"featured_media":26376,"comment_status":"open","ping_status":"open","sticky":false,"template":"","format":"standard","meta":{"footnotes":""},"categories":[],"tags":[1460,1123],"class_list":["post-26375","post","type-post","status-publish","format-standard","has-post-thumbnail","hentry","tag-kose-yazarlari","tag-sezgin-yilmaz"],"_links":{"self":[{"href":"https:\/\/www.bbyhaber.com\/bby\/wp-json\/wp\/v2\/posts\/26375"}],"collection":[{"href":"https:\/\/www.bbyhaber.com\/bby\/wp-json\/wp\/v2\/posts"}],"about":[{"href":"https:\/\/www.bbyhaber.com\/bby\/wp-json\/wp\/v2\/types\/post"}],"author":[{"embeddable":true,"href":"https:\/\/www.bbyhaber.com\/bby\/wp-json\/wp\/v2\/users\/151"}],"replies":[{"embeddable":true,"href":"https:\/\/www.bbyhaber.com\/bby\/wp-json\/wp\/v2\/comments?post=26375"}],"version-history":[{"count":1,"href":"https:\/\/www.bbyhaber.com\/bby\/wp-json\/wp\/v2\/posts\/26375\/revisions"}],"predecessor-version":[{"id":26377,"href":"https:\/\/www.bbyhaber.com\/bby\/wp-json\/wp\/v2\/posts\/26375\/revisions\/26377"}],"wp:featuredmedia":[{"embeddable":true,"href":"https:\/\/www.bbyhaber.com\/bby\/wp-json\/wp\/v2\/media\/26376"}],"wp:attachment":[{"href":"https:\/\/www.bbyhaber.com\/bby\/wp-json\/wp\/v2\/media?parent=26375"}],"wp:term":[{"taxonomy":"category","embeddable":true,"href":"https:\/\/www.bbyhaber.com\/bby\/wp-json\/wp\/v2\/categories?post=26375"},{"taxonomy":"post_tag","embeddable":true,"href":"https:\/\/www.bbyhaber.com\/bby\/wp-json\/wp\/v2\/tags?post=26375"}],"curies":[{"name":"wp","href":"https:\/\/api.w.org\/{rel}","templated":true}]}}