{"id":26337,"date":"2019-03-26T16:04:22","date_gmt":"2019-03-26T13:04:22","guid":{"rendered":"http:\/\/www.bbyhaber.com\/bby\/?p=26337"},"modified":"2019-03-26T16:04:22","modified_gmt":"2019-03-26T13:04:22","slug":"tkd-baskani-ali-fuat-kartalin-55-kutuphane-haftasi-acilis-konusmasi","status":"publish","type":"post","link":"https:\/\/www.bbyhaber.com\/bby\/2019\/03\/26\/tkd-baskani-ali-fuat-kartalin-55-kutuphane-haftasi-acilis-konusmasi","title":{"rendered":"TKD Ba\u015fkan\u0131 Ali Fuat Kartal\u2019\u0131n 55.K\u00fct\u00fcphane Haftas\u0131 a\u00e7\u0131l\u0131\u015f konu\u015fmas\u0131"},"content":{"rendered":"<p><strong><a href=\"http:\/\/www.bbyhaber.com\/bby\/wp-content\/uploads\/2019\/03\/ali-fuat-kartal-acilis-konusmasi-55.kutuphane-haftasi.jpg\"><img loading=\"lazy\" decoding=\"async\" class=\"alignleft size-full wp-image-26338\" src=\"http:\/\/www.bbyhaber.com\/bby\/wp-content\/uploads\/2019\/03\/ali-fuat-kartal-acilis-konusmasi-55.kutuphane-haftasi.jpg\" alt=\"\" width=\"390\" height=\"180\" \/><\/a>T\u00fcrk K\u00fct\u00fcphaneciler Derne\u011fi (TKD) Genel Ba\u015fkan\u0131 Ali Fuat Kartal&#8217;\u0131n\u00a0<a href=\"https:\/\/www.bbyhaber.com\/bby\/tag\/55-kutuphane-haftasi\" target=\"_blank\" rel=\"noopener\">55.K\u00fct\u00fcphane Haftas\u0131<\/a>\u00a0nedeniyle d\u00fcn ger\u00e7ekle\u015ftirdi\u011fi\u00a0<\/strong>a\u00e7\u0131l\u0131\u015f konu\u015fmas\u0131n\u0131 bug\u00fcn sizlerle payla\u015fmak istiyoruz<strong>. Konu\u015fma metni a\u015fa\u011f\u0131daki gibidir:<\/strong><\/p>\n<p>De\u011ferli Konuklar, Sevgili Meslekta\u015flar\u0131m De\u011fi\u015fen Toplum, D\u00f6n\u00fc\u015fen K\u00fct\u00fcphaneler ana temas\u0131 ile kutlayaca\u011f\u0131m\u0131z <strong>55. K\u00fct\u00fcphane Haftas\u0131<\/strong>\u2019n\u0131n a\u00e7\u0131l\u0131\u015f\u0131na ho\u015f geldiniz. Hepinizi sayg\u0131yla selaml\u0131yorum.<\/p>\n<p>De\u011ferli Konuklar<!--more--><\/p>\n<p>Toplumsal de\u011fi\u015fme kavram\u0131 bir\u00e7ok kavramda oldu\u011fu gibi 18. Y\u00fczy\u0131l\u0131n sonunda ya\u015fanan Frans\u0131z Devrimi ile Sanayi Devrimi\u2019nin sonucunda ortaya \u00e7\u0131km\u0131\u015ft\u0131r.<br \/>\nK\u0131saca toplumsal de\u011fi\u015fme ile kast edilen, toplumu olu\u015fturan bireyler, gruplar, etnik topluluklar, toplumsal cinsiyetler vb. aras\u0131ndaki sistematik ili\u015fkiler b\u00fct\u00fcn\u00fcnde ya\u015fanan d\u00f6n\u00fc\u015f\u00fcmd\u00fcr.<br \/>\nToplumsal de\u011fi\u015fmeyi etkileyen yukar\u0131da sayd\u0131klar\u0131m gibi pek \u00e7ok fakt\u00f6r bulunmaktad\u0131r. Bu fakt\u00f6rlerin bir k\u0131sm\u0131, di\u011ferlerinden daha fazla belirleyici role sahip olmas\u0131na ra\u011fmen, hepsi de birbirleriyle ili\u015fkilidir. Toplumsal de\u011fi\u015fimin ka\u00e7\u0131n\u0131lmaz olarak ya\u015fand\u0131\u011f\u0131 konusunda hemen herkesin hem fikir oldu\u011fu g\u00fcn\u00fcm\u00fczde, san\u0131r\u0131m bizim yapmam\u0131z gereken daha iyi bir toplum kurulmas\u0131 y\u00f6n\u00fcndeki ideali temel alan d\u00fc\u015f\u00fcnceleri savunmak olmal\u0131d\u0131r.<\/p>\n<p>Bir toplumdaki de\u011fi\u015fimi do\u011fru bir \u015fekilde g\u00f6rebilmek i\u00e7in tarihsel geli\u015fmelere bakmak laz\u0131m. Bu kapsamda T\u00fcrkiye\u2019deki toplumsal de\u011fi\u015fimi a\u00e7\u0131klayabilmek i\u00e7in modern T\u00fcrkiye\u2019nin olu\u015fum tarihini incelemek gerekir.<\/p>\n<p>Toplumu ger\u00e7ekten anlaman\u0131n ve gelecekte nas\u0131l hareket edece\u011fini tahmin etmenin belirgin yollar\u0131ndan birinin, ge\u00e7mi\u015fte nas\u0131l bir de\u011fi\u015fim g\u00f6sterdi\u011fini incelemekten ge\u00e7ti\u011fini biliyoruz.<\/p>\n<p>Bu ba\u011flamda KONDA Ara\u015ft\u0131rma \u015eirketi; her seferinde 5 binin \u00fcst\u00fcnde insanla y\u00fcz y\u00fcze g\u00f6r\u00fc\u015ferek olu\u015fturdu\u011fu son 10 y\u0131l\u0131n verilerinin sonu\u00e7lar\u0131n\u0131 payla\u015ft\u0131.<br \/>\nSon 10 y\u0131ll\u0131k d\u00f6nemde, T\u00fcrkiye toplumunun bir\u00e7ok a\u00e7\u0131dan nas\u0131l de\u011fi\u015fti\u011fini anlamam\u0131z\u0131 sa\u011flayacak verilerin \u00f6zetini, sizlerle payla\u015fmak istiyorum.<\/p>\n<p>Toplum daha e\u011fitimli hale gelmi\u015f; ama annelerin h\u00e2l\u00e2 \u00fc\u00e7te biri okuryazar de\u011fil.<br \/>\nApartmanlarda daha fazla ya\u015f\u0131yoruz; ancak kirac\u0131 say\u0131s\u0131nda art\u0131\u015f olmu\u015f.<br \/>\n\u00c7ift\u00e7ilerin say\u0131s\u0131 yok olma noktas\u0131na gelmi\u015f; fakat esnaf say\u0131m\u0131z artm\u0131\u015f.<br \/>\nDaha ge\u00e7 evlenir hale gelmi\u015fiz. Gen\u00e7ler daha fazla kar\u015f\u0131l\u0131kl\u0131 anla\u015farak evlenir olmu\u015f; ama halen \u00e7o\u011funluk g\u00f6r\u00fcc\u00fc usul\u00fc ile evleniyor.<br \/>\nDindarl\u0131kta veya \u00f6rt\u00fcnmede b\u00fcy\u00fck de\u011fi\u015fiklik olmam\u0131\u015f. Ancak, inan\u00e7s\u0131zlar biraz daha g\u00f6r\u00fcn\u00fcr olmu\u015f.<br \/>\nKad\u0131n \u00f6zg\u00fcrl\u00fc\u011f\u00fcne bak\u0131\u015f a\u00e7\u0131m\u0131zda geli\u015fme olmu\u015f; ama halen \u00e7o\u011funluk \u201ckad\u0131n \u00e7al\u0131\u015fmak i\u00e7in e\u015finden izin almal\u0131d\u0131r\u201d diyor.<br \/>\nGazete okuyanlar \u00fc\u00e7te ikiden \u00fc\u00e7te bire d\u00fc\u015fm\u00fc\u015f; fakat sosyal medya kullananlar iki kat\u0131na \u00e7\u0131km\u0131\u015f.<\/p>\n<p>De\u011ferli konuklar<br \/>\nK\u00fct\u00fcphanelerin sadece, kitaplar\u0131n toplan\u0131p korundu\u011fu, d\u00fczenlendi\u011fi ya da okundu\u011fu yer olmaktan \u00e7\u0131karak bug\u00fcnk\u00fc erginli\u011fini kazanmas\u0131 uzun bir s\u00fcre\u00e7 alm\u0131\u015ft\u0131r.<\/p>\n<p>Bilgi \u00e7a\u011f\u0131 olarak da adland\u0131r\u0131lan 21. y\u00fczy\u0131lda, de\u011fi\u015fimin etkisi her alanda oldu\u011fu gibi k\u00fct\u00fcphanelerde de kendisini g\u00f6stermi\u015ftir. <strong>K\u00fct\u00fcphaneler bilgi ve ileti\u015fim teknolojilerinin etkisiyle kavram ve i\u00e7erik olarak de\u011fi\u015fime u\u011fram\u0131\u015ft\u0131r.<\/strong><\/p>\n<p><strong><em>Bilgi ve ileti\u015fim teknolojilerinin k\u00fct\u00fcphanelerde yaratt\u0131\u011f\u0131 de\u011fi\u015fim ve d\u00f6n\u00fc\u015f\u00fcm ile birlikte, k\u00fct\u00fcphane dermesinin \u00f6zellikle bas\u0131l\u0131 kaynaklardan ziyade elektronik kaynaklara y\u00f6neldi\u011fini g\u00f6zlemekteyiz.<\/em><\/strong>\u00a0Dolay\u0131s\u0131yla k\u00fct\u00fcphanelerinin varl\u0131klar\u0131n\u0131 devam ettirebilmeleri i\u00e7in kullan\u0131c\u0131 ihtiya\u00e7 ve beklentilerine cevap verebilecek, farkl\u0131 stratejiler izlemesi gerekmektedir.\u00a0Zira <strong><em>g\u00fcn\u00fcm\u00fczde k\u00fct\u00fcphaneler<\/em><\/strong> \u00f6d\u00fcn\u00e7 alma yerlerinden ziyade, <strong><em>dijital bir d\u00fcnyada y\u00f6n bulmam\u0131z\u0131 sa\u011flayan k\u0131lavuzluk g\u00f6revi yapmaktad\u0131r<\/em><\/strong>.<br \/>\nDijital e\u015fitsizli\u011fin, toplumdaki e\u015fitsizli\u011fi yeniden \u00fcretmekle kalmay\u0131p daha da derinle\u015ftirdi\u011fine dair g\u00f6r\u00fc\u015flere de kat\u0131lmamak elde de\u011fil. Zira dijitalle\u015fme koskoca bir k\u00fct\u00fcphaneyi parmaklar\u0131n\u0131z\u0131n ucuna getiriyor; fakat e\u011fer bu beceriye ya da olanaklara sahip de\u011filsek, bilgiye ula\u015fmam\u0131z daha da zorla\u015facakt\u0131r. \u0130\u015fte tam da bu noktada \u00f6zellikle dezavantajl\u0131 gruplar i\u00e7in g\u00fcn\u00fcm\u00fcz k\u00fct\u00fcphanelerinin i\u015flevi devreye girecektir.<\/p>\n<p>G\u00fcn\u00fcm\u00fcz k\u00fct\u00fcphaneleri, toplumsal kat\u0131l\u0131mdaki f\u0131rsat e\u015fitsizli\u011fiyle, m\u00fccadele etmek gibi zorlu bir g\u00f6revle kar\u015f\u0131 kar\u015f\u0131yad\u0131r. Asl\u0131nda kimse, k\u00fct\u00fcphanelerden d\u00fcnyay\u0131 kurtarmalar\u0131n\u0131 beklemiyor; ancak bizim a\u00e7\u0131m\u0131zdan \u015funu s\u00f6yleyebiliriz; <strong><em>k\u00fct\u00fcphaneleri hesaba katmadan yeni bir toplum kurmakta m\u00fcmk\u00fcn de\u011fildir.<\/em><\/strong><\/p>\n<p>De\u011ferli konuklar<\/p>\n<p>Bug\u00fcn \u00fclke olarak k\u00fct\u00fcphanecilik alan\u0131nda ya\u015fad\u0131\u011f\u0131m\u0131z pek \u00e7ok sorun var. Ancak san\u0131r\u0131m herkesin hemfikir olaca\u011f\u0131 <strong><em>en \u00f6nemli sorunumuz i\u015fsizliktir<\/em><\/strong>. Bildi\u011finiz gibi son y\u0131llarda meslekta\u015flar\u0131m\u0131z ciddi anlamda istihdam sorunu ya\u015famaktalar. Tabii bu durumu T\u00fcrkiye&#8217;nin genel i\u015fsizlik sorunundan ba\u011f\u0131ms\u0131z de\u011ferlendirmekte m\u00fcmk\u00fcn de\u011fil.\u00a0Ancak bu sorunu tek ba\u015f\u0131na \u00fclkemizdeki k\u00fct\u00fcphane say\u0131s\u0131n\u0131n azl\u0131\u011f\u0131 ya da BBY B\u00f6l\u00fcmlerinin say\u0131ca fazlal\u0131\u011f\u0131 gibi normal s\u00fcre\u00e7lerde ortaya \u00e7\u0131kan basit bir sorun olarak a\u00e7\u0131klamakta m\u00fcmk\u00fcn de\u011fildir.<\/p>\n<p>Zira <strong><em>K\u00fclt\u00fcr ve Turizm Bakanl\u0131\u011f\u0131na ba\u011fl\u0131 pek \u00e7ok halk k\u00fct\u00fcphanesinde k\u00fct\u00fcphaneci bulunmamaktad\u0131r<\/em><\/strong>. \u00d6te yandan <strong><em>Milli E\u011fitim Bakanl\u0131\u011f\u0131na ba\u011fl\u0131 on binlerle ifade edilen okul k\u00fct\u00fcphanelerinde bir tane dahi k\u00fct\u00fcphaneci istihdam edilmemesi, \u00fclke olarak k\u00fct\u00fcphanecilik alan\u0131ndaki en b\u00fcy\u00fck ay\u0131plar\u0131m\u0131zdan birisidir.\u00a0<\/em><\/strong>\u00dcniversiteler konusunda Cumhurba\u015fkan\u0131 Say\u0131n Recep Tayyip Erdo\u011fan, &#8220;19 Ekim 2018 tarihinde 9 Eyl\u00fcl \u00dcniversitesi\u2019nin akademik y\u0131l a\u00e7\u0131l\u0131\u015f\u0131nda T\u00fcrkiye&#8217;nin, nas\u0131l oluyor da bug\u00fcn d\u00fcnyan\u0131n en b\u00fcy\u00fck 500 \u00fcniversitesi aras\u0131nda esamisi okunmuyor? Demek ki bir \u015feyleri kaybettik. Bir yerde bir s\u0131k\u0131nt\u0131 var. Bir \u015feyleri unuttu\u011fumuz gibi ihmal de ettik&#8221; demi\u015fti. Evet, Say\u0131n Cumhurba\u015fkan\u0131n\u0131n da belirtti\u011fi gibi i\u00e7erikte s\u0131k\u0131nt\u0131 var; \u00e7\u00fcnk\u00fc bir \u00fcniversiteyi, <strong><em>\u00fcniversite yapan k\u00fct\u00fcphanelerde yeterince bilgi kayna\u011f\u0131 ve bilgiyi y\u00f6netecek k\u00fct\u00fcphaneciniz yok ise s\u0131k\u0131nt\u0131 var demektir.\u00a0<\/em><\/strong><br \/>\nBu durum; hakim d\u00fc\u015f\u00fcncenin bilgiye bak\u0131\u015f a\u00e7\u0131s\u0131n\u0131n yan\u0131 s\u0131ra, toplumsal, siyasal, k\u00fclt\u00fcrel ve \u00f6rg\u00fctsel yap\u0131lardaki art\u0131k kan\u0131ksan\u0131r hale gelmi\u015f duyars\u0131zl\u0131klardan kaynaklanmaktad\u0131r.\u00a0Bildi\u011finiz gibi mesle\u011fimiz a\u00e7\u0131s\u0131ndan bu duyars\u0131zl\u0131\u011f\u0131n en pervas\u0131z \u00f6rne\u011fini en son Osmaniye Korkut Ata \u00dcniversitesi BBY B\u00f6l\u00fcm\u00fcne al\u0131nacak \u00f6\u011fretim \u00fcyesi ilan\u0131nda g\u00f6rm\u00fc\u015ft\u00fck.\u00a0Fakat derne\u011fimizin a\u00e7t\u0131\u011f\u0131 davan\u0131n \u00fc\u00e7 hafta \u00f6nce lehimize sonu\u00e7lanm\u0131\u015f olmas\u0131, gelecek a\u00e7\u0131s\u0131ndan bizlere umut \u0131\u015f\u0131\u011f\u0131 olmu\u015ftur.<\/p>\n<p>Son g\u00fcnlerde g\u00fcndemde olan bir ba\u015fka konu ise k\u00fct\u00fcphanelerin 24 saat a\u00e7\u0131k olup olmama meselesi var; ki k\u00fct\u00fcphane kanunu, k\u00fct\u00fcphanecilerin istihdam\u0131 ve \u00f6zl\u00fck haklar\u0131 gibi temel sorunlar\u0131m\u0131z\u0131 \u00e7\u00f6zmeden, k\u00fct\u00fcphaneleri yirmi d\u00f6rt saat a\u00e7\u0131k tutma kampanyalar\u0131 ba\u015flatmak, k\u00fct\u00fcphanecilik ger\u00e7eklili\u011fimiz ile ne kadar \u00f6rt\u00fc\u015fmektedir?\u00a0Bu konuyu her y\u00f6n\u00fcyle Cuma g\u00fcnk\u00fc oturumda tart\u0131\u015faca\u011f\u0131m\u0131z i\u00e7in \u015fimdilik konuya dikkatlerinizi \u00e7ekmekle yetinece\u011fim.<\/p>\n<p>De\u011ferli Konuklar,<\/p>\n<p>Her y\u0131l K\u00fct\u00fcphane Haftalar\u0131nda geleneksel olarak verdi\u011fimiz y\u0131l\u0131n \u201c<strong>En Ba\u015far\u0131l\u0131 K\u00fct\u00fcphane<\/strong>\u201d \u00f6d\u00fcl\u00fcn\u00fc y\u00f6netim kurulumuz bu sene; kamuoyunda k\u00fct\u00fcphane k\u00fclt\u00fcr\u00fcn\u00fcn olu\u015fmas\u0131na yapt\u0131\u011f\u0131 katk\u0131lardan dolay\u0131, <strong>Adnan \u00d6t\u00fcken \u0130l Halk K\u00fct\u00fcphanesi<\/strong>ne vermeyi kararla\u015ft\u0131rm\u0131\u015ft\u0131r. Meslekta\u015flar\u0131m\u0131z\u0131 tebrik ediyor, ba\u015far\u0131lar\u0131n\u0131n devam\u0131n\u0131 diliyoruz.<\/p>\n<p>Bu sene yine k\u00fct\u00fcphanelerden ald\u0131\u011f\u0131m\u0131z \u00f6d\u00fcn\u00e7 alma istatistikleri sonucu 2018 y\u0131l\u0131n\u0131n en \u00e7ok okunan kitaplar\u0131n\u0131 tespit ettik.\u00a0Buna g\u00f6re yeti\u015fkin edebiyat\u0131nda Sebahattin Ali\u2019nin K\u00fcrk Mantolu Madonna ile \u0130nk\u0131lap Kitabevi\u2019nin yay\u0131nlad\u0131\u011f\u0131 Re\u015fat Nuri G\u00fcntekin&#8217;in \u00c7al\u0131ku\u015fu romanlar\u0131, k\u00fct\u00fcphanelerden en \u00e7ok \u00f6d\u00fcn\u00e7 al\u0131nan kitaplar olmu\u015ftur.\u00a0\u00c7ocuk edebiyat\u0131nda ise Beyaz Balina yay\u0131nlar\u0131ndan \u00e7\u0131kan Canavar Pe\u015finde adl\u0131 \u00e7eviri kitap 2017 y\u0131l\u0131nda oldu\u011fu gibi 2018 y\u0131l\u0131nda da k\u00fct\u00fcphanelerde en \u00e7ok \u00f6d\u00fcn\u00e7 al\u0131nan \u00e7ocuk kitab\u0131 olmu\u015ftur. Yay\u0131n evlerimizi tebrik ediyor \u00e7al\u0131\u015fmalar\u0131nda ba\u015far\u0131lar diliyoruz.<\/p>\n<p>2012 y\u0131l\u0131nda ba\u015flatt\u0131\u011f\u0131m\u0131z ve geleneksel olarak her y\u0131l k\u00fct\u00fcphane haftas\u0131 kapsam\u0131nda tekrarlad\u0131\u011f\u0131m\u0131z \u201c81 \u0130lde Kitap Okuyoruz\u201d okuma etkinli\u011finin bu sene 8.cisi yap\u0131lacakt\u0131r. Bu sene t\u00fcm yurt genelinde 27 Mart 2019 \u00c7ar\u015famba g\u00fcn\u00fc 12.30-13.00 saatleri aras\u0131nda yap\u0131lacak olan etkinlik, Ankara\u2019da Abdi \u0130pek\u00e7i Park\u0131nda yap\u0131lacakt\u0131. Ancak Ankara Valili\u011fi g\u00fcvenlik gerek\u00e7esiyle etkinli\u011fin yap\u0131lmas\u0131na izin vermemi\u015ftir.<\/p>\n<p>De\u011ferli Konuklar<\/p>\n<p>Konu\u015fmam\u0131 55.K\u00fct\u00fcphane Haftas\u0131 Program\u0131n\u0131 birlikte haz\u0131rlad\u0131\u011f\u0131m\u0131z \u00dcniversite ve Ara\u015ft\u0131rma K\u00fct\u00fcphanecileri Derne\u011fi\u2019ne, Okul K\u00fct\u00fcphanecileri Derne\u011fi\u2019ne Goethe Enstit\u00fcs\u00fc\u2019ne, di\u011fer payda\u015flar\u0131m\u0131za, haftam\u0131z\u0131n sponsorlar\u0131na ve hafta boyunca g\u00f6rev alacak olan t\u00fcm \u00f6\u011frenci arkada\u015flar\u0131ma te\u015fekk\u00fcr ederek tamaml\u0131yor, haftan\u0131n \u00fclkemize, d\u00fcnyaya bar\u0131\u015f ve g\u00fczellikler getirmesini diliyorum.<\/p>\n<p><strong><em>Ali Fuat Kartal<\/em><\/strong><br \/>\n<strong><em>T\u00fcrk K\u00fct\u00fcphaneciler Derne\u011fi<\/em><\/strong><br \/>\n<strong><em>Genel Ba\u015fkan\u0131<\/em><\/strong><br \/>\n<strong><em>25 Mart 2019<\/em><\/strong><\/p>\n","protected":false},"excerpt":{"rendered":"<p>T\u00fcrk K\u00fct\u00fcphaneciler Derne\u011fi (TKD) Genel Ba\u015fkan\u0131 Ali Fuat Kartal&#8217;\u0131n\u00a055.K\u00fct\u00fcphane Haftas\u0131\u00a0nedeniyle d\u00fcn ger\u00e7ekle\u015ftirdi\u011fi\u00a0a\u00e7\u0131l\u0131\u015f konu\u015fmas\u0131n\u0131 bug\u00fcn sizlerle payla\u015fmak istiyoruz. Konu\u015fma metni a\u015fa\u011f\u0131daki gibidir: De\u011ferli Konuklar, Sevgili Meslekta\u015flar\u0131m De\u011fi\u015fen Toplum, D\u00f6n\u00fc\u015fen K\u00fct\u00fcphaneler ana temas\u0131 ile kutlayaca\u011f\u0131m\u0131z 55. K\u00fct\u00fcphane Haftas\u0131\u2019n\u0131n a\u00e7\u0131l\u0131\u015f\u0131na ho\u015f geldiniz. Hepinizi sayg\u0131yla selaml\u0131yorum. De\u011ferli Konuklar<\/p>\n","protected":false},"author":1,"featured_media":26338,"comment_status":"open","ping_status":"open","sticky":false,"template":"","format":"standard","meta":{"footnotes":""},"categories":[1525,1],"tags":[1461],"class_list":["post-26337","post","type-post","status-publish","format-standard","has-post-thumbnail","hentry","category-55-kutuphane-haftasi","category-genel","tag-kutuphane-haftasi"],"_links":{"self":[{"href":"https:\/\/www.bbyhaber.com\/bby\/wp-json\/wp\/v2\/posts\/26337"}],"collection":[{"href":"https:\/\/www.bbyhaber.com\/bby\/wp-json\/wp\/v2\/posts"}],"about":[{"href":"https:\/\/www.bbyhaber.com\/bby\/wp-json\/wp\/v2\/types\/post"}],"author":[{"embeddable":true,"href":"https:\/\/www.bbyhaber.com\/bby\/wp-json\/wp\/v2\/users\/1"}],"replies":[{"embeddable":true,"href":"https:\/\/www.bbyhaber.com\/bby\/wp-json\/wp\/v2\/comments?post=26337"}],"version-history":[{"count":1,"href":"https:\/\/www.bbyhaber.com\/bby\/wp-json\/wp\/v2\/posts\/26337\/revisions"}],"predecessor-version":[{"id":26339,"href":"https:\/\/www.bbyhaber.com\/bby\/wp-json\/wp\/v2\/posts\/26337\/revisions\/26339"}],"wp:featuredmedia":[{"embeddable":true,"href":"https:\/\/www.bbyhaber.com\/bby\/wp-json\/wp\/v2\/media\/26338"}],"wp:attachment":[{"href":"https:\/\/www.bbyhaber.com\/bby\/wp-json\/wp\/v2\/media?parent=26337"}],"wp:term":[{"taxonomy":"category","embeddable":true,"href":"https:\/\/www.bbyhaber.com\/bby\/wp-json\/wp\/v2\/categories?post=26337"},{"taxonomy":"post_tag","embeddable":true,"href":"https:\/\/www.bbyhaber.com\/bby\/wp-json\/wp\/v2\/tags?post=26337"}],"curies":[{"name":"wp","href":"https:\/\/api.w.org\/{rel}","templated":true}]}}