{"id":26333,"date":"2019-03-26T13:34:38","date_gmt":"2019-03-26T10:34:38","guid":{"rendered":"http:\/\/www.bbyhaber.com\/bby\/?p=26333"},"modified":"2019-03-26T13:39:52","modified_gmt":"2019-03-26T10:39:52","slug":"cumhurbaskanligindan-kutuphane-haftasi-paylasimi","status":"publish","type":"post","link":"https:\/\/www.bbyhaber.com\/bby\/2019\/03\/26\/cumhurbaskanligindan-kutuphane-haftasi-paylasimi","title":{"rendered":"Cumhurba\u015fkanl\u0131\u011f\u0131&#8217;ndan &#8220;K\u00fct\u00fcphane Haftas\u0131&#8221; payla\u015f\u0131m\u0131"},"content":{"rendered":"<p><a href=\"http:\/\/www.bbyhaber.com\/bby\/wp-content\/uploads\/2019\/03\/cumhurbaskanlgi-kutuphane-haftasi-kutlamasi.jpg\"><img loading=\"lazy\" decoding=\"async\" class=\"alignleft size-full wp-image-26334\" src=\"http:\/\/www.bbyhaber.com\/bby\/wp-content\/uploads\/2019\/03\/cumhurbaskanlgi-kutuphane-haftasi-kutlamasi.jpg\" alt=\"\" width=\"390\" height=\"180\" \/><\/a>K\u00fct\u00fcphane Haftas\u0131 nedeniyle Cumhurba\u015fkanl\u0131\u011f\u0131 Resmi Twitter hesab\u0131ndan <a href=\"https:\/\/twitter.com\/tcbestepe\/status\/1110239760944111621\" target=\"_blank\" rel=\"noopener\">payla\u015f\u0131m yap\u0131ld\u0131<\/a>. Payla\u015f\u0131mda yer alan videoda Cumhurba\u015fkan\u0131m\u0131z Say\u0131n Recep Tayyip ERDO\u011eAN; \u2018\u00c7ocuklar, sizin de kitaplar\u0131n\u0131z ve bu \u00fclke i\u00e7in b\u00fcy\u00fck hayalleriniz olsun;<!--more--> insan, hayal etti\u011fi m\u00fcddet\u00e7e insand\u0131r. K\u00fct\u00fcphane Haftam\u0131z kutlu olsun&#8221; ifadeleriyle haftam\u0131z\u0131 kutlad\u0131.<\/p>\n","protected":false},"excerpt":{"rendered":"<p>K\u00fct\u00fcphane Haftas\u0131 nedeniyle Cumhurba\u015fkanl\u0131\u011f\u0131 Resmi Twitter hesab\u0131ndan payla\u015f\u0131m yap\u0131ld\u0131. Payla\u015f\u0131mda yer alan videoda Cumhurba\u015fkan\u0131m\u0131z Say\u0131n Recep Tayyip ERDO\u011eAN; \u2018\u00c7ocuklar, sizin de kitaplar\u0131n\u0131z ve bu \u00fclke i\u00e7in b\u00fcy\u00fck hayalleriniz olsun;<\/p>\n","protected":false},"author":1,"featured_media":26334,"comment_status":"open","ping_status":"open","sticky":false,"template":"","format":"standard","meta":{"footnotes":""},"categories":[1525,1],"tags":[1461],"class_list":["post-26333","post","type-post","status-publish","format-standard","has-post-thumbnail","hentry","category-55-kutuphane-haftasi","category-genel","tag-kutuphane-haftasi"],"_links":{"self":[{"href":"https:\/\/www.bbyhaber.com\/bby\/wp-json\/wp\/v2\/posts\/26333"}],"collection":[{"href":"https:\/\/www.bbyhaber.com\/bby\/wp-json\/wp\/v2\/posts"}],"about":[{"href":"https:\/\/www.bbyhaber.com\/bby\/wp-json\/wp\/v2\/types\/post"}],"author":[{"embeddable":true,"href":"https:\/\/www.bbyhaber.com\/bby\/wp-json\/wp\/v2\/users\/1"}],"replies":[{"embeddable":true,"href":"https:\/\/www.bbyhaber.com\/bby\/wp-json\/wp\/v2\/comments?post=26333"}],"version-history":[{"count":2,"href":"https:\/\/www.bbyhaber.com\/bby\/wp-json\/wp\/v2\/posts\/26333\/revisions"}],"predecessor-version":[{"id":26336,"href":"https:\/\/www.bbyhaber.com\/bby\/wp-json\/wp\/v2\/posts\/26333\/revisions\/26336"}],"wp:featuredmedia":[{"embeddable":true,"href":"https:\/\/www.bbyhaber.com\/bby\/wp-json\/wp\/v2\/media\/26334"}],"wp:attachment":[{"href":"https:\/\/www.bbyhaber.com\/bby\/wp-json\/wp\/v2\/media?parent=26333"}],"wp:term":[{"taxonomy":"category","embeddable":true,"href":"https:\/\/www.bbyhaber.com\/bby\/wp-json\/wp\/v2\/categories?post=26333"},{"taxonomy":"post_tag","embeddable":true,"href":"https:\/\/www.bbyhaber.com\/bby\/wp-json\/wp\/v2\/tags?post=26333"}],"curies":[{"name":"wp","href":"https:\/\/api.w.org\/{rel}","templated":true}]}}