{"id":2631,"date":"2012-02-15T18:35:24","date_gmt":"2012-02-15T18:35:24","guid":{"rendered":"http:\/\/www.bbyhaber.com\/bby\/?p=2631"},"modified":"2012-02-15T18:35:32","modified_gmt":"2012-02-15T18:35:32","slug":"dersimiz-kutuphane-projesi-kirikkale","status":"publish","type":"post","link":"https:\/\/www.bbyhaber.com\/bby\/2012\/02\/15\/dersimiz-kutuphane-projesi-kirikkale","title":{"rendered":"Dersimiz K\u00fct\u00fcphane projesi-K\u0131r\u0131kkale"},"content":{"rendered":"<p style=\"text-align: justify;\">K\u0131r\u0131kkale&#8217;nin Sulakyurt il\u00e7esinde &#8220;Dersimiz K\u00fct\u00fcphane&#8221; projesi ba\u015flat\u0131ld\u0131. Sulakyurt \u0130l\u00e7e Milli E\u011fitim M\u00fcd\u00fcrl\u00fc\u011f\u00fc Ara\u015ft\u0131rma Geli\u015ftirme (AR-GE) birimi taraf\u0131ndan ba\u015flat\u0131lan proje ile \u00f6\u011frencilere d\u00fczenli kitap okuma al\u0131\u015fkanl\u0131\u011f\u0131n\u0131n kazand\u0131r\u0131lmas\u0131n\u0131n ama\u00e7land\u0131\u011f\u0131 bildirildi.<\/p>\n<p style=\"text-align: justify;\">AR-GE birimi, \u0130l\u00e7e Halk K\u00fct\u00fcphanesi ve Cumhuriyet \u0130lk\u00f6\u011fretim Okulu&#8217;nun ortakla\u015fa kat\u0131l\u0131m\u0131 ile e\u011fitim \u00f6\u011fretim y\u0131l\u0131 sonuna kadar devam edecek olan projeye, 2. ve 8. s\u0131n\u0131f \u00f6\u011frencileri kat\u0131ld\u0131. Proje kapsam\u0131nda \u00f6\u011frenciler, haftada bir g\u00fcn bir saat olarak rotasyonlu bir \u015fekilde \u00f6\u011fretmenleri kontrol\u00fcnde \u0130l\u00e7e Halk K\u00fct\u00fcphanesine g\u00f6t\u00fcr\u00fclmeye ba\u015fland\u0131. \u00d6\u011frenciler, ilk kitap okumalar\u0131n\u0131 \u00f6\u011fretmenleriyle birlikte k\u00fct\u00fcphanede yapt\u0131lar.<\/p>\n<p style=\"text-align: justify;\">\u0130l\u00e7e Milli E\u011fitim M\u00fcd\u00fcr\u00fc Recep Y\u0131ld\u0131r\u0131m, yapt\u0131\u011f\u0131 a\u00e7\u0131klamada, proje sayesinde \u00f6\u011frencilere d\u00fczenli okumay\u0131 kazand\u0131rman\u0131n yan\u0131nda k\u00fct\u00fcphane imkanlar\u0131ndan da yaralanma al\u0131\u015fkanl\u0131\u011f\u0131n\u0131n kazand\u0131r\u0131ld\u0131\u011f\u0131n\u0131 s\u00f6yledi.<\/p>\n<p style=\"text-align: justify;\">Y\u0131ld\u0131r\u0131m, &#8220;\u0130l\u00e7emizde farkl\u0131 bir projeyle ilk\u00f6\u011fretim okulu \u00f6\u011frencilerinin okulun d\u0131\u015f\u0131nda k\u00fct\u00fcphane ortam\u0131nda okumay\u0131 sevme, d\u00fczenli okumaya al\u0131\u015ft\u0131rma ve bilgiye ula\u015fmada kaynak eserlerin kullan\u0131lmas\u0131na y\u00f6nelik etkinli\u011fimiz ba\u015flad\u0131. \u00d6\u011frencilerimiz k\u00fct\u00fcphanede ister kendi kitab\u0131n\u0131 isterse kaynak eserleri tercih ederek \u00f6\u011fretmenleriyle birlikte okuma yapabilecekler. Bu projede as\u0131l hedefimiz, \u00f6\u011frencileri k\u00fct\u00fcphaneye al\u0131\u015ft\u0131rmak, buradaki imkanlar\u0131 kullan\u0131rken sorumluluk almalar\u0131n\u0131 sa\u011flamak, kendisine rehberlik eden \u00f6\u011fretmeni ile birlikte ara\u015ft\u0131rma becerisini kazand\u0131rmak ve \u00f6\u011frencilerin okumadan haz duymalar\u0131n\u0131 sa\u011flamakt\u0131r. Ayn\u0131 projeyi gelecek y\u0131lki e\u011fitim \u00f6\u011fretim y\u0131l\u0131 i\u00e7inde de uygulanmas\u0131 i\u00e7in planlamalar\u0131m\u0131z\u0131 yapm\u0131\u015f durumday\u0131z&#8221; dedi.<\/p>\n<p style=\"text-align: justify;\">Kaynak:\u00a0http:\/\/www.haberciniz.biz<\/p>\n","protected":false},"excerpt":{"rendered":"<p>K\u0131r\u0131kkale&#8217;nin Sulakyurt il\u00e7esinde &#8220;Dersimiz K\u00fct\u00fcphane&#8221; projesi ba\u015flat\u0131ld\u0131. Sulakyurt \u0130l\u00e7e Milli E\u011fitim M\u00fcd\u00fcrl\u00fc\u011f\u00fc Ara\u015ft\u0131rma Geli\u015ftirme (AR-GE) birimi taraf\u0131ndan ba\u015flat\u0131lan proje ile \u00f6\u011frencilere d\u00fczenli kitap okuma al\u0131\u015fkanl\u0131\u011f\u0131n\u0131n kazand\u0131r\u0131lmas\u0131n\u0131n ama\u00e7land\u0131\u011f\u0131 bildirildi. AR-GE birimi, \u0130l\u00e7e Halk K\u00fct\u00fcphanesi ve Cumhuriyet \u0130lk\u00f6\u011fretim Okulu&#8217;nun ortakla\u015fa kat\u0131l\u0131m\u0131 ile e\u011fitim \u00f6\u011fretim y\u0131l\u0131 sonuna kadar devam edecek olan projeye, 2. ve 8. s\u0131n\u0131f \u00f6\u011frencileri kat\u0131ld\u0131. [&hellip;]<\/p>\n","protected":false},"author":1,"featured_media":0,"comment_status":"open","ping_status":"open","sticky":false,"template":"","format":"standard","meta":{"footnotes":""},"categories":[1],"tags":[848],"class_list":["post-2631","post","type-post","status-publish","format-standard","hentry","category-genel","tag-halk-kutuphaneleri"],"_links":{"self":[{"href":"https:\/\/www.bbyhaber.com\/bby\/wp-json\/wp\/v2\/posts\/2631"}],"collection":[{"href":"https:\/\/www.bbyhaber.com\/bby\/wp-json\/wp\/v2\/posts"}],"about":[{"href":"https:\/\/www.bbyhaber.com\/bby\/wp-json\/wp\/v2\/types\/post"}],"author":[{"embeddable":true,"href":"https:\/\/www.bbyhaber.com\/bby\/wp-json\/wp\/v2\/users\/1"}],"replies":[{"embeddable":true,"href":"https:\/\/www.bbyhaber.com\/bby\/wp-json\/wp\/v2\/comments?post=2631"}],"version-history":[{"count":0,"href":"https:\/\/www.bbyhaber.com\/bby\/wp-json\/wp\/v2\/posts\/2631\/revisions"}],"wp:attachment":[{"href":"https:\/\/www.bbyhaber.com\/bby\/wp-json\/wp\/v2\/media?parent=2631"}],"wp:term":[{"taxonomy":"category","embeddable":true,"href":"https:\/\/www.bbyhaber.com\/bby\/wp-json\/wp\/v2\/categories?post=2631"},{"taxonomy":"post_tag","embeddable":true,"href":"https:\/\/www.bbyhaber.com\/bby\/wp-json\/wp\/v2\/tags?post=2631"}],"curies":[{"name":"wp","href":"https:\/\/api.w.org\/{rel}","templated":true}]}}