{"id":2628,"date":"2012-02-15T18:29:50","date_gmt":"2012-02-15T18:29:50","guid":{"rendered":"http:\/\/www.bbyhaber.com\/bby\/?p=2628"},"modified":"2012-09-07T17:51:22","modified_gmt":"2012-09-07T14:51:22","slug":"karatayda-75-okula-75-kutuphane-ve-75-bin-kitap-projesi-konya","status":"publish","type":"post","link":"https:\/\/www.bbyhaber.com\/bby\/2012\/02\/15\/karatayda-75-okula-75-kutuphane-ve-75-bin-kitap-projesi-konya","title":{"rendered":"Karatay&#8217;da 75 Okula 75 K\u00fct\u00fcphane ve 75 Bin Kitap Projesi-Konya"},"content":{"rendered":"<p style=\"text-align: justify;\">Konya&#8217;n\u0131n merkez Karatay \u0130l\u00e7e Belediyesi, &#8220;75 Okula 75 K\u00fct\u00fcphane ve 75 Bin Kitap&#8221; projesi kapsam\u0131nda k\u00fct\u00fcphane yap\u0131m \u00e7al\u0131\u015fmalar\u0131nda son a\u015famaya geldi. Yap\u0131lan \u00e7al\u0131\u015fmalar sonucunda okullar\u0131n k\u00fclt\u00fcrel eksiklerinin k\u0131smen de olsa tamamlanm\u0131\u015f olaca\u011f\u0131n\u0131 ve \u00f6\u011frenciler i\u00e7in k\u00fclt\u00fcrel alt yap\u0131 olu\u015fturuldu\u011funu ifade eden Karatay Belediye Ba\u015fkan\u0131 Mehmet Han\u00e7erli, &#8220;K\u00fct\u00fcphanelerde Karatay \u0130l\u00e7e Milli E\u011fitim Komisyonu&#8217;nun belirledi\u011fi, \u00f6\u011frencilerin derslerine yard\u0131mc\u0131 olacak atlas ve ders kitaplar\u0131n\u0131n yan\u0131 s\u0131ra,<!--more--> T\u00fcrk ve D\u00fcnya klasikleri, \u00f6yk\u00fc, roman, \u015fiir, masal, ara\u015ft\u0131rma-incelemeler ve biyografiler gibi genel k\u00fclt\u00fcre y\u00f6nelik eserler de yer alacak. \u00d6\u011frencilerin ders d\u0131\u015f\u0131nda da okuma al\u0131\u015fkanl\u0131\u011f\u0131 edinmesine y\u00f6nelik \u00e7al\u0131\u015fmada okuma i\u00e7in uygun ortam\u0131n da sa\u011flanmas\u0131 hedeflendi. E\u011fitime olan deste\u011fimiz devam edecek&#8221; dedi.<\/p>\n<p style=\"text-align: justify;\">Di\u011fer il\u00e7elere g\u00f6re Karatay&#8217;daki s\u0131n\u0131flarda mevcut \u00f6\u011frenci ortalamas\u0131n\u0131n 30 ki\u015fi seviyelerinde oldu\u011funu belirten Ba\u015fkan Han\u00e7erli, hay\u0131rsever vatanda\u015flar\u0131n, \u0130l \u00d6zel \u0130daresi&#8217;nin ve belediyenin yapt\u0131rd\u0131\u011f\u0131 okullar ile Karatay&#8217;da e\u011fitim yuvalar\u0131n\u0131n bir bir \u00e7o\u011fald\u0131\u011f\u0131n\u0131 belirtti. Karatay&#8217;da 75 Okula 75 K\u00fct\u00fcphane Ve 75 Bin Kitap Projesi&#8217;nde Sona Yakla\u015f\u0131ld\u0131 ba\u015fl\u0131kl\u0131 ve Konya&#8217;n\u0131n merkez Karatay \u0130l\u00e7e Belediyesi, &#8220;75 Okula 75 K\u00fct\u00fcphane ve 75 Bin Kitap&#8221; projesi kapsam\u0131nda k\u00fct\u00fcphane yap\u0131m \u00e7al\u0131\u015fmalar\u0131nda son a\u015famaya geldi. \u00f6zetli haberi okudunuz.<\/p>\n<p style=\"text-align: justify;\">Kaynak: http:\/\/www.medya73.com<\/p>\n","protected":false},"excerpt":{"rendered":"<p>Konya&#8217;n\u0131n merkez Karatay \u0130l\u00e7e Belediyesi, &#8220;75 Okula 75 K\u00fct\u00fcphane ve 75 Bin Kitap&#8221; projesi kapsam\u0131nda k\u00fct\u00fcphane yap\u0131m \u00e7al\u0131\u015fmalar\u0131nda son a\u015famaya geldi. Yap\u0131lan \u00e7al\u0131\u015fmalar sonucunda okullar\u0131n k\u00fclt\u00fcrel eksiklerinin k\u0131smen de olsa tamamlanm\u0131\u015f olaca\u011f\u0131n\u0131 ve \u00f6\u011frenciler i\u00e7in k\u00fclt\u00fcrel alt yap\u0131 olu\u015fturuldu\u011funu ifade eden Karatay Belediye Ba\u015fkan\u0131 Mehmet Han\u00e7erli, &#8220;K\u00fct\u00fcphanelerde Karatay \u0130l\u00e7e Milli E\u011fitim Komisyonu&#8217;nun belirledi\u011fi, \u00f6\u011frencilerin derslerine [&hellip;]<\/p>\n","protected":false},"author":1,"featured_media":0,"comment_status":"open","ping_status":"open","sticky":false,"template":"","format":"standard","meta":{"footnotes":""},"categories":[],"tags":[845],"class_list":["post-2628","post","type-post","status-publish","format-standard","hentry","tag-okul-kutuphaneleri"],"_links":{"self":[{"href":"https:\/\/www.bbyhaber.com\/bby\/wp-json\/wp\/v2\/posts\/2628"}],"collection":[{"href":"https:\/\/www.bbyhaber.com\/bby\/wp-json\/wp\/v2\/posts"}],"about":[{"href":"https:\/\/www.bbyhaber.com\/bby\/wp-json\/wp\/v2\/types\/post"}],"author":[{"embeddable":true,"href":"https:\/\/www.bbyhaber.com\/bby\/wp-json\/wp\/v2\/users\/1"}],"replies":[{"embeddable":true,"href":"https:\/\/www.bbyhaber.com\/bby\/wp-json\/wp\/v2\/comments?post=2628"}],"version-history":[{"count":0,"href":"https:\/\/www.bbyhaber.com\/bby\/wp-json\/wp\/v2\/posts\/2628\/revisions"}],"wp:attachment":[{"href":"https:\/\/www.bbyhaber.com\/bby\/wp-json\/wp\/v2\/media?parent=2628"}],"wp:term":[{"taxonomy":"category","embeddable":true,"href":"https:\/\/www.bbyhaber.com\/bby\/wp-json\/wp\/v2\/categories?post=2628"},{"taxonomy":"post_tag","embeddable":true,"href":"https:\/\/www.bbyhaber.com\/bby\/wp-json\/wp\/v2\/tags?post=2628"}],"curies":[{"name":"wp","href":"https:\/\/api.w.org\/{rel}","templated":true}]}}