{"id":26255,"date":"2019-03-13T13:44:51","date_gmt":"2019-03-13T10:44:51","guid":{"rendered":"http:\/\/www.bbyhaber.com\/bby\/?p=26255"},"modified":"2019-03-13T13:53:50","modified_gmt":"2019-03-13T10:53:50","slug":"turk-kutuphaneciligi-dergisi-meral-alpay-icin-ozel-sayi-cikaracak","status":"publish","type":"post","link":"https:\/\/www.bbyhaber.com\/bby\/2019\/03\/13\/turk-kutuphaneciligi-dergisi-meral-alpay-icin-ozel-sayi-cikaracak","title":{"rendered":"T\u00fcrk K\u00fct\u00fcphanecili\u011fi Dergisi Meral Alpay i\u00e7in \u00d6zel Say\u0131 \u00e7\u0131karacak"},"content":{"rendered":"<p><a href=\"http:\/\/www.bbyhaber.com\/bby\/wp-content\/uploads\/2019\/03\/meral-alpay-anisina-tk.jpg\"><img loading=\"lazy\" decoding=\"async\" class=\"alignleft size-full wp-image-26256\" src=\"http:\/\/www.bbyhaber.com\/bby\/wp-content\/uploads\/2019\/03\/meral-alpay-anisina-tk.jpg\" alt=\"\" width=\"390\" height=\"180\" \/><\/a>\u00a0T\u00fcrk K\u00fct\u00fcphanecili\u011fi Dergisi Meral Alpay i\u00e7in \u00d6zel Say\u0131 \u00e7\u0131karaca\u011f\u0131n\u0131 duyurdu ve dergi edit\u00f6rl\u00fc\u011f\u00fcnden \u015fu a\u00e7\u0131klama yap\u0131ld\u0131: &#8220;Bildi\u011finiz gibi, Duayen Hocam\u0131z, De\u011ferli ve Sevgili <strong>Meral Alpay<\/strong>&#8216;\u0131 ge\u00e7ti\u011fimiz <a href=\"http:\/\/www.bbyhaber.com\/bby\/2019\/03\/08\/prof-dr-meral-alpay-vefat-etti\" target=\"_blank\" rel=\"noopener\">g\u00fcnlerde kaybettik<\/a>. <strong>T\u00fcrk K\u00fct\u00fcphanecili\u011fi<\/strong> <strong>Dergisi<\/strong> olarak <strong>Meral Alpay<\/strong> hocam\u0131z\u0131n an\u0131s\u0131n\u0131 ya\u015fatma ve gelecek ku\u015faklara tan\u0131tma arzusu ile dergimizin<span style=\"color: #ff0000;\"><strong> 2019 y\u0131l\u0131 Aral\u0131k say\u0131s\u0131n\u0131<\/strong> <\/span>&#8220;<strong>T\u00fcrkiye&#8217;de K\u00fct\u00fcphanecilik \u00d6zel Say\u0131s\u0131<\/strong>&#8221; olarak yay\u0131mlama karar\u0131n\u0131 alm\u0131\u015f bulunuyoruz.<!--more--><\/p>\n<p>T\u00fcrk K\u00fct\u00fcphanecili\u011fi&#8217;nin, referans bir say\u0131s\u0131 olmas\u0131 hedeflenen &#8220;<strong>Meral Alpay\/ T\u00fcrkiye&#8217;de K\u00fct\u00fcphanecilik \u00d6zel Say\u0131s\u0131<\/strong>&#8221; kapsam\u0131nda yay\u0131n program\u0131na ili\u015fkin \u00f6n bilgileri yandaki g\u00f6rselde bulabilirsiniz.<\/p>\n<p>Meslekta\u015f ve payda\u015flar\u0131m\u0131z\u0131 Prof. Dr. Meral Alpay&#8217;\u0131 anaca\u011f\u0131m\u0131z bu \u00f6zel say\u0131ya katk\u0131 vermeye davet ediyoruz.&#8221;<\/p>\n<p><strong><span style=\"color: #ff0000;\">\u00d6nemli Tarihler<\/span><\/strong><\/p>\n<p><strong>Hakemli makaleler:<\/strong> 15 Eyl\u00fcl 2019<\/p>\n<p><strong>Di\u011fer yaz\u0131lar (an\u0131, g\u00f6r\u00fc\u015f vb.)<\/strong>:\u00a015 Kas\u0131m 2019<\/p>\n","protected":false},"excerpt":{"rendered":"<p>\u00a0T\u00fcrk K\u00fct\u00fcphanecili\u011fi Dergisi Meral Alpay i\u00e7in \u00d6zel Say\u0131 \u00e7\u0131karaca\u011f\u0131n\u0131 duyurdu ve dergi edit\u00f6rl\u00fc\u011f\u00fcnden \u015fu a\u00e7\u0131klama yap\u0131ld\u0131: &#8220;Bildi\u011finiz gibi, Duayen Hocam\u0131z, De\u011ferli ve Sevgili Meral Alpay&#8216;\u0131 ge\u00e7ti\u011fimiz g\u00fcnlerde kaybettik. T\u00fcrk K\u00fct\u00fcphanecili\u011fi Dergisi olarak Meral Alpay hocam\u0131z\u0131n an\u0131s\u0131n\u0131 ya\u015fatma ve gelecek ku\u015faklara tan\u0131tma arzusu ile dergimizin 2019 y\u0131l\u0131 Aral\u0131k say\u0131s\u0131n\u0131 &#8220;T\u00fcrkiye&#8217;de K\u00fct\u00fcphanecilik \u00d6zel Say\u0131s\u0131&#8221; olarak yay\u0131mlama karar\u0131n\u0131 [&hellip;]<\/p>\n","protected":false},"author":1,"featured_media":26256,"comment_status":"open","ping_status":"open","sticky":false,"template":"","format":"standard","meta":{"footnotes":""},"categories":[1],"tags":[1119,1416],"class_list":["post-26255","post","type-post","status-publish","format-standard","has-post-thumbnail","hentry","category-genel","tag-prof-dr-meral-alpay","tag-turk-kutuphaneciligi"],"_links":{"self":[{"href":"https:\/\/www.bbyhaber.com\/bby\/wp-json\/wp\/v2\/posts\/26255"}],"collection":[{"href":"https:\/\/www.bbyhaber.com\/bby\/wp-json\/wp\/v2\/posts"}],"about":[{"href":"https:\/\/www.bbyhaber.com\/bby\/wp-json\/wp\/v2\/types\/post"}],"author":[{"embeddable":true,"href":"https:\/\/www.bbyhaber.com\/bby\/wp-json\/wp\/v2\/users\/1"}],"replies":[{"embeddable":true,"href":"https:\/\/www.bbyhaber.com\/bby\/wp-json\/wp\/v2\/comments?post=26255"}],"version-history":[{"count":4,"href":"https:\/\/www.bbyhaber.com\/bby\/wp-json\/wp\/v2\/posts\/26255\/revisions"}],"predecessor-version":[{"id":26260,"href":"https:\/\/www.bbyhaber.com\/bby\/wp-json\/wp\/v2\/posts\/26255\/revisions\/26260"}],"wp:featuredmedia":[{"embeddable":true,"href":"https:\/\/www.bbyhaber.com\/bby\/wp-json\/wp\/v2\/media\/26256"}],"wp:attachment":[{"href":"https:\/\/www.bbyhaber.com\/bby\/wp-json\/wp\/v2\/media?parent=26255"}],"wp:term":[{"taxonomy":"category","embeddable":true,"href":"https:\/\/www.bbyhaber.com\/bby\/wp-json\/wp\/v2\/categories?post=26255"},{"taxonomy":"post_tag","embeddable":true,"href":"https:\/\/www.bbyhaber.com\/bby\/wp-json\/wp\/v2\/tags?post=26255"}],"curies":[{"name":"wp","href":"https:\/\/api.w.org\/{rel}","templated":true}]}}