{"id":2625,"date":"2012-02-15T18:25:45","date_gmt":"2012-02-15T15:25:45","guid":{"rendered":"http:\/\/www.bbyhaber.com\/bby\/?p=2625"},"modified":"2017-01-11T15:02:39","modified_gmt":"2017-01-11T12:02:39","slug":"sehit-cem-ozgul-ilkogretim-okulunun-kutuphanesi-acildi-adiyaman","status":"publish","type":"post","link":"https:\/\/www.bbyhaber.com\/bby\/2012\/02\/15\/sehit-cem-ozgul-ilkogretim-okulunun-kutuphanesi-acildi-adiyaman","title":{"rendered":"\u015eehit Cem \u00d6zg\u00fcl \u0130lk\u00f6\u011fretim Okulu&#8217;nun K\u00fct\u00fcphanesi A\u00e7\u0131ld\u0131-Ad\u0131yaman"},"content":{"rendered":"<div style=\"text-align: justify;\">\n<p>K\u00fct\u00fcphane a\u00e7\u0131l\u0131\u015f\u0131na Vali Ramazan Sodan, Jandarma Alay Komutan\u0131 Albay Yusuf Yal\u00e7\u0131n, Emniyet M\u00fcd\u00fcr\u00fc Mehmet Bilici, Milli E\u011fitim M\u00fcd\u00fcr\u00fc Seyfi \u00d6zkan, sivil toplum kurulu\u015fu temsilcileri ve okul idarecileri kat\u0131ld\u0131. H\u0131zl\u0131 geli\u015fen teknoloji \u00e7a\u011f\u0131 i\u00e7erisinde oldu\u011funu ve bu s\u00fcre\u00e7 i\u00e7erisinde \u00f6\u011frencilere kitap okuman\u0131n daha yararl\u0131 olaca\u011f\u0131n\u0131 ifade eden yazar Miyase Sertbarut, &#8220;K\u00fct\u00fcphaneye giren bir \u00e7ocuk raflar aras\u0131nda dola\u015f\u0131r, kitaba bakar, belki bir sayfa okur i\u00e7ine siniyorsa i\u00e7te ben bu kitab\u0131 okumak istiyorum dedi\u011fi zaman k\u00fct\u00fcphanemizde \u015fuan 3 bin kitap var.<!--more--><\/p>\n<p>Her ge\u00e7en g\u00fcn bu say\u0131 y\u00fckselecektir. \u015euan 3 bin kitap var bu kadar kitaplarda se\u00e7me \u00f6zg\u00fcrl\u00fc\u011f\u00fc var. Bizler dilimizi d\u00fc\u015f\u00fcncemizi geli\u015ftirebilmemiz i\u00e7in kitapl\u0131klar\u0131m\u0131z\u0131 kitaplar\u0131m\u0131z\u0131 \u00e7o\u011faltmal\u0131y\u0131z diye d\u00fc\u015f\u00fcn\u00fcyorum. G\u00fcn\u00fcn \u00e7ocu\u011funu yakalamaya \u00e7al\u0131\u015f\u0131yorum. G\u00fcn\u00fcm\u00fcz \u00e7ocu\u011fu bamba\u015fka bir ortama d\u00f6nd\u00fc. Bir teknoloji \u00e7a\u011f\u0131nda do\u011fdu, ve biz onu anlaya bildi\u011fimiz oranlarda masallar\u0131m\u0131za hikayelerimize yans\u0131tarak \u00e7ok zor olan bir \u015feyi ba\u015farmaya \u00e7al\u0131yoruz. \u00c7ocuklara okuma sevgisi vermeye \u00e7al\u0131\u015f\u0131yoruz&#8221; dedi. Daha sonra konu\u015fan Vali Ramazan Sodan ise, &#8220;SODES kapsam\u0131nda kurdu\u011fumuz k\u00fct\u00fcphanenin a\u00e7\u0131l\u0131\u015f\u0131n\u0131 yapaca\u011f\u0131z. \u00d6\u011frencilerimize kitap okuma al\u0131\u015fkanl\u0131\u011f\u0131n\u0131 kazand\u0131raca\u011f\u0131z ve sevdirece\u011fiz. K\u00fct\u00fcphanemizin hay\u0131rl\u0131 olmas\u0131n\u0131 diliyorum&#8221; diye konu\u015ftu.<\/p>\n<p>Kaynak : http:\/\/www.haber3.com\/<\/p>\n<\/div>\n","protected":false},"excerpt":{"rendered":"<p>K\u00fct\u00fcphane a\u00e7\u0131l\u0131\u015f\u0131na Vali Ramazan Sodan, Jandarma Alay Komutan\u0131 Albay Yusuf Yal\u00e7\u0131n, Emniyet M\u00fcd\u00fcr\u00fc Mehmet Bilici, Milli E\u011fitim M\u00fcd\u00fcr\u00fc Seyfi \u00d6zkan, sivil toplum kurulu\u015fu temsilcileri ve okul idarecileri kat\u0131ld\u0131. H\u0131zl\u0131 geli\u015fen teknoloji \u00e7a\u011f\u0131 i\u00e7erisinde oldu\u011funu ve bu s\u00fcre\u00e7 i\u00e7erisinde \u00f6\u011frencilere kitap okuman\u0131n daha yararl\u0131 olaca\u011f\u0131n\u0131 ifade eden yazar Miyase Sertbarut, &#8220;K\u00fct\u00fcphaneye giren bir \u00e7ocuk raflar aras\u0131nda [&hellip;]<\/p>\n","protected":false},"author":1,"featured_media":0,"comment_status":"open","ping_status":"open","sticky":false,"template":"","format":"standard","meta":{"footnotes":""},"categories":[1,1603],"tags":[],"class_list":["post-2625","post","type-post","status-publish","format-standard","hentry","category-genel","category-sehit-kutuphaneleri"],"_links":{"self":[{"href":"https:\/\/www.bbyhaber.com\/bby\/wp-json\/wp\/v2\/posts\/2625"}],"collection":[{"href":"https:\/\/www.bbyhaber.com\/bby\/wp-json\/wp\/v2\/posts"}],"about":[{"href":"https:\/\/www.bbyhaber.com\/bby\/wp-json\/wp\/v2\/types\/post"}],"author":[{"embeddable":true,"href":"https:\/\/www.bbyhaber.com\/bby\/wp-json\/wp\/v2\/users\/1"}],"replies":[{"embeddable":true,"href":"https:\/\/www.bbyhaber.com\/bby\/wp-json\/wp\/v2\/comments?post=2625"}],"version-history":[{"count":1,"href":"https:\/\/www.bbyhaber.com\/bby\/wp-json\/wp\/v2\/posts\/2625\/revisions"}],"predecessor-version":[{"id":20838,"href":"https:\/\/www.bbyhaber.com\/bby\/wp-json\/wp\/v2\/posts\/2625\/revisions\/20838"}],"wp:attachment":[{"href":"https:\/\/www.bbyhaber.com\/bby\/wp-json\/wp\/v2\/media?parent=2625"}],"wp:term":[{"taxonomy":"category","embeddable":true,"href":"https:\/\/www.bbyhaber.com\/bby\/wp-json\/wp\/v2\/categories?post=2625"},{"taxonomy":"post_tag","embeddable":true,"href":"https:\/\/www.bbyhaber.com\/bby\/wp-json\/wp\/v2\/tags?post=2625"}],"curies":[{"name":"wp","href":"https:\/\/api.w.org\/{rel}","templated":true}]}}