{"id":26246,"date":"2019-03-13T11:24:06","date_gmt":"2019-03-13T08:24:06","guid":{"rendered":"http:\/\/www.bbyhaber.com\/bby\/?p=26246"},"modified":"2019-03-13T11:42:51","modified_gmt":"2019-03-13T08:42:51","slug":"kitaplar-insan-zinciri-olusturularak-tasindi-bandirma-onyedi-eylul-universitesi","status":"publish","type":"post","link":"https:\/\/www.bbyhaber.com\/bby\/2019\/03\/13\/kitaplar-insan-zinciri-olusturularak-tasindi-bandirma-onyedi-eylul-universitesi","title":{"rendered":"Kitaplar insan zinciri olu\u015fturularak ta\u015f\u0131nd\u0131-Band\u0131rma Onyedi Eyl\u00fcl \u00dcniversitesi"},"content":{"rendered":"<p>Band\u0131rma Onyedi Eyl\u00fcl \u00dcniversitesi Merkez K\u00fct\u00fcphanesi kitaplar\u0131, Yeni Merkez K\u00fct\u00fcphanesine insan zinciri olu\u015fturularak ta\u015f\u0131nd\u0131. Rekt\u00f6r Prof. Dr. S\u00fcleyman \u00d6zdemir, Rekt\u00f6r Yard\u0131mc\u0131lar\u0131 Prof. Dr. Alpaslan Serel, Prof. Dr. Suat U\u011fur ve Prof. Dr. Feyzullah Temurta\u015f ile Genel Sekreter Cihangir Boz\u2019un yan\u0131 s\u0131ra \u00e7ok say\u0131da \u00f6\u011frenci ve personelin de kat\u0131ld\u0131\u011f\u0131 insan zinciri olu\u015fturma etkinli\u011fi, \u0130ktisadi ve \u0130dari Bilimler Fak\u00fcltesi \u00d6\u011fretim \u00dcyemiz Prof. Dr. G\u00f6khan Orhan\u2019\u0131n \u00f6nc\u00fcl\u00fc\u011f\u00fcnde ger\u00e7ekle\u015fti.<!--more--><\/p>\n<p>K\u00fct\u00fcphane ve Dok\u00fcmantasyon Daire Ba\u015fkanl\u0131\u011f\u0131\u2019n\u0131n koordinasyonuyla ger\u00e7ekle\u015fen etkinli\u011fe, Gen\u00e7 K\u0131z\u0131lay Toplulu\u011fu, \u00c7al\u0131\u015fma Ekonomisi ve End\u00fcstri \u0130li\u015fkileri Toplulu\u011fu, Maliye Toplulu\u011fu, Uluslararas\u0131 \u0130li\u015fkiler Toplulu\u011fu, Siyasal Bilgiler Toplulu\u011fu, Y\u00f6netim ve Liderlik Toplulu\u011fu ile Gen\u00e7 T\u00fcrkiye Toplulu\u011fu \u00fcyeleri de destek verdi. Etkinlikte, insan zinciri olu\u015fturularak Merkez K\u00fct\u00fcphanemizin kitaplar\u0131, \u00dcniversitemiz Merkez Yerle\u015fkesi\u2019nin zemin kat\u0131nda bulunan mevcut k\u00fct\u00fcphaneden, a\u00e7\u0131l\u0131\u015f\u0131 ge\u00e7ti\u011fimiz hafta D\u0131\u015fi\u015fleri Bakan\u0131m\u0131z Say\u0131n Mevl\u00fct \u00c7avu\u015fo\u011flu\u2019nun te\u015frifleriyle ger\u00e7ekle\u015ftirilen ve \u00fc\u00e7\u00fcnc\u00fc katta bulunan Yeni Merkez K\u00fct\u00fcphanemize ta\u015f\u0131nd\u0131.<\/p>\n<div id='gallery-1' class='gallery galleryid-26246 gallery-columns-6 gallery-size-thumbnail'><figure class='gallery-item'>\n\t\t\t<div class='gallery-icon landscape'>\n\t\t\t\t<a href='https:\/\/www.bbyhaber.com\/bby\/wp-content\/uploads\/2019\/03\/Insan-Zinciri-Olusturularak-kitaplar-Tasindi2.jpg'><img loading=\"lazy\" decoding=\"async\" width=\"150\" height=\"150\" src=\"https:\/\/www.bbyhaber.com\/bby\/wp-content\/uploads\/2019\/03\/Insan-Zinciri-Olusturularak-kitaplar-Tasindi2-150x150.jpg\" class=\"attachment-thumbnail size-thumbnail\" alt=\"\" \/><\/a>\n\t\t\t<\/div><\/figure><figure class='gallery-item'>\n\t\t\t<div class='gallery-icon landscape'>\n\t\t\t\t<a href='https:\/\/www.bbyhaber.com\/bby\/wp-content\/uploads\/2019\/03\/Insan-Zinciri-Olusturularak-kitaplar-Tasindi3.jpg'><img loading=\"lazy\" decoding=\"async\" width=\"150\" height=\"150\" src=\"https:\/\/www.bbyhaber.com\/bby\/wp-content\/uploads\/2019\/03\/Insan-Zinciri-Olusturularak-kitaplar-Tasindi3-150x150.jpg\" class=\"attachment-thumbnail size-thumbnail\" alt=\"\" \/><\/a>\n\t\t\t<\/div><\/figure><figure class='gallery-item'>\n\t\t\t<div class='gallery-icon landscape'>\n\t\t\t\t<a href='https:\/\/www.bbyhaber.com\/bby\/wp-content\/uploads\/2019\/03\/Insan-Zinciri-Olusturularak-kitaplar-Tasindi4.jpg'><img loading=\"lazy\" decoding=\"async\" width=\"150\" height=\"150\" src=\"https:\/\/www.bbyhaber.com\/bby\/wp-content\/uploads\/2019\/03\/Insan-Zinciri-Olusturularak-kitaplar-Tasindi4-150x150.jpg\" class=\"attachment-thumbnail size-thumbnail\" alt=\"\" \/><\/a>\n\t\t\t<\/div><\/figure><figure class='gallery-item'>\n\t\t\t<div class='gallery-icon landscape'>\n\t\t\t\t<a href='https:\/\/www.bbyhaber.com\/bby\/wp-content\/uploads\/2019\/03\/Insan-Zinciri-Olusturularak-kitaplar-Tasindi5.jpg'><img loading=\"lazy\" decoding=\"async\" width=\"150\" height=\"150\" src=\"https:\/\/www.bbyhaber.com\/bby\/wp-content\/uploads\/2019\/03\/Insan-Zinciri-Olusturularak-kitaplar-Tasindi5-150x150.jpg\" class=\"attachment-thumbnail size-thumbnail\" alt=\"\" \/><\/a>\n\t\t\t<\/div><\/figure><figure class='gallery-item'>\n\t\t\t<div class='gallery-icon landscape'>\n\t\t\t\t<a href='https:\/\/www.bbyhaber.com\/bby\/wp-content\/uploads\/2019\/03\/Insan-Zinciri-Olusturularak-kitaplar-Tasindi.jpg'><img loading=\"lazy\" decoding=\"async\" width=\"150\" height=\"150\" src=\"https:\/\/www.bbyhaber.com\/bby\/wp-content\/uploads\/2019\/03\/Insan-Zinciri-Olusturularak-kitaplar-Tasindi-150x150.jpg\" class=\"attachment-thumbnail size-thumbnail\" alt=\"\" \/><\/a>\n\t\t\t<\/div><\/figure>\n\t\t<\/div>\n\n<p>Ger\u00e7ekle\u015fen etkinlikte s\u00f6z alan Rekt\u00f6r\u00fcm\u00fcz Prof. Dr. S\u00fcleyman \u00d6zdemir, \u201cA\u00e7\u0131l\u0131\u015f\u0131n\u0131 ge\u00e7en hafta D\u0131\u015fi\u015fleri Bakan\u0131m\u0131z Say\u0131n Mevl\u00fct \u00c7avu\u015fo\u011flu\u2019nun onurland\u0131rd\u0131\u011f\u0131 bir t\u00f6renle ger\u00e7ekle\u015ftirdi\u011fimiz Yeni Merkez K\u00fct\u00fcphanemizin kitaplar\u0131n\u0131 da \u00f6\u011frencilerimiz ve personelimizle birlikte el birli\u011fiyle ta\u015f\u0131yoruz. Bu bizim i\u00e7in de olduk\u00e7a anlaml\u0131 ve tarihi bir olay. Yakla\u015f\u0131k 500 \u00f6\u011frencimizin yararlanabilece\u011fi, daha b\u00fcy\u00fck, daha ferah, daha g\u00fczel ve daha zengin bir k\u00fct\u00fcphane olu\u015fturduk. Sizlerin de yard\u0131m\u0131yla Eski Merkez K\u00fct\u00fcphanemizi tamamen bo\u015faltarak Yeni Merkez K\u00fct\u00fcphanemizi doldurmu\u015f oluyoruz. Bu vesileyle tekrardan Yeni Merkez K\u00fct\u00fcphanemizin, \u00f6\u011frencilerimize, personelimize, \u00dcniversitemize, b\u00f6lgemize ve \u00fclkemize hay\u0131rl\u0131 olmas\u0131n\u0131 diliyorum.\u201d diye konu\u015ftu. D\u00fczenlenen insan zinciri olu\u015fturma etkinli\u011fi, kitaplar\u0131n Yeni Merkez K\u00fct\u00fcphanemizin raflar\u0131ndaki yerlerini almas\u0131n\u0131n ard\u0131ndan, Rekt\u00f6r\u00fcm\u00fcz Prof. Dr. S\u00fcleyman \u00d6zdemir\u2019in etkinli\u011fe kat\u0131lan \u00f6\u011frencilerimiz ve personelimizle toplu hat\u0131ra selfiesi \u00e7ekmesiyle sona erdi.<\/p>\n<p><a href=\"https:\/\/www.bandirma.edu.tr\" target=\"_blank\" rel=\"noopener\">Kaynak<\/a><\/p>\n","protected":false},"excerpt":{"rendered":"<p>Band\u0131rma Onyedi Eyl\u00fcl \u00dcniversitesi Merkez K\u00fct\u00fcphanesi kitaplar\u0131, Yeni Merkez K\u00fct\u00fcphanesine insan zinciri olu\u015fturularak ta\u015f\u0131nd\u0131. Rekt\u00f6r Prof. Dr. S\u00fcleyman \u00d6zdemir, Rekt\u00f6r Yard\u0131mc\u0131lar\u0131 Prof. Dr. Alpaslan Serel, Prof. Dr. Suat U\u011fur ve Prof. Dr. Feyzullah Temurta\u015f ile Genel Sekreter Cihangir Boz\u2019un yan\u0131 s\u0131ra \u00e7ok say\u0131da \u00f6\u011frenci ve personelin de kat\u0131ld\u0131\u011f\u0131 insan zinciri olu\u015fturma etkinli\u011fi, \u0130ktisadi ve \u0130dari [&hellip;]<\/p>\n","protected":false},"author":1,"featured_media":26247,"comment_status":"open","ping_status":"open","sticky":false,"template":"","format":"standard","meta":{"footnotes":""},"categories":[1],"tags":[1437],"class_list":["post-26246","post","type-post","status-publish","format-standard","has-post-thumbnail","hentry","category-genel","tag-univ-arastirma-kutuphaneleri"],"_links":{"self":[{"href":"https:\/\/www.bbyhaber.com\/bby\/wp-json\/wp\/v2\/posts\/26246"}],"collection":[{"href":"https:\/\/www.bbyhaber.com\/bby\/wp-json\/wp\/v2\/posts"}],"about":[{"href":"https:\/\/www.bbyhaber.com\/bby\/wp-json\/wp\/v2\/types\/post"}],"author":[{"embeddable":true,"href":"https:\/\/www.bbyhaber.com\/bby\/wp-json\/wp\/v2\/users\/1"}],"replies":[{"embeddable":true,"href":"https:\/\/www.bbyhaber.com\/bby\/wp-json\/wp\/v2\/comments?post=26246"}],"version-history":[{"count":2,"href":"https:\/\/www.bbyhaber.com\/bby\/wp-json\/wp\/v2\/posts\/26246\/revisions"}],"predecessor-version":[{"id":26253,"href":"https:\/\/www.bbyhaber.com\/bby\/wp-json\/wp\/v2\/posts\/26246\/revisions\/26253"}],"wp:featuredmedia":[{"embeddable":true,"href":"https:\/\/www.bbyhaber.com\/bby\/wp-json\/wp\/v2\/media\/26247"}],"wp:attachment":[{"href":"https:\/\/www.bbyhaber.com\/bby\/wp-json\/wp\/v2\/media?parent=26246"}],"wp:term":[{"taxonomy":"category","embeddable":true,"href":"https:\/\/www.bbyhaber.com\/bby\/wp-json\/wp\/v2\/categories?post=26246"},{"taxonomy":"post_tag","embeddable":true,"href":"https:\/\/www.bbyhaber.com\/bby\/wp-json\/wp\/v2\/tags?post=26246"}],"curies":[{"name":"wp","href":"https:\/\/api.w.org\/{rel}","templated":true}]}}