{"id":26241,"date":"2019-03-11T20:22:12","date_gmt":"2019-03-11T17:22:12","guid":{"rendered":"http:\/\/www.bbyhaber.com\/bby\/?p=26241"},"modified":"2019-03-11T20:23:15","modified_gmt":"2019-03-11T17:23:15","slug":"kitap-tanitimi-esekle-gelen-aydinlik-mustafa-guzelgoz-kitabi-aydin-ileri","status":"publish","type":"post","link":"https:\/\/www.bbyhaber.com\/bby\/2019\/03\/11\/kitap-tanitimi-esekle-gelen-aydinlik-mustafa-guzelgoz-kitabi-aydin-ileri","title":{"rendered":"Kitap tan\u0131t\u0131m\u0131 \u2013>E\u015fekle Gelen Ayd\u0131nl\u0131k &#8211; Mustafa G\u00fczelg\u00f6z Kitab\u0131 | Ayd\u0131n \u0130LER\u0130"},"content":{"rendered":"<p><strong><a href=\"http:\/\/www.bbyhaber.com\/bby\/wp-content\/uploads\/2019\/03\/esekle-gelen-aydinlik.jpg\"><img loading=\"lazy\" decoding=\"async\" class=\"alignleft size-full wp-image-26242\" src=\"http:\/\/www.bbyhaber.com\/bby\/wp-content\/uploads\/2019\/03\/esekle-gelen-aydinlik.jpg\" alt=\"\" width=\"390\" height=\"180\" \/><\/a>E\u015fekle Gelen Ayd\u0131nl\u0131k&#8230;<\/strong><\/p>\n<p>&#8220;Bir &#8220;B\u00fcy\u00fck Adamlar&#8221; ansiklopedisi haz\u0131rlasam, \u00f6n s\u0131raya <strong><a href=\"https:\/\/www.bbyhaber.com\/bby\/tag\/mustafa-guzelgoz\" target=\"_blank\" rel=\"noopener\">Mustafa G\u00fczelg\u00f6z<\/a>&#8216;<\/strong>\u00fc koyar\u0131m. Bug\u00fcne kadar onunla ilgili bilgilerim, hep kulaktan dolma, orada burada duydu\u011fum ve okudu\u011fum yaz\u0131lardan olu\u015fuyordu. Ta ki Mustafa G\u00fczelg\u00f6z ile ilgili bu kitap yay\u0131nlayana dek. Onu, yapt\u0131klar\u0131n\u0131, insan yan\u0131n\u0131 art\u0131k \u00e7ok iyi biliyorum. Kitab\u0131 al\u0131p okuyaca\u011f\u0131n\u0131za inan\u0131yorum. B\u00f6ylesine ilgin\u00e7 bir kimli\u011fin ve insanlara ayd\u0131nl\u0131\u011f\u0131 e\u015fekle ta\u015f\u0131yan bir ayd\u0131n\u0131n her g\u00fczel insan\u0131n g\u00f6nl\u00fcnde bir yeri olaca\u011f\u0131na inan\u0131yorum.<!--more--><\/p>\n<p>Bu kitap her ayd\u0131n\u0131n k\u00fct\u00fcphane\u00adsinde olmal\u0131. Ya\u015famda bu denli g\u00fczel insanlara az rastlan\u0131r. Onlar\u0131n kitap\u00adlar\u0131 olmaz. Kulaktan kula\u011fa s\u00f6ylenir adlar\u0131, sonra da unutulur gider&#8221;<br \/>\nGazeteci-Yazar, Yalva\u00e7 Ural<\/p>\n<p>***<br \/>\n&#8220;&#8230;Bir kitap sevdal\u0131s\u0131, bir k\u00fct\u00fcphane tutkunu, Anadolu bilgesi olan G\u00fczelg\u00f6z&#8217;\u00fcn uzak ve sessiz k\u00f6ylere, k\u00f6y \u00e7ocuklar\u0131na, kasaba gen\u00e7lerine &#8220;kitap okutma u\u011fra\u015f\u0131s\u0131n\u0131&#8221; bug\u00fcnlerde anlatmak yine yeniden antalmak, bu kitap yoluyla y\u00fcreklere, ak\u0131llara kaz\u0131mak gelece\u011fe aktarmak, G\u00fczelg\u00f6z&#8217;\u00fcn ayd\u0131nlanmac\u0131 miras\u0131na sahip \u00e7\u0131kmak k\u00fct\u00fcphaneci Ayd\u0131n \u0130leri&#8217;nin g\u00f6n\u00fcll\u00fc g\u00f6revi oldu&#8230;&#8221;<\/p>\n<p>Gazeteci-Yazar, Nebil \u00d6zgent\u00fcrk<\/p>\n<p>***<\/p>\n<p>&#8220;&#8230;E\u015fekli k\u00fct\u00fcphaneci Mustafa G\u00fczelg\u00f6z bir kalecidir. Bu kaleci e\u015fek s\u0131rt\u0131nda k\u00f6ylere ta\u015f\u0131d\u0131\u011f\u0131 kitaplarla ayd\u0131nlanma tarihinin en b\u00fcy\u00fck kurtar\u0131\u015flar\u0131ndan birini yapm\u0131\u015ft\u0131r&#8230;&#8221;<\/p>\n<p>M\u00fczeci-Yazar, Sunay Ak\u0131n<\/p>\n<p>&#8230;&#8230;&#8230;&#8230;&#8230;&#8230;&#8230;&#8230;&#8230;&#8230;&#8230;&#8230;&#8230;&#8230;&#8230;&#8230;&#8230;&#8230;&#8230;&#8230;&#8230;<\/p>\n<p>Kapak Tasar\u0131m ve \u00c7izimi: Hicabi Demirci<br \/>\nISBN: 978-605-281-253-2<br \/>\ne-ISBN: 978-605-281-254-9<br \/>\n4.Bask\u0131: \u0130stanbul, Mart 2019<\/p>\n","protected":false},"excerpt":{"rendered":"<p>E\u015fekle Gelen Ayd\u0131nl\u0131k&#8230; &#8220;Bir &#8220;B\u00fcy\u00fck Adamlar&#8221; ansiklopedisi haz\u0131rlasam, \u00f6n s\u0131raya Mustafa G\u00fczelg\u00f6z&#8216;\u00fc koyar\u0131m. Bug\u00fcne kadar onunla ilgili bilgilerim, hep kulaktan dolma, orada burada duydu\u011fum ve okudu\u011fum yaz\u0131lardan olu\u015fuyordu. Ta ki Mustafa G\u00fczelg\u00f6z ile ilgili bu kitap yay\u0131nlayana dek. Onu, yapt\u0131klar\u0131n\u0131, insan yan\u0131n\u0131 art\u0131k \u00e7ok iyi biliyorum. Kitab\u0131 al\u0131p okuyaca\u011f\u0131n\u0131za inan\u0131yorum. B\u00f6ylesine ilgin\u00e7 bir kimli\u011fin ve [&hellip;]<\/p>\n","protected":false},"author":1,"featured_media":26242,"comment_status":"open","ping_status":"open","sticky":false,"template":"","format":"standard","meta":{"footnotes":""},"categories":[1476],"tags":[1408,177],"class_list":["post-26241","post","type-post","status-publish","format-standard","has-post-thumbnail","hentry","category-aydin-ileri","tag-kitap-tanitimlari","tag-mustafa-guzelgoz"],"_links":{"self":[{"href":"https:\/\/www.bbyhaber.com\/bby\/wp-json\/wp\/v2\/posts\/26241"}],"collection":[{"href":"https:\/\/www.bbyhaber.com\/bby\/wp-json\/wp\/v2\/posts"}],"about":[{"href":"https:\/\/www.bbyhaber.com\/bby\/wp-json\/wp\/v2\/types\/post"}],"author":[{"embeddable":true,"href":"https:\/\/www.bbyhaber.com\/bby\/wp-json\/wp\/v2\/users\/1"}],"replies":[{"embeddable":true,"href":"https:\/\/www.bbyhaber.com\/bby\/wp-json\/wp\/v2\/comments?post=26241"}],"version-history":[{"count":3,"href":"https:\/\/www.bbyhaber.com\/bby\/wp-json\/wp\/v2\/posts\/26241\/revisions"}],"predecessor-version":[{"id":26245,"href":"https:\/\/www.bbyhaber.com\/bby\/wp-json\/wp\/v2\/posts\/26241\/revisions\/26245"}],"wp:featuredmedia":[{"embeddable":true,"href":"https:\/\/www.bbyhaber.com\/bby\/wp-json\/wp\/v2\/media\/26242"}],"wp:attachment":[{"href":"https:\/\/www.bbyhaber.com\/bby\/wp-json\/wp\/v2\/media?parent=26241"}],"wp:term":[{"taxonomy":"category","embeddable":true,"href":"https:\/\/www.bbyhaber.com\/bby\/wp-json\/wp\/v2\/categories?post=26241"},{"taxonomy":"post_tag","embeddable":true,"href":"https:\/\/www.bbyhaber.com\/bby\/wp-json\/wp\/v2\/tags?post=26241"}],"curies":[{"name":"wp","href":"https:\/\/api.w.org\/{rel}","templated":true}]}}