{"id":26232,"date":"2019-03-10T15:59:47","date_gmt":"2019-03-10T12:59:47","guid":{"rendered":"http:\/\/www.bbyhaber.com\/bby\/?p=26232"},"modified":"2019-03-10T15:59:47","modified_gmt":"2019-03-10T12:59:47","slug":"parayla-makale-ve-bildiri-yayini-bundan-sonra-akademik-derecelere-etki-etmeyecek","status":"publish","type":"post","link":"https:\/\/www.bbyhaber.com\/bby\/2019\/03\/10\/parayla-makale-ve-bildiri-yayini-bundan-sonra-akademik-derecelere-etki-etmeyecek","title":{"rendered":"Parayla makale ve bildiri yay\u0131n\u0131 bundan sonra akademik derecelere etki etmeyecek"},"content":{"rendered":"<p><a href=\"http:\/\/www.bbyhaber.com\/bby\/wp-content\/uploads\/2019\/03\/yok.jpg\"><img loading=\"lazy\" decoding=\"async\" class=\"alignleft size-full wp-image-26233\" src=\"http:\/\/www.bbyhaber.com\/bby\/wp-content\/uploads\/2019\/03\/yok.jpg\" alt=\"\" width=\"390\" height=\"180\" \/><\/a>\u00dcniversiteleraras\u0131 Kurul\u00a0(\u00dcAK), para kar\u015f\u0131l\u0131\u011f\u0131 yay\u0131nlanan ara\u015ft\u0131rma ve bildirilerin akademik y\u00fckseltmelerde kullan\u0131lamayaca\u011f\u0131na y\u00f6nelik karar ald\u0131.\u00a0 Prof. Dr. Yekta Sara\u00e7, T\u00fcrkiye\u2019deki akademik yay\u0131nlar\u0131n say\u0131s\u0131na bak\u0131ld\u0131\u011f\u0131nda bir sorun g\u00f6r\u00fcnmedi\u011fini, as\u0131l sorunun pek \u00e7ok \u00fclkede oldu\u011fu gibi yay\u0131nlar\u0131n niteli\u011finde oldu\u011funu dile getirdi.\u00a0ODT\u00dc ile Bilkent, Ankara, Hacettepe ve \u0130stanbul \u00fcniversitelerinin rekt\u00f6rleri, para kar\u015f\u0131l\u0131\u011f\u0131 yay\u0131n yapt\u0131\u011f\u0131ndan &#8220;<strong>ya\u011fmac\u0131<\/strong>&#8220;, &#8220;<strong>\u015faibeli<\/strong>&#8221; veya &#8220;<strong>predat\u00f6r<\/strong>&#8221; olarak adland\u0131r\u0131lan a\u00e7\u0131k eri\u015fimli dergilerde yay\u0131mlanan bilimsel makalelerin, akademik y\u00fckseltmelerde dikkate al\u0131nmamas\u0131 karar\u0131na destek verdi.<!--more--><\/p>\n<p>Dergilerdeki ara\u015ft\u0131rmalar\u0131n niteli\u011finden yak\u0131nan Y\u00d6K ba\u015fkan\u0131 s\u00f6zlerini \u015f\u00f6yle s\u00fcrd\u00fcrd\u00fc:\u00a0<strong>\u201cBunun sebebi ara\u015ft\u0131r\u0131ld\u0131\u011f\u0131nda<\/strong>\u2018ya\u011fmac\u0131\u2019<strong>\u00a0\u015feklinde tan\u0131mlayabilece\u011fimiz para kar\u015f\u0131l\u0131\u011f\u0131 yay\u0131n yapan dergilerin giderek artmas\u0131 g\u00f6sterilebilir. Asl\u0131nda bu, b\u00fct\u00fcn d\u00fcnyada bir s\u0131k\u0131nt\u0131, bizim \u00fclkemize has bir durum de\u011fil. Avrupa \u00dcniversiteler Birli\u011fi de bunun \u00fczerine \u00e7al\u0131\u015f\u0131yor fakat hen\u00fcz al\u0131nm\u0131\u015f bir kararlar\u0131 yok. Biz ilk defa bir karar ald\u0131k ve art\u0131k bu ya\u011fmac\u0131 dergilerdeki yay\u0131nlar\u0131n akademik y\u00fckseltmelerde kullan\u0131lmas\u0131na m\u00fcsaade etmeyece\u011fiz. \u00dcniversiteleraras\u0131 Kurul da Y\u00d6K\u2019\u00fcn \u00f6nerisiyle bu karar\u0131 alm\u0131\u015f oldu. Bundan sonra a\u00e7\u0131k ve net \u015fekilde ifade ediyoruz ki ya\u011fmac\u0131 dergilerde yay\u0131n yapanlar, bu yay\u0131nlar\u0131n\u0131 akademik y\u00fckseltmelerde kullanamayacak. Ancak ya\u011fmac\u0131 yay\u0131nc\u0131l\u0131k ile m\u00fccadeleyi Y\u00d6K\u2019\u00fcn son zamanlarda \u00f6nem verdi\u011fi a\u00e7\u0131k eri\u015fim\/a\u00e7\u0131k bilim \u00e7al\u0131\u015fmalar\u0131na zarar vermeden y\u00fcr\u00fctece\u011fiz.\u201d<\/strong><\/p>\n<p>Prof. Dr. Sara\u00e7, baz\u0131 konferanslarda da para kar\u015f\u0131l\u0131\u011f\u0131 bildirilerin sunuldu\u011funu belirterek bunlar\u0131n da akademik y\u00fckseltmelerde kullan\u0131lamayaca\u011f\u0131n\u0131 kaydetti.<\/p>\n<h4>\u2018Ya\u011fmac\u0131\u2019 dergiler nas\u0131l anla\u015f\u0131l\u0131r?<\/h4>\n<p>Para kar\u015f\u0131l\u0131\u011f\u0131 akademisyenlerin yaz\u0131lar\u0131n\u0131 yay\u0131nlayan dergilere<strong>\u2018ya\u011fmac\u0131\u2019\u00a0<\/strong>(predatory) deniyor. S\u00f6z konusu karardan \u00f6nce be\u015f \u00fcniversite rekt\u00f6r\u00fc konuyla ilgili bir rapor haz\u0131rlad\u0131. Raporda\u00a0<strong>\u2018ya\u011fmac\u0131\u2019\u00a0<\/strong>denen dergilerin \u00f6zelliklerine de yer verildi.<\/p>\n<p>Bahsedilen dergilerin \u00f6zellikleri \u015f\u00f6yle:<\/p>\n<p>*Makale i\u015fleme \u00fccretinin \u00f6denmesi zorunlu tutulur.<\/p>\n<p>*Makaleleri h\u0131zl\u0131 yay\u0131nlama s\u00f6z\u00fc verilir\/h\u0131zl\u0131 yay\u0131n yap\u0131l\u0131r.<\/p>\n<p>*\u0130lan edilen konu d\u0131\u015f\u0131nda, birbirinden ba\u011f\u0131ms\u0131z bir\u00e7ok alanda makalelere yer verilir.<\/p>\n<p>*Yay\u0131n ilkeleri a\u00e7\u0131klamas\u0131 eksiktir.<\/p>\n<p>*Yay\u0131n ilkelerinde a\u00e7\u0131k\u00e7a makalelerde \u00f6zg\u00fcnl\u00fck, \u00f6nem ve etki aranmad\u0131\u011f\u0131n\u0131 belirtilir.<\/p>\n<p>*Yay\u0131nlanan ara\u015ft\u0131rman\u0131n telif hakk\u0131n\u0131 saklama veya koruma politikas\u0131 olmaz.<\/p>\n<p>*Hakem s\u00fcrecinin ger\u00e7ek\u00e7i i\u015fletilmez, hakem g\u00f6r\u00fc\u015f ve \u00f6nerileri yazar ile payla\u015f\u0131lmaz.<\/p>\n<p><a href=\"http:\/\/diken.com.tr\" target=\"_blank\" rel=\"noopener\">Kaynak<\/a><\/p>\n","protected":false},"excerpt":{"rendered":"<p>\u00dcniversiteleraras\u0131 Kurul\u00a0(\u00dcAK), para kar\u015f\u0131l\u0131\u011f\u0131 yay\u0131nlanan ara\u015ft\u0131rma ve bildirilerin akademik y\u00fckseltmelerde kullan\u0131lamayaca\u011f\u0131na y\u00f6nelik karar ald\u0131.\u00a0 Prof. Dr. Yekta Sara\u00e7, T\u00fcrkiye\u2019deki akademik yay\u0131nlar\u0131n say\u0131s\u0131na bak\u0131ld\u0131\u011f\u0131nda bir sorun g\u00f6r\u00fcnmedi\u011fini, as\u0131l sorunun pek \u00e7ok \u00fclkede oldu\u011fu gibi yay\u0131nlar\u0131n niteli\u011finde oldu\u011funu dile getirdi.\u00a0ODT\u00dc ile Bilkent, Ankara, Hacettepe ve \u0130stanbul \u00fcniversitelerinin rekt\u00f6rleri, para kar\u015f\u0131l\u0131\u011f\u0131 yay\u0131n yapt\u0131\u011f\u0131ndan &#8220;ya\u011fmac\u0131&#8220;, &#8220;\u015faibeli&#8221; veya &#8220;predat\u00f6r&#8221; olarak [&hellip;]<\/p>\n","protected":false},"author":1,"featured_media":26233,"comment_status":"open","ping_status":"open","sticky":false,"template":"","format":"standard","meta":{"footnotes":""},"categories":[1],"tags":[1108,1109],"class_list":["post-26232","post","type-post","status-publish","format-standard","has-post-thumbnail","hentry","category-genel","tag-predatory-journal","tag-yagmaci-dergiler"],"_links":{"self":[{"href":"https:\/\/www.bbyhaber.com\/bby\/wp-json\/wp\/v2\/posts\/26232"}],"collection":[{"href":"https:\/\/www.bbyhaber.com\/bby\/wp-json\/wp\/v2\/posts"}],"about":[{"href":"https:\/\/www.bbyhaber.com\/bby\/wp-json\/wp\/v2\/types\/post"}],"author":[{"embeddable":true,"href":"https:\/\/www.bbyhaber.com\/bby\/wp-json\/wp\/v2\/users\/1"}],"replies":[{"embeddable":true,"href":"https:\/\/www.bbyhaber.com\/bby\/wp-json\/wp\/v2\/comments?post=26232"}],"version-history":[{"count":1,"href":"https:\/\/www.bbyhaber.com\/bby\/wp-json\/wp\/v2\/posts\/26232\/revisions"}],"predecessor-version":[{"id":26234,"href":"https:\/\/www.bbyhaber.com\/bby\/wp-json\/wp\/v2\/posts\/26232\/revisions\/26234"}],"wp:featuredmedia":[{"embeddable":true,"href":"https:\/\/www.bbyhaber.com\/bby\/wp-json\/wp\/v2\/media\/26233"}],"wp:attachment":[{"href":"https:\/\/www.bbyhaber.com\/bby\/wp-json\/wp\/v2\/media?parent=26232"}],"wp:term":[{"taxonomy":"category","embeddable":true,"href":"https:\/\/www.bbyhaber.com\/bby\/wp-json\/wp\/v2\/categories?post=26232"},{"taxonomy":"post_tag","embeddable":true,"href":"https:\/\/www.bbyhaber.com\/bby\/wp-json\/wp\/v2\/tags?post=26232"}],"curies":[{"name":"wp","href":"https:\/\/api.w.org\/{rel}","templated":true}]}}