{"id":26225,"date":"2019-03-09T17:18:08","date_gmt":"2019-03-09T14:18:08","guid":{"rendered":"http:\/\/www.bbyhaber.com\/bby\/?p=26225"},"modified":"2019-03-09T17:18:08","modified_gmt":"2019-03-09T14:18:08","slug":"bir-kitap-da-sen-as-agaclar-kitap-acsin-kitapagacim76","status":"publish","type":"post","link":"https:\/\/www.bbyhaber.com\/bby\/2019\/03\/09\/bir-kitap-da-sen-as-agaclar-kitap-acsin-kitapagacim76","title":{"rendered":"Bir Kitap da Sen As, A\u011fa\u00e7lar Kitap A\u00e7s\u0131n @kitapagacim76"},"content":{"rendered":"<p><a href=\"http:\/\/www.bbyhaber.com\/bby\/wp-content\/uploads\/2019\/03\/agaclar-kitap-acsin.jpg\"><img loading=\"lazy\" decoding=\"async\" class=\"alignleft size-full wp-image-26230\" src=\"http:\/\/www.bbyhaber.com\/bby\/wp-content\/uploads\/2019\/03\/agaclar-kitap-acsin.jpg\" alt=\"\" width=\"390\" height=\"180\" \/><\/a>Bir Kitap Bir \u0130nsan\u0131, Bir \u0130nsan Bin \u0130nsan\u0131 Kurtar\u0131r. Okumak i\u00e7in b\u0131rak\u0131n kitab\u0131 gazete yapra\u011f\u0131 bile bulamayan \u00e7ocuklar\u0131n ve gen\u00e7lerin \u00e7o\u011funlukta oldu\u011fu, do\u011funun en u\u00e7 k\u00f6\u015fesi, g\u00fcne\u015fin ayd\u0131nl\u0131\u011f\u0131n ilk do\u011fdu\u011fu yer olan I\u011fd\u0131r\u2019da birka\u00e7 g\u00f6n\u00fcll\u00fc ile bir proje ba\u015flat\u0131ld\u0131. \u201c<strong>Bir Kitap da Sen As, A\u011fa\u00e7lar Kitap A\u00e7s\u0131n<\/strong>\u201d ad\u0131 ile ba\u015flat\u0131lan proje hakk\u0131nda I\u011fd\u0131r \u00dcniversitesi\u2019nde k\u00fct\u00fcphane ve bilgi hizmetlerinden sorumlu Rekt\u00f6r Dan\u0131\u015fman\u0131 olan de\u011ferli meslekta\u015f\u0131m\u0131z <strong>Mustafa CESUR<\/strong> \u015fu bilgileri verdi:<!--more--> &#8220;Bu projedeki temel amac\u0131m\u0131z \u00f6zellikle kitaba ve k\u00fct\u00fcphaneye ihtiyac\u0131 olan ba\u015fta k\u00f6y okullar\u0131na ayd\u0131nl\u0131\u011f\u0131n kap\u0131s\u0131 olan kitap ve k\u00fct\u00fcphaneyi g\u00f6t\u00fcrmek ve okumaya, kitaba ve k\u00fct\u00fcphanelerin \u00f6nemine dikkat \u00e7ekmektir. \u00dcniversitemizdeki okuma g\u00f6n\u00fcll\u00fcs\u00fc \u00f6\u011frencilerimizin de deste\u011fi ile ba\u015flatt\u0131\u011f\u0131m\u0131z projemize herkesin deste\u011fini bekliyoruz.&#8221; dedi.<\/p>\n<p><strong>Proje hakk\u0131nda detayl\u0131 bilgileri (afi\u015f, resim vs. ) a\u015fa\u011f\u0131daki adreslerden bulabilirsiniz.<\/strong><br \/>\n<a href=\"https:\/\/sites.google.com\/view\/kitapagacim\" target=\"_blank\" rel=\"noopener\">https:\/\/sites.google.com\/view\/kitapagacim<\/a><br \/>\n<a href=\"https:\/\/www.facebook.com\/kitapagacim\" target=\"_blank\" rel=\"noopener\">https:\/\/www.facebook.com\/kitapagacim<\/a><br \/>\n<a href=\"https:\/\/twitter.com\/kitapagacim76\" target=\"_blank\" rel=\"noopener\">https:\/\/twitter.com\/kitapagacim76<\/a><br \/>\n<a href=\"https:\/\/www.instagram.com\/kitapagacim76\/\" target=\"_blank\" rel=\"noopener\">https:\/\/www.instagram.com\/kitapagacim76\/<\/a><\/p>\n<p id=\"h.p_1Q9VG7ynsdbr\" class=\"zfr3Q\"><span style=\"color: #ff0000;\"><strong>AMA\u00c7 VE HEDEFLER<\/strong><\/span><\/p>\n<p class=\"zfr3Q\"><strong>Projedeki temel amac\u0131m\u0131z <\/strong>I\u011fd\u0131r \u00dcniversitesi K\u00fct\u00fcphanesinin giri\u015finde bulunan kitap a\u011fac\u0131nda ba\u011f\u0131\u015f\u00e7\u0131lar\u0131n katk\u0131s\u0131 ile toplad\u0131\u011f\u0131m\u0131z her 1000 kitapla birlikte <strong>kitap a\u011fac\u0131n\u0131<\/strong> ba\u015fta k\u00f6y okullar\u0131 olmak \u00fczere I\u011fd\u0131r&#8217;da ihtiyac\u0131 olan okullara hediye etmek ve b\u00f6ylece okumaya, kitaba ve k\u00fct\u00fcphanelerin \u00f6nemine dikkat \u00e7ekmektir.<\/p>\n<p id=\"h.p_OBvWiI9grIHl\" class=\"zfr3Q\">\u0130ki a\u015famal\u0131 olan projemizin birinci a\u015famas\u0131nda<strong> #BirKitapdaSenAs<\/strong> <strong>&#8220;A\u011fa\u00e7lar Kitap A\u00e7s\u0131n&#8221;<\/strong> diyerek sosyal medyada ba\u015flataca\u011f\u0131m\u0131z <strong> kitap ba\u011f\u0131\u015f kampanyas\u0131 <\/strong> ile ba\u015fta \u00fcniversitemiz mensubu akademik ve idari personeller ve \u00f6\u011frencilerimiz olmak \u00fczere <strong>I\u011fd\u0131r \u0130li <\/strong>ve<strong> T\u00fcrkiye<\/strong> geneli her kesimden t\u00fcm vatanda\u015flar\u0131m\u0131z\u0131n, \u00e7e\u015fitli kurum ve kurulu\u015flar\u0131n yapaca\u011f\u0131 kitap ba\u011f\u0131\u015flar\u0131n\u0131 kitap a\u011fac\u0131m\u0131zda sergileyerek te\u015fhir etmek ve 1000 kitap hedefine ula\u015fmak. (Her ba\u011f\u0131\u015f\u00e7\u0131n\u0131n ismi ve ba\u011f\u0131\u015flad\u0131\u011f\u0131 kitap say\u0131s\u0131 kitap a\u011fac\u0131nda, proje an\u0131 kitab\u0131nda ve sosyal medyadaki hesaplar\u0131m\u0131zda yaz\u0131lacakt\u0131r)<\/p>\n<p id=\"h.p_nf_lihovxgwL\" class=\"zfr3Q\">Projenin ikinci a\u015famas\u0131nda ise sponsor ki\u015filerin veya kurum ve firmalar\u0131n ba\u011f\u0131\u015flayaca\u011f\u0131n\u0131 d\u00fc\u015f\u00fcnd\u00fc\u011f\u00fcm\u00fcz (maliyetine sponsor mobilyac\u0131ya yapt\u0131raca\u011f\u0131m\u0131z) <strong>&#8220;Kitap A\u011fac\u0131&#8221;<\/strong> ile birlikte 1000 kitab\u0131 belirledi\u011fimiz okula hediye etmektir. Buradaki <strong>ilk hedefimiz<\/strong> ise <strong>10 okula 10 kitap a\u011fac\u0131 ve 10.000 kitap<\/strong>. (Her okuldaki<strong> kitap a\u011fac\u0131na<\/strong> sponsor olan ki\u015fi, kurum veya firman\u0131n ismi verilecektir.)<\/p>\n","protected":false},"excerpt":{"rendered":"<p>Bir Kitap Bir \u0130nsan\u0131, Bir \u0130nsan Bin \u0130nsan\u0131 Kurtar\u0131r. Okumak i\u00e7in b\u0131rak\u0131n kitab\u0131 gazete yapra\u011f\u0131 bile bulamayan \u00e7ocuklar\u0131n ve gen\u00e7lerin \u00e7o\u011funlukta oldu\u011fu, do\u011funun en u\u00e7 k\u00f6\u015fesi, g\u00fcne\u015fin ayd\u0131nl\u0131\u011f\u0131n ilk do\u011fdu\u011fu yer olan I\u011fd\u0131r\u2019da birka\u00e7 g\u00f6n\u00fcll\u00fc ile bir proje ba\u015flat\u0131ld\u0131. \u201cBir Kitap da Sen As, A\u011fa\u00e7lar Kitap A\u00e7s\u0131n\u201d ad\u0131 ile ba\u015flat\u0131lan proje hakk\u0131nda I\u011fd\u0131r \u00dcniversitesi\u2019nde k\u00fct\u00fcphane [&hellip;]<\/p>\n","protected":false},"author":1,"featured_media":26230,"comment_status":"open","ping_status":"open","sticky":false,"template":"","format":"standard","meta":{"footnotes":""},"categories":[1],"tags":[],"class_list":["post-26225","post","type-post","status-publish","format-standard","has-post-thumbnail","hentry","category-genel"],"_links":{"self":[{"href":"https:\/\/www.bbyhaber.com\/bby\/wp-json\/wp\/v2\/posts\/26225"}],"collection":[{"href":"https:\/\/www.bbyhaber.com\/bby\/wp-json\/wp\/v2\/posts"}],"about":[{"href":"https:\/\/www.bbyhaber.com\/bby\/wp-json\/wp\/v2\/types\/post"}],"author":[{"embeddable":true,"href":"https:\/\/www.bbyhaber.com\/bby\/wp-json\/wp\/v2\/users\/1"}],"replies":[{"embeddable":true,"href":"https:\/\/www.bbyhaber.com\/bby\/wp-json\/wp\/v2\/comments?post=26225"}],"version-history":[{"count":1,"href":"https:\/\/www.bbyhaber.com\/bby\/wp-json\/wp\/v2\/posts\/26225\/revisions"}],"predecessor-version":[{"id":26231,"href":"https:\/\/www.bbyhaber.com\/bby\/wp-json\/wp\/v2\/posts\/26225\/revisions\/26231"}],"wp:featuredmedia":[{"embeddable":true,"href":"https:\/\/www.bbyhaber.com\/bby\/wp-json\/wp\/v2\/media\/26230"}],"wp:attachment":[{"href":"https:\/\/www.bbyhaber.com\/bby\/wp-json\/wp\/v2\/media?parent=26225"}],"wp:term":[{"taxonomy":"category","embeddable":true,"href":"https:\/\/www.bbyhaber.com\/bby\/wp-json\/wp\/v2\/categories?post=26225"},{"taxonomy":"post_tag","embeddable":true,"href":"https:\/\/www.bbyhaber.com\/bby\/wp-json\/wp\/v2\/tags?post=26225"}],"curies":[{"name":"wp","href":"https:\/\/api.w.org\/{rel}","templated":true}]}}