{"id":26220,"date":"2019-03-08T09:22:10","date_gmt":"2019-03-08T06:22:10","guid":{"rendered":"http:\/\/www.bbyhaber.com\/bby\/?p=26220"},"modified":"2019-03-08T09:22:10","modified_gmt":"2019-03-08T06:22:10","slug":"81-ilde-meydanlarda-kitap-okuma-etkinligi-8-yasinda","status":"publish","type":"post","link":"https:\/\/www.bbyhaber.com\/bby\/2019\/03\/08\/81-ilde-meydanlarda-kitap-okuma-etkinligi-8-yasinda","title":{"rendered":"81 \u0130lde Meydanlarda Kitap Okuma etkinli\u011fi 8 ya\u015f\u0131nda"},"content":{"rendered":"<p><a href=\"http:\/\/www.bbyhaber.com\/bby\/wp-content\/uploads\/2019\/03\/okuma-etkinligi.jpg\"><img loading=\"lazy\" decoding=\"async\" class=\"alignleft size-full wp-image-26221\" src=\"http:\/\/www.bbyhaber.com\/bby\/wp-content\/uploads\/2019\/03\/okuma-etkinligi.jpg\" alt=\"\" width=\"390\" height=\"180\" \/><\/a>Ge\u00e7ti\u011fimiz 7 y\u0131lda toplumun kitap ve k\u00fct\u00fcphaneye ilgisini \u00e7ekmek ve okuma al\u0131\u015fkanl\u0131\u011f\u0131 konusunda fark\u0131ndal\u0131k yaratmak i\u00e7in; bir\u00e7ok ki\u015fi kurum ve STK deste\u011fi i\u015fbirli\u011fi ile k\u00fct\u00fcphaneciler, \u00f6\u011frenciler, akademisyenler, yazarlar, \u00e7izerler, yay\u0131nc\u0131lar, okurlar ve kamu kurumu y\u00f6neticileri ile Valilerimiz, \u0130l K\u00fclt\u00fcr ve Turizm M\u00fcd\u00fcrleri, \u0130l Milli E\u011fitim M\u00fcd\u00fcrleri ve Belediye Ba\u015fkanlar\u0131<span class=\"text_exposed_show\">m\u0131z\u0131n kat\u0131l\u0131m\u0131 ile vatanda\u015flar\u0131m\u0131zla birlikte kitap okuduk.<\/span><!--more--><\/p>\n<div class=\"text_exposed_show\">\n<p><a href=\"https:\/\/www.facebook.com\/bbyhaber\/photos_albums\" target=\"_blank\" rel=\"noopener\">Ge\u00e7mi\u015fte yap\u0131lan okuma etkinli\u011fi foto\u011fraf alb\u00fcmleri (illere g\u00f6re) i\u00e7in t\u0131klay\u0131n\u0131z<\/a><\/p>\n<p>Bu y\u0131l 8.si ger\u00e7ekle\u015fecek olan geleneksel \u201c<strong>81 \u0130lde Kitap Okuyoruz<\/strong>\u201d etkinli\u011fi \u201c<strong>Okumak De\u011fi\u015ftirir<\/strong>\u201d slogan\u0131 ile ger\u00e7ekle\u015ftirilecek.<\/p>\n<p>Her y\u0131l K\u00fct\u00fcphane Haftas\u0131 kapsam\u0131nda ba\u015far\u0131yla ger\u00e7ekle\u015ftirdi\u011fimiz kitap okuma etkinli\u011finin yerel ve ulusal bas\u0131n ile medyada geni\u015f yer buldu. Okuma K\u00fclt\u00fcr\u00fc\u2019n\u00fcn toplumda yayg\u0131nla\u015fmas\u0131 i\u00e7in \u00f6nemli bir fark\u0131ndal\u0131k yaratan meydanlarda sessiz kitap okuma etkinli\u011fi k\u00fclt\u00fcr ve k\u00fct\u00fcphanecilik camias\u0131n\u0131n sahiplenmesiyle yedi y\u0131ld\u0131r ba\u015far\u0131yla ger\u00e7ekle\u015fti. Sekizinci y\u0131l\u0131nda kitap okuma etkinli\u011fini artan ilgi ve destekle s\u00fcrd\u00fcrmeyi hedefliyoruz.<\/p>\n<p>25-31 Mart 2019 tarihleri aras\u0131nda &#8220;De\u011fi\u015fen Toplum D\u00f6n\u00fc\u015fen K\u00fct\u00fcphaneler&#8221; temas\u0131 ile kutlanacak olan<strong> 55. K\u00fct\u00fcphane Haftas\u0131<\/strong>\u2019n\u0131n temas\u0131na uygun olarak meydanlarda, okul bah\u00e7elerinde, k\u00fct\u00fcphane bah\u00e7elerinde veya uygun i\u00e7 mek\u00e2nlarda, k\u00fct\u00fcphanelerde (kitap okunabilecek her yerde) ve okuman\u0131n \u00f6nemine dikkat \u00e7ekmek i\u00e7in kitap okuyaca\u011f\u0131z.<\/p>\n<p>Okuma etkinli\u011fimizin sekizincisi 55. K\u00fct\u00fcphane Haftas\u0131 kapsam\u0131nda, 27 Mart 2019 \u00c7ar\u015famba g\u00fcn\u00fc 81 \u0130lde, saat 12.30 &#8211; 13.00 saatleri aras\u0131nda, illerin en merkezi noktalar\u0131nda, k\u00fct\u00fcphane i\u00e7 mek\u00e2nlar\u0131nda, k\u00fct\u00fcphane bah\u00e7elerinde, okullarda, okul bah\u00e7elerinde, \u00fcniversite kampuslar\u0131nda, 30 dakika sessiz kitap okuyarak ger\u00e7ekle\u015ftirece\u011fiz.<\/p>\n<p>K\u00fct\u00fcphanecilerin en b\u00fcy\u00fck \u015f\u00f6leni olan 55. K\u00fct\u00fcphane Haftam\u0131z\u0131 \u015fimdiden kutlar t\u00fcm meslek camiam\u0131za ba\u015far\u0131l\u0131 ve verimli bir hafta dileriz.<\/p>\n<p><a class=\"_58cn\" href=\"https:\/\/www.facebook.com\/hashtag\/okumakde%C4%9Fi%C5%9Ftirir?source=feed_text&amp;epa=HASHTAG\" target=\"_blank\" rel=\"noopener\" data-ft=\"{&quot;type&quot;:104,&quot;tn&quot;:&quot;*N&quot;}\"><span class=\"_5afx\"><span class=\"_58cl _5afz\" aria-label=\"konu etiketi\">#<\/span><span class=\"_58cm\">OkumakDe\u011fi\u015ftirir<\/span><\/span><\/a><br \/>\n<a class=\"_58cn\" href=\"https:\/\/www.facebook.com\/hashtag\/kitapokuyoruz2019?source=feed_text&amp;epa=HASHTAG\" target=\"_blank\" rel=\"noopener\" data-ft=\"{&quot;type&quot;:104,&quot;tn&quot;:&quot;*N&quot;}\"><span class=\"_5afx\"><span class=\"_58cl _5afz\" aria-label=\"konu etiketi\">#<\/span><span class=\"_58cm\">KitapOkuyoruz2019<\/span><\/span><\/a><\/p>\n<p>T\u00fcrk K\u00fct\u00fcphaneciler Derne\u011fi<br \/>\nOkul K\u00fct\u00fcphanecileri Derne\u011fi<\/p>\n<p>(Ayr\u0131nt\u0131l\u0131 bilgi ve sorular\u0131n\u0131z i\u00e7in kampanya koordinat\u00f6r\u00fc <strong>Ayd\u0131n \u0130leri<\/strong> ile <strong>kitapokuyoruz@yandex.com<\/strong> e-posta adresinden ileti\u015fim kurabilirsiniz.)<\/p>\n<\/div>\n","protected":false},"excerpt":{"rendered":"<p>Ge\u00e7ti\u011fimiz 7 y\u0131lda toplumun kitap ve k\u00fct\u00fcphaneye ilgisini \u00e7ekmek ve okuma al\u0131\u015fkanl\u0131\u011f\u0131 konusunda fark\u0131ndal\u0131k yaratmak i\u00e7in; bir\u00e7ok ki\u015fi kurum ve STK deste\u011fi i\u015fbirli\u011fi ile k\u00fct\u00fcphaneciler, \u00f6\u011frenciler, akademisyenler, yazarlar, \u00e7izerler, yay\u0131nc\u0131lar, okurlar ve kamu kurumu y\u00f6neticileri ile Valilerimiz, \u0130l K\u00fclt\u00fcr ve Turizm M\u00fcd\u00fcrleri, \u0130l Milli E\u011fitim M\u00fcd\u00fcrleri ve Belediye Ba\u015fkanlar\u0131m\u0131z\u0131n kat\u0131l\u0131m\u0131 ile vatanda\u015flar\u0131m\u0131zla birlikte kitap okuduk.<\/p>\n","protected":false},"author":1,"featured_media":26221,"comment_status":"open","ping_status":"open","sticky":false,"template":"","format":"standard","meta":{"footnotes":""},"categories":[1525,1,1496],"tags":[1461],"class_list":["post-26220","post","type-post","status-publish","format-standard","has-post-thumbnail","hentry","category-55-kutuphane-haftasi","category-genel","category-kitap-okuma-etkinligi","tag-kutuphane-haftasi"],"_links":{"self":[{"href":"https:\/\/www.bbyhaber.com\/bby\/wp-json\/wp\/v2\/posts\/26220"}],"collection":[{"href":"https:\/\/www.bbyhaber.com\/bby\/wp-json\/wp\/v2\/posts"}],"about":[{"href":"https:\/\/www.bbyhaber.com\/bby\/wp-json\/wp\/v2\/types\/post"}],"author":[{"embeddable":true,"href":"https:\/\/www.bbyhaber.com\/bby\/wp-json\/wp\/v2\/users\/1"}],"replies":[{"embeddable":true,"href":"https:\/\/www.bbyhaber.com\/bby\/wp-json\/wp\/v2\/comments?post=26220"}],"version-history":[{"count":1,"href":"https:\/\/www.bbyhaber.com\/bby\/wp-json\/wp\/v2\/posts\/26220\/revisions"}],"predecessor-version":[{"id":26222,"href":"https:\/\/www.bbyhaber.com\/bby\/wp-json\/wp\/v2\/posts\/26220\/revisions\/26222"}],"wp:featuredmedia":[{"embeddable":true,"href":"https:\/\/www.bbyhaber.com\/bby\/wp-json\/wp\/v2\/media\/26221"}],"wp:attachment":[{"href":"https:\/\/www.bbyhaber.com\/bby\/wp-json\/wp\/v2\/media?parent=26220"}],"wp:term":[{"taxonomy":"category","embeddable":true,"href":"https:\/\/www.bbyhaber.com\/bby\/wp-json\/wp\/v2\/categories?post=26220"},{"taxonomy":"post_tag","embeddable":true,"href":"https:\/\/www.bbyhaber.com\/bby\/wp-json\/wp\/v2\/tags?post=26220"}],"curies":[{"name":"wp","href":"https:\/\/api.w.org\/{rel}","templated":true}]}}