{"id":26212,"date":"2019-03-08T08:47:55","date_gmt":"2019-03-08T05:47:55","guid":{"rendered":"http:\/\/www.bbyhaber.com\/bby\/?p=26212"},"modified":"2019-03-08T08:56:14","modified_gmt":"2019-03-08T05:56:14","slug":"bby-ogrencileri-icin-atolye-calismasi-duzenlenecek","status":"publish","type":"post","link":"https:\/\/www.bbyhaber.com\/bby\/2019\/03\/08\/bby-ogrencileri-icin-atolye-calismasi-duzenlenecek","title":{"rendered":"BBY \u00f6\u011frencileri i\u00e7in at\u00f6lye \u00e7al\u0131\u015fmas\u0131 d\u00fczenlenecek"},"content":{"rendered":"<div><span style=\"font-family: tahoma, sans-serif;\"><a href=\"http:\/\/www.bbyhaber.com\/bby\/wp-content\/uploads\/2019\/03\/mef-kutuphane-haftasi-atolye-calismasi.jpg\"><img loading=\"lazy\" decoding=\"async\" class=\"alignleft size-full wp-image-26213\" src=\"http:\/\/www.bbyhaber.com\/bby\/wp-content\/uploads\/2019\/03\/mef-kutuphane-haftasi-atolye-calismasi.jpg\" alt=\"\" width=\"390\" height=\"180\" \/><\/a>MEF \u00dcniversitesi K\u00fct\u00fcphanesi taraf\u0131ndan <strong>55. K\u00fct\u00fcphane Haftas\u0131<\/strong> kapsam\u0131nda <strong>MEF K\u00fct\u00fcphane 4.At\u00f6lye \u00c7al\u0131\u015fmalar\u0131 <\/strong>d\u00fczenlenecek. At\u00f6lye \u00e7al\u0131\u015fmalar\u0131na sadece BBY&#8217;de okuyan \u00f6\u011frenciler kat\u0131labilecek. MEF K\u00fct\u00fcphane&#8217;nin 3 ayr\u0131 biriminde\u00a0<span class=\"gmail_default\">konu uzmanlar\u0131 ile \u00e7al\u0131\u015fabilece\u011finiz,<\/span>\u00a0uygulamalar yapabilece\u011finiz, yeni e\u011filimler hakk\u0131nda fikir sahibi olabilece\u011finiz ve merak etti\u011finiz sorular\u0131 sorabilece\u011finiz at\u00f6lye \u00e7al\u0131\u015fmalar\u0131na a\u015fa\u011f\u0131daki linkten kay\u0131t yaparak kat\u0131labilirsiniz.\u00a0<\/span><\/div>\n<p><!--more--><\/p>\n<div class=\"m_-3841569322041472011m_8014954563921884924m_-8166992237347694766gmail-m_-436157158209553129gmail-yj6qo m_-3841569322041472011m_8014954563921884924m_-8166992237347694766gmail-m_-436157158209553129gmail-ajU\">\n<div id=\"m_-3841569322041472011m_8014954563921884924m_-8166992237347694766gmail-m_-436157158209553129gmail-:1z7\" class=\"m_-3841569322041472011m_8014954563921884924m_-8166992237347694766gmail-m_-436157158209553129gmail-ajR\"><span style=\"font-family: tahoma, sans-serif;\"><img decoding=\"async\" class=\"m_-3841569322041472011m_8014954563921884924m_-8166992237347694766gmail-m_-436157158209553129gmail-ajT CToWUd\" src=\"https:\/\/ci6.googleusercontent.com\/proxy\/x7Az90uC0FlqG1NQNJvbQl7YtYRlnWzoqu2O_ZLb9xIKhYpJarh3aZrZ_qlU6_VKMQpRwI5_nDi9FsJOqf0XSQHw_6yv1VK7rhIBScGS2g=s0-d-e1-ft#https:\/\/ssl.gstatic.com\/ui\/v1\/icons\/mail\/images\/cleardot.gif\" \/><\/span><\/div>\n<\/div>\n<div class=\"m_-3841569322041472011m_8014954563921884924m_-8166992237347694766gmail-m_-436157158209553129gmail-adL\">\n<div class=\"m_-3841569322041472011m_8014954563921884924m_-8166992237347694766gmail-m_-436157158209553129gmail-im\">\n<div><span style=\"font-family: tahoma, sans-serif;\">Ba\u015fvuru ko\u015fullar\u0131: <strong>Bilgi ve Belge Y\u00f6netimi Lisans Program\u0131 \u00f6\u011frencisi olmak.\u00a0<\/strong><\/span><\/div>\n<div><span style=\"font-family: tahoma, sans-serif;\">Ba\u015fvuru tarihi: <strong>7 Mart 2019 &#8211; 15 Mart 2019<\/strong><\/span><\/div>\n<div><span style=\"font-family: tahoma, sans-serif;\">Kontenjan: Her bir at\u00f6lye \u00e7al\u0131\u015fmas\u0131 10 ki\u015fi ile s\u0131n\u0131rland\u0131r\u0131lm\u0131\u015ft\u0131r.<\/span><\/div>\n<div><\/div>\n<div><strong><span style=\"font-family: tahoma, sans-serif;\">Etkinlik tarihleri:\u00a0<\/span><\/strong><\/div>\n<div>\n<ol>\n<li><span style=\"font-family: tahoma, sans-serif;\">Kataloglamada RDA ile De\u011fi\u015fim Ba\u015flad\u0131! Haz\u0131r m\u0131s\u0131n\u0131z? &#8211; 27 Mart 2019, \u00c7ar\u015famba, 09:00-12:00 (3. ve 4. s\u0131n\u0131f \u00f6\u011frencileri ba\u015fvuruda bulunabilir.)<\/span><\/li>\n<li><span style=\"font-family: tahoma, sans-serif;\">Yeni Trendleri G\u00f6rmeden Elektronik Kaynak K\u00fct\u00fcphanecisi Olmay\u0131n &#8211; 27 Mart 2019, \u00c7ar\u015famba, 14:00-17:00<\/span><\/li>\n<li><span style=\"font-family: tahoma, sans-serif;\">Ger\u00e7ekten Sadece Referans K\u00fct\u00fcphanecisi Mi? &#8211; 28 Mart 2019, Per\u015fembe, 09:00-12:00<\/span><\/li>\n<\/ol>\n<div><span style=\"font-family: tahoma, sans-serif;\"><strong>Yer: MEF \u00dcniversitesi K\u00fct\u00fcphanesi\u00a0<\/strong><br \/>\n<\/span><\/div>\n<div><span style=\"font-family: tahoma, sans-serif;\">\u00a0<\/span><\/div>\n<\/div>\n<div><span style=\"font-family: tahoma, sans-serif;\">At\u00f6lye \u00e7al\u0131\u015fmalar\u0131na kat\u0131lmaya hak kazanan \u00f6\u011frencilere 19 Mart 2019 Sal\u0131 g\u00fcn\u00fc bilgilendirme yap\u0131lacakt\u0131r.<\/span><\/div>\n<div><span style=\"font-family: tahoma, sans-serif;\">At\u00f6lye kay\u0131t linki:\u00a0<\/span><span style=\"color: #000000; font-family: tahoma, sans-serif;\"><a href=\"https:\/\/goo.gl\/e1RThV\" target=\"_blank\" rel=\"noopener\" data-saferedirecturl=\"https:\/\/www.google.com\/url?q=https:\/\/goo.gl\/e1RThV&amp;source=gmail&amp;ust=1552108740404000&amp;usg=AFQjCNE96T7n0nKXu5BYgZtyJ4cUiKJwlA\">https:\/\/goo.gl\/e1RThV<\/a>\u00a0<\/span><\/div>\n<div><span style=\"font-family: tahoma, sans-serif;\">At\u00f6lye programlar\u0131n\u0131n kat\u0131l\u0131m ko\u015fullar\u0131 ve ayr\u0131nt\u0131l\u0131 bilgi i\u00e7in\u00a0<a href=\"mailto:library@mef.edu.tr\" target=\"_blank\" rel=\"noopener\">library@mef.edu.tr<\/a>\u00a0<wbr \/>adresine ba\u015fvurabilir ya da 0212 395 3619 numaral\u0131 hattan bize ula\u015fabilirsiniz.\u00a0<\/span><\/div>\n<\/div>\n<\/div>\n","protected":false},"excerpt":{"rendered":"<p>MEF \u00dcniversitesi K\u00fct\u00fcphanesi taraf\u0131ndan 55. K\u00fct\u00fcphane Haftas\u0131 kapsam\u0131nda MEF K\u00fct\u00fcphane 4.At\u00f6lye \u00c7al\u0131\u015fmalar\u0131 d\u00fczenlenecek. At\u00f6lye \u00e7al\u0131\u015fmalar\u0131na sadece BBY&#8217;de okuyan \u00f6\u011frenciler kat\u0131labilecek. MEF K\u00fct\u00fcphane&#8217;nin 3 ayr\u0131 biriminde\u00a0konu uzmanlar\u0131 ile \u00e7al\u0131\u015fabilece\u011finiz,\u00a0uygulamalar yapabilece\u011finiz, yeni e\u011filimler hakk\u0131nda fikir sahibi olabilece\u011finiz ve merak etti\u011finiz sorular\u0131 sorabilece\u011finiz at\u00f6lye \u00e7al\u0131\u015fmalar\u0131na a\u015fa\u011f\u0131daki linkten kay\u0131t yaparak kat\u0131labilirsiniz.\u00a0<\/p>\n","protected":false},"author":1,"featured_media":26213,"comment_status":"open","ping_status":"open","sticky":false,"template":"","format":"standard","meta":{"footnotes":""},"categories":[1525],"tags":[1461],"class_list":["post-26212","post","type-post","status-publish","format-standard","has-post-thumbnail","hentry","category-55-kutuphane-haftasi","tag-kutuphane-haftasi"],"_links":{"self":[{"href":"https:\/\/www.bbyhaber.com\/bby\/wp-json\/wp\/v2\/posts\/26212"}],"collection":[{"href":"https:\/\/www.bbyhaber.com\/bby\/wp-json\/wp\/v2\/posts"}],"about":[{"href":"https:\/\/www.bbyhaber.com\/bby\/wp-json\/wp\/v2\/types\/post"}],"author":[{"embeddable":true,"href":"https:\/\/www.bbyhaber.com\/bby\/wp-json\/wp\/v2\/users\/1"}],"replies":[{"embeddable":true,"href":"https:\/\/www.bbyhaber.com\/bby\/wp-json\/wp\/v2\/comments?post=26212"}],"version-history":[{"count":2,"href":"https:\/\/www.bbyhaber.com\/bby\/wp-json\/wp\/v2\/posts\/26212\/revisions"}],"predecessor-version":[{"id":26215,"href":"https:\/\/www.bbyhaber.com\/bby\/wp-json\/wp\/v2\/posts\/26212\/revisions\/26215"}],"wp:featuredmedia":[{"embeddable":true,"href":"https:\/\/www.bbyhaber.com\/bby\/wp-json\/wp\/v2\/media\/26213"}],"wp:attachment":[{"href":"https:\/\/www.bbyhaber.com\/bby\/wp-json\/wp\/v2\/media?parent=26212"}],"wp:term":[{"taxonomy":"category","embeddable":true,"href":"https:\/\/www.bbyhaber.com\/bby\/wp-json\/wp\/v2\/categories?post=26212"},{"taxonomy":"post_tag","embeddable":true,"href":"https:\/\/www.bbyhaber.com\/bby\/wp-json\/wp\/v2\/tags?post=26212"}],"curies":[{"name":"wp","href":"https:\/\/api.w.org\/{rel}","templated":true}]}}