{"id":26209,"date":"2019-03-08T08:23:36","date_gmt":"2019-03-08T05:23:36","guid":{"rendered":"http:\/\/www.bbyhaber.com\/bby\/?p=26209"},"modified":"2019-03-08T09:24:01","modified_gmt":"2019-03-08T06:24:01","slug":"prof-dr-meral-alpay-vefat-etti","status":"publish","type":"post","link":"https:\/\/www.bbyhaber.com\/bby\/2019\/03\/08\/prof-dr-meral-alpay-vefat-etti","title":{"rendered":"Prof.Dr. Meral Alpay vefat etti"},"content":{"rendered":"<p><a href=\"http:\/\/www.bbyhaber.com\/bby\/wp-content\/uploads\/2019\/03\/meral-alpay-vefat.jpg\"><img loading=\"lazy\" decoding=\"async\" class=\"alignleft size-full wp-image-26210\" src=\"http:\/\/www.bbyhaber.com\/bby\/wp-content\/uploads\/2019\/03\/meral-alpay-vefat.jpg\" alt=\"\" width=\"390\" height=\"180\" \/><\/a><\/p>\n<p>\u0130stanbul \u00dcniversitesi K\u00fct\u00fcphane ve Dok\u00fcmantasyon Dairesi 1994-2005 d\u00f6nemi ve K\u00fct\u00fcphanecilik B\u00f6l\u00fcm\u00fc Eski Ba\u015fkanlar\u0131ndan <strong>Prof. Dr. Meral ALPAY<\/strong>\u00a0hocam\u0131z\u0131 kaybetmi\u015f olmam\u0131z\u0131n derin \u00fcz\u00fcnt\u00fcs\u00fcn\u00fc ya\u015f\u0131yoruz. Merhuma Allah&#8217;tan rahmet, yak\u0131nlar\u0131na ve k\u00fct\u00fcphanecilik camias\u0131na ba\u015fsa\u011fl\u0131\u011f\u0131 diliyoruz.<!--more--><\/p>\n<p>Prof. Dr. Meral ALPAY&#8217;\u0131n cenazesi 8 Mart 2019 Cuma g\u00fcn\u00fc (bug\u00fcn) \u00f6\u011fle namaz\u0131n\u0131 m\u00fcteakip Atak\u00f6y Be\u015finci K\u0131s\u0131m \u00d6mer Duruk Camii&#8217;nden kald\u0131r\u0131lacakt\u0131r.<\/p>\n","protected":false},"excerpt":{"rendered":"<p>\u0130stanbul \u00dcniversitesi K\u00fct\u00fcphane ve Dok\u00fcmantasyon Dairesi 1994-2005 d\u00f6nemi ve K\u00fct\u00fcphanecilik B\u00f6l\u00fcm\u00fc Eski Ba\u015fkanlar\u0131ndan Prof. Dr. Meral ALPAY\u00a0hocam\u0131z\u0131 kaybetmi\u015f olmam\u0131z\u0131n derin \u00fcz\u00fcnt\u00fcs\u00fcn\u00fc ya\u015f\u0131yoruz. Merhuma Allah&#8217;tan rahmet, yak\u0131nlar\u0131na ve k\u00fct\u00fcphanecilik camias\u0131na ba\u015fsa\u011fl\u0131\u011f\u0131 diliyoruz.<\/p>\n","protected":false},"author":1,"featured_media":26210,"comment_status":"open","ping_status":"open","sticky":false,"template":"","format":"standard","meta":{"footnotes":""},"categories":[1],"tags":[1119,824],"class_list":["post-26209","post","type-post","status-publish","format-standard","has-post-thumbnail","hentry","category-genel","tag-prof-dr-meral-alpay","tag-vefat-eden-meslektaslarimiz"],"_links":{"self":[{"href":"https:\/\/www.bbyhaber.com\/bby\/wp-json\/wp\/v2\/posts\/26209"}],"collection":[{"href":"https:\/\/www.bbyhaber.com\/bby\/wp-json\/wp\/v2\/posts"}],"about":[{"href":"https:\/\/www.bbyhaber.com\/bby\/wp-json\/wp\/v2\/types\/post"}],"author":[{"embeddable":true,"href":"https:\/\/www.bbyhaber.com\/bby\/wp-json\/wp\/v2\/users\/1"}],"replies":[{"embeddable":true,"href":"https:\/\/www.bbyhaber.com\/bby\/wp-json\/wp\/v2\/comments?post=26209"}],"version-history":[{"count":2,"href":"https:\/\/www.bbyhaber.com\/bby\/wp-json\/wp\/v2\/posts\/26209\/revisions"}],"predecessor-version":[{"id":26223,"href":"https:\/\/www.bbyhaber.com\/bby\/wp-json\/wp\/v2\/posts\/26209\/revisions\/26223"}],"wp:featuredmedia":[{"embeddable":true,"href":"https:\/\/www.bbyhaber.com\/bby\/wp-json\/wp\/v2\/media\/26210"}],"wp:attachment":[{"href":"https:\/\/www.bbyhaber.com\/bby\/wp-json\/wp\/v2\/media?parent=26209"}],"wp:term":[{"taxonomy":"category","embeddable":true,"href":"https:\/\/www.bbyhaber.com\/bby\/wp-json\/wp\/v2\/categories?post=26209"},{"taxonomy":"post_tag","embeddable":true,"href":"https:\/\/www.bbyhaber.com\/bby\/wp-json\/wp\/v2\/tags?post=26209"}],"curies":[{"name":"wp","href":"https:\/\/api.w.org\/{rel}","templated":true}]}}