{"id":26205,"date":"2019-03-08T08:18:10","date_gmt":"2019-03-08T05:18:10","guid":{"rendered":"http:\/\/www.bbyhaber.com\/bby\/?p=26205"},"modified":"2019-03-08T08:18:27","modified_gmt":"2019-03-08T05:18:27","slug":"atilim-universitesi-icerisine-ankara-dijital-kent-arsivi-kuruldu","status":"publish","type":"post","link":"https:\/\/www.bbyhaber.com\/bby\/2019\/03\/08\/atilim-universitesi-icerisine-ankara-dijital-kent-arsivi-kuruldu","title":{"rendered":"At\u0131l\u0131m \u00dcniversitesi i\u00e7erisine Ankara Dijital Kent Ar\u015fivi Kuruldu"},"content":{"rendered":"<p><a href=\"http:\/\/www.bbyhaber.com\/bby\/wp-content\/uploads\/2019\/03\/ankara-kent-arsivi.jpg\"><img loading=\"lazy\" decoding=\"async\" class=\"alignleft size-full wp-image-26206\" src=\"http:\/\/www.bbyhaber.com\/bby\/wp-content\/uploads\/2019\/03\/ankara-kent-arsivi.jpg\" alt=\"\" width=\"390\" height=\"180\" \/><\/a>At\u0131l\u0131m \u00dcniversitesi taraf\u0131ndan hayata ge\u00e7irilen projenin amac\u0131n\u0131n ba\u015fkentin kent ve tarih bilinci ile birlikte ya\u015fat\u0131lmas\u0131 oldu\u011fu vurgusu yap\u0131ld\u0131. Ankara At\u0131l\u0131m \u00dcniversitesi i\u00e7erisine <strong>Ankara Dijital Kent Ar\u015fivi<\/strong> kurularak, Ankara ile ilgili bulunan b\u00fct\u00fcn belgeler ve \u00e7al\u0131\u015fmalar bir araya getirildi.<!--more--><\/p>\n<p>At\u0131l\u0131m \u00dcniversitesi taraf\u0131ndan hayata ge\u00e7irilen projenin amac\u0131n\u0131n ba\u015fkentin kent ve tarih bilinci ile birlikte ya\u015fat\u0131lmas\u0131 oldu\u011fu vurgusu yap\u0131ld\u0131. Bu \u015fekilde milli bilincin yayg\u0131nla\u015ft\u0131r\u0131lmas\u0131na katk\u0131da bulunduklar\u0131n\u0131 belirten yetkililer, dijital kent ar\u015fivinde \u015fehirle ilgili b\u00fct\u00fcn \u00e7al\u0131\u015fmalar\u0131 bir araya getirdi.<\/p>\n<p><strong>ADKA Vatanda\u015flar\u0131n Ba\u015fvuraca\u011f\u0131 \u0130lk Portal Olacak<\/strong><br \/>\nAt\u0131l\u0131m \u00dcniversitesi i\u00e7inde yer alan Kadriye Zaim K\u00fct\u00fcphanesi Direkt\u00f6r\u00fc Emre Hasan Akbayrak, hayata ge\u00e7irilen bu \u00e7al\u0131\u015fman\u0131n s\u00fcreci hakk\u0131nda bilgi verdi. ADKA\u2019n\u0131n hayata ge\u00e7irilmesi i\u00e7in 10 y\u0131l boyunca koleksiyon topland\u0131\u011f\u0131n\u0131 s\u00f6yledi. Tarihe dair toplanan bu \u00e7al\u0131\u015fmalarda, Ankara ile ilgili \u00e7al\u0131\u015fma yapan herkesin arad\u0131\u011f\u0131n\u0131 bulmas\u0131 ama\u00e7land\u0131. Dijital Kent Ar\u015fivi\u2019nin vatanda\u015flar\u0131n ilk ba\u015fvuraca\u011f\u0131 portal olmas\u0131 i\u00e7in \u00e7al\u0131\u015ft\u0131klar\u0131n\u0131n alt\u0131n\u0131 \u00e7izdi.<\/p>\n<p><strong>Dev Ar\u015five Ankara ile \u00d6zde\u015fle\u015fen Objeler de Eklenecek<\/strong><br \/>\nKoleksiyonun i\u00e7inde Ankara ile ilgili objeler, kitaplar, dok\u00fcmanlar, defterler ve di\u011fer belgeler yer al\u0131yor. Toplanan verilen t\u00fcm\u00fc, fiziksel olarak sergilenmesinin yan\u0131 s\u0131ra, elektronik olarak da insanlara sunulacak. Elektronik ar\u015fivde eski zamanlara ait kartpostal, harita, tezler ve makaleler yer al\u0131yor. Ar\u015five Ankara ile \u00f6zde\u015fle\u015fti\u011fi bilinen objelerin eklenece\u011finin alt\u0131n\u0131 \u00e7izen direkt\u00f6r, bu objeler aras\u0131nda en \u00e7ok ilgi \u00e7ekecek olanlar\u0131n gazoz \u015fi\u015fesi ve tarihi kap\u0131 tokmaklar\u0131 olaca\u011f\u0131n\u0131 bekledi\u011fini s\u00f6yledi.<\/p>\n<p><strong>K\u00fct\u00fcphane Direkt\u00f6r\u00fc Emre Hasan Akbayrak, Ankara Ar\u015fivi\u2019nde Spor Kul\u00fcplerinin \u00d6neminden Bahsetti<\/strong><br \/>\nEmre Hasan Akbayrak, konu\u015fmas\u0131nda koleksiyonerlerin ba\u011f\u0131\u015flar\u0131n\u0131 bekledi\u011fini belirterek, bu ba\u011f\u0131\u015flar ile ADKA\u2019y\u0131 geli\u015ftirmeyi ama\u00e7lad\u0131klar\u0131n\u0131 s\u00f6yledi. \u00d6zellikle spor kul\u00fcplerinden \u00e7ok destek ald\u0131\u011f\u0131n\u0131 s\u00f6yleyen Akbayrak, Gen\u00e7ler Birli\u011fi ve Ankarag\u00fcc\u00fc Spor Kul\u00fcplerinin deste\u011fi i\u00e7in te\u015fekk\u00fcr etti.<\/p>\n<p>Spor kul\u00fcplerinin bir \u015fehir i\u00e7in ne kadar \u00f6nemli oldu\u011funun alt\u0131n\u0131 \u00e7izerek, koleksiyonun i\u00e7inde, spor kul\u00fcpleri ile ilgili yap\u0131lm\u0131\u015f haberlerin, spor kar\u015f\u0131la\u015fma foto\u011fraflar\u0131n\u0131n, videolar\u0131n ve \u00e7e\u015fitli belgelerin bulundu\u011funu s\u00f6yledi. Ar\u015five di\u011fer spor kul\u00fcpleri ile ilgili \u00f6nemli belgelerin eklenece\u011finin m\u00fcjdesini spor severlere verdi. Burada \u00f6nemli olan\u0131n insanlar\u0131n edindiklerini belge ve bilgilerin payla\u015fmas\u0131 oldu\u011funu belirtti.<\/p>\n<p>Ankara Dijital Kent Ar\u015fivi i\u00e7in <strong><a href=\"http:\/\/ankaraarsivi.atilim.edu.tr\/\" target=\"_blank\" rel=\"noopener\">t\u0131klay\u0131n\u0131z<\/a><\/strong><\/p>\n<p><a href=\"https:\/\/www.haberlerankara.com\" target=\"_blank\" rel=\"noopener\">Kaynak<\/a><\/p>\n","protected":false},"excerpt":{"rendered":"<p>At\u0131l\u0131m \u00dcniversitesi taraf\u0131ndan hayata ge\u00e7irilen projenin amac\u0131n\u0131n ba\u015fkentin kent ve tarih bilinci ile birlikte ya\u015fat\u0131lmas\u0131 oldu\u011fu vurgusu yap\u0131ld\u0131. Ankara At\u0131l\u0131m \u00dcniversitesi i\u00e7erisine Ankara Dijital Kent Ar\u015fivi kurularak, Ankara ile ilgili bulunan b\u00fct\u00fcn belgeler ve \u00e7al\u0131\u015fmalar bir araya getirildi.<\/p>\n","protected":false},"author":1,"featured_media":26206,"comment_status":"open","ping_status":"open","sticky":false,"template":"","format":"standard","meta":{"footnotes":""},"categories":[1],"tags":[],"class_list":["post-26205","post","type-post","status-publish","format-standard","has-post-thumbnail","hentry","category-genel"],"_links":{"self":[{"href":"https:\/\/www.bbyhaber.com\/bby\/wp-json\/wp\/v2\/posts\/26205"}],"collection":[{"href":"https:\/\/www.bbyhaber.com\/bby\/wp-json\/wp\/v2\/posts"}],"about":[{"href":"https:\/\/www.bbyhaber.com\/bby\/wp-json\/wp\/v2\/types\/post"}],"author":[{"embeddable":true,"href":"https:\/\/www.bbyhaber.com\/bby\/wp-json\/wp\/v2\/users\/1"}],"replies":[{"embeddable":true,"href":"https:\/\/www.bbyhaber.com\/bby\/wp-json\/wp\/v2\/comments?post=26205"}],"version-history":[{"count":2,"href":"https:\/\/www.bbyhaber.com\/bby\/wp-json\/wp\/v2\/posts\/26205\/revisions"}],"predecessor-version":[{"id":26208,"href":"https:\/\/www.bbyhaber.com\/bby\/wp-json\/wp\/v2\/posts\/26205\/revisions\/26208"}],"wp:featuredmedia":[{"embeddable":true,"href":"https:\/\/www.bbyhaber.com\/bby\/wp-json\/wp\/v2\/media\/26206"}],"wp:attachment":[{"href":"https:\/\/www.bbyhaber.com\/bby\/wp-json\/wp\/v2\/media?parent=26205"}],"wp:term":[{"taxonomy":"category","embeddable":true,"href":"https:\/\/www.bbyhaber.com\/bby\/wp-json\/wp\/v2\/categories?post=26205"},{"taxonomy":"post_tag","embeddable":true,"href":"https:\/\/www.bbyhaber.com\/bby\/wp-json\/wp\/v2\/tags?post=26205"}],"curies":[{"name":"wp","href":"https:\/\/api.w.org\/{rel}","templated":true}]}}