{"id":26194,"date":"2019-03-06T15:37:57","date_gmt":"2019-03-06T12:37:57","guid":{"rendered":"http:\/\/www.bbyhaber.com\/bby\/?p=26194"},"modified":"2019-03-13T11:11:01","modified_gmt":"2019-03-13T08:11:01","slug":"icisleri-bakanligi-20-sozlesmeli-arsiv-uzmani-icin-sozlu-sinavina-gireceklerin-listesi-aciklandi","status":"publish","type":"post","link":"https:\/\/www.bbyhaber.com\/bby\/2019\/03\/06\/icisleri-bakanligi-20-sozlesmeli-arsiv-uzmani-icin-sozlu-sinavina-gireceklerin-listesi-aciklandi","title":{"rendered":"\u0130\u00e7i\u015fleri Bakanl\u0131\u011f\u0131 20 s\u00f6zle\u015fmeli AR\u015e\u0130V UZMANI i\u00e7in s\u00f6zl\u00fc s\u0131nav\u0131na gireceklerin listesi a\u00e7\u0131kland\u0131"},"content":{"rendered":"<div><a href=\"http:\/\/www.bbyhaber.com\/bby\/wp-content\/uploads\/2019\/02\/icisleri-bakanligi.jpg\"><img loading=\"lazy\" decoding=\"async\" class=\"alignleft size-full wp-image-26049\" src=\"http:\/\/www.bbyhaber.com\/bby\/wp-content\/uploads\/2019\/02\/icisleri-bakanligi.jpg\" alt=\"\" width=\"390\" height=\"180\" \/><\/a>2019 Y\u0131l\u0131 \u0130\u00e7i\u015fleri Bakanl\u0131\u011f\u0131 4\/B S\u00f6zle\u015fmeli Personel <strong><a href=\"https:\/\/www.bbyhaber.com\/bby\/2019\/02\/08\/icisleri-bakanligi-20-sozlesmeli-arsiv-uzmani-alacak-basvuru-tarihleri-21-26-subat-2019\" target=\"_blank\" rel=\"noopener\">Al\u0131m\u0131<\/a><\/strong> Giri\u015f(S\u00f6zl\u00fc) S\u0131nav\u0131na Kat\u0131lmaya Hak Kazananlara Ait Liste a\u00e7\u0131kland\u0131. Giri\u015f (S\u00f6zl\u00fc) S\u0131nav\u0131na kat\u0131lmaya hak kazanan adaylar \u0130\u015f Talep Formunun \u00e7\u0131kt\u0131s\u0131 ile ilanda belirtilen di\u011fer s\u0131nav ba\u015fvuru belgelerini <span style=\"color: #ff0000;\"><strong>06-13 Mart 2019<\/strong><\/span> tarihleri aras\u0131nda mesai saatleri i\u00e7inde bulunduklar\u0131 <strong>\u0130lin Valilik \u0130l Yaz\u0131 \u0130\u015fleri M\u00fcd\u00fcrl\u00fcklerine<\/strong> imza kar\u015f\u0131l\u0131\u011f\u0131 elden teslim edeceklerdir.<\/div>\n<p><!--more--><\/p>\n<div>\n<div><strong>Bakanl\u0131k Merkez Te\u015fkilat\u0131nda \u0130lan Edilen Pozisyonlar \u0130\u00e7in Giri\u015f(S\u00f6zl\u00fc) S\u0131nav\u0131na Kat\u0131lmaya Hak Kazanan Adaylara Ait Liste<\/strong><\/div>\n<div><\/div>\n<\/div>\n<div>\n<div><\/div>\n<div><strong><span style=\"color: #ff0000;\"><a style=\"color: #ff0000;\" href=\"http:\/\/www.bbyhaber.com\/bby\/wp-content\/uploads\/2019\/03\/arsiv_uzmn.pdf\" target=\"_blank\" rel=\"noopener\">AR\u015e\u0130V UZMANI<\/a><\/span><\/strong><br \/>\n<a href=\"https:\/\/www.icisleri.gov.tr\/kurumlar\/icisleri.gov.tr\/personel-genel-mud\/2019_4_b_112\/sehir_plan.pdf\" target=\"_blank\" rel=\"noopener\">\u015eEH\u0130R PLANCISI<\/a><br \/>\n<a href=\"https:\/\/www.icisleri.gov.tr\/kurumlar\/icisleri.gov.tr\/personel-genel-mud\/2019_4_b_112\/harita_muh.pdf\" target=\"_blank\" rel=\"noopener\">M\u00dcHEND\u0130S(HAR\u0130TA)<\/a><br \/>\n<a href=\"https:\/\/www.icisleri.gov.tr\/kurumlar\/icisleri.gov.tr\/personel-genel-mud\/2019_4_b_112\/harita_tek.pdf\" target=\"_blank\" rel=\"noopener\">TEKN\u0130KER(HAR\u0130TA)<\/a><\/div>\n<div><\/div>\n<div><strong>81 \u0130l Valili\u011fi 112 Acil \u00c7a\u011fr\u0131 Merkezi M\u00fcd\u00fcrl\u00fckleri Emrinde \u00a0\u0130lan Edilen Pozisyonlar \u0130\u00e7in Giri\u015f(S\u00f6zl\u00fc) S\u0131nav\u0131na Kat\u0131lmaya Hak Kazanan Adaylara Ait Liste<\/strong><\/div>\n<div><\/div>\n<div><a href=\"https:\/\/www.icisleri.gov.tr\/kurumlar\/icisleri.gov.tr\/personel-genel-mud\/2019_4_b_112\/elk_elektronik_muh.pdf\" target=\"_blank\" rel=\"noopener\">M\u00dcHEND\u0130S(ELEKTR\u0130K-ELEKTRON\u0130K)<\/a><br \/>\n<a href=\"https:\/\/www.icisleri.gov.tr\/kurumlar\/icisleri.gov.tr\/personel-genel-mud\/2019_4_b_112\/bil_tek.pdf\" target=\"_blank\" rel=\"noopener\">TEKN\u0130KER(B\u0130LG\u0130SAYAR)<\/a><br \/>\n<a href=\"https:\/\/www.icisleri.gov.tr\/kurumlar\/icisleri.gov.tr\/personel-genel-mud\/2019_4_b_112\/elk_elektronik_tek.pdf\" target=\"_blank\" rel=\"noopener\">TEKN\u0130SYEN(ELEKTR\u0130K-ELEKTRON\u0130K)<\/a><br \/>\n<a href=\"https:\/\/www.icisleri.gov.tr\/kurumlar\/icisleri.gov.tr\/personel-genel-mud\/2019_4_b_112\/Bur_PER_lisans.pdf\" target=\"_blank\" rel=\"noopener\">B\u00dcRO PERSONEL\u0130(L\u0130SANS)<\/a><br \/>\n<a href=\"https:\/\/www.icisleri.gov.tr\/kurumlar\/icisleri.gov.tr\/personel-genel-mud\/2019_4_b_112\/buro_per_on.pdf\" target=\"_blank\" rel=\"noopener\">B\u00dcRO PERSONEL\u0130(\u00d6NL\u0130SANS)<\/a><\/div>\n<div><\/div>\n<div>\n<div>EK:<\/div>\n<div><a href=\"https:\/\/www.icisleri.gov.tr\/kurumlar\/icisleri.gov.tr\/personel-genel-mud\/2019_4_b_112\/sinav_ilan.pdf\" target=\"_blank\" rel=\"noopener\">S\u0131nav \u0130lan\u0131<\/a><\/div>\n<div><a href=\"https:\/\/www.icisleri.gov.tr\/kurumlar\/icisleri.gov.tr\/IcSite\/personel\/Genel\/Dosyalar\/GSAF.docx\" target=\"_blank\" rel=\"noopener\">G\u00fcvenlik Soru\u015fturmas\u0131 Formu<\/a><\/div>\n<p><a href=\"https:\/\/www.icisleri.gov.tr\/kurumlar\/icisleri.gov.tr\/personel-genel-mud\/2019_4_b_112\/ist_bel.pdf\" target=\"_blank\" rel=\"noopener\">\u0130stenilen Belgeler<\/a><br \/>\n<a href=\"https:\/\/www.icisleri.gov.tr\/kurumlar\/icisleri.gov.tr\/personel-genel-mud\/2019_4_b_112\/dikkat_edil_husus.pdf\" target=\"_blank\" rel=\"noopener\">Ba\u015fvuru Evraklar\u0131n\u0131 Teslim Edecek Adaylar Taraf\u0131ndan Dikkat Edilecek Hususlar<\/a><\/p>\n<\/div>\n<div><\/div>\n<div><strong>\u00d6NEML\u0130 DUYURU<\/strong><\/div>\n<div>\n<div><\/div>\n<div>\n<div>2019 YILI 4\/B S\u00f6zle\u015fmeli Personel Al\u0131m\u0131 Giri\u015f(S\u00f6zl\u00fc) S\u0131nav\u0131na Teknisyen (Elektrik-Elektronik) pozisyonuna ba\u015fvuracak adaylar\u00a0i\u00e7in ilanda aran\u0131lan \u00f6\u011frenim durumu \u015fart\u0131na ek olarak;<br \/>\nMilli E\u011fitim Bakanl\u0131\u011f\u0131n\u0131n 08\/02\/2019 tarihli ve E.2814344 say\u0131l\u0131 g\u00f6r\u00fc\u015f yaz\u0131s\u0131na istinaden, Mesleki ve Teknik Lisenin a\u015fa\u011f\u0131da belirtilen b\u00f6l\u00fcmlerinden mezun olanlarda Teknisyen (Elektrik- Elektronik) unvan\u0131na ba\u015fvuru yapabilecektir.<\/div>\n<div><\/div>\n<div>\u0130lgili adaylara \u00f6nemle duyurulur.<\/div>\n<div><\/div>\n<div>Elektrik,<br \/>\nBobinajc\u0131l\u0131k,<br \/>\nElektrik-Elektronik,<br \/>\nOtomatik Kumanda,<br \/>\nElektrik\u00e7ilik B\u00f6l\u00fcm\u00fc,<br \/>\nElektrik Tesisat\u00e7\u0131l\u0131\u011f\u0131,<br \/>\nElektromekanik Ta\u015f\u0131y\u0131c\u0131lar,<br \/>\nAsans\u00f6r,<br \/>\nEnd\u00fcstriyel Elektronik,<br \/>\nEnd\u00fcstriyel Otomasyon Teknolojileri (Elektronik)<br \/>\nEnd\u00fcstriyel Otomasyon Teknolojisi (Elektronik)<br \/>\nElektronik,<br \/>\nRadyoculuk,<br \/>\nMonit\u00f6rl\u00fck,<br \/>\nTelekom\u00fcnikasyon,<br \/>\nElektrik- Elektronik Teknolojisi (Otomasyon Sistemleri Dal\u0131)<\/div>\n<div><\/div>\n<div><a href=\"https:\/\/www.icisleri.gov.tr\/duyurular-yeni\" target=\"_blank\" rel=\"noopener\">Kaynak<\/a><\/div>\n<\/div>\n<\/div>\n<\/div>\n","protected":false},"excerpt":{"rendered":"<p>2019 Y\u0131l\u0131 \u0130\u00e7i\u015fleri Bakanl\u0131\u011f\u0131 4\/B S\u00f6zle\u015fmeli Personel Al\u0131m\u0131 Giri\u015f(S\u00f6zl\u00fc) S\u0131nav\u0131na Kat\u0131lmaya Hak Kazananlara Ait Liste a\u00e7\u0131kland\u0131. Giri\u015f (S\u00f6zl\u00fc) S\u0131nav\u0131na kat\u0131lmaya hak kazanan adaylar \u0130\u015f Talep Formunun \u00e7\u0131kt\u0131s\u0131 ile ilanda belirtilen di\u011fer s\u0131nav ba\u015fvuru belgelerini 06-13 Mart 2019 tarihleri aras\u0131nda mesai saatleri i\u00e7inde bulunduklar\u0131 \u0130lin Valilik \u0130l Yaz\u0131 \u0130\u015fleri M\u00fcd\u00fcrl\u00fcklerine imza kar\u015f\u0131l\u0131\u011f\u0131 elden teslim edeceklerdir.<\/p>\n","protected":false},"author":1,"featured_media":26049,"comment_status":"open","ping_status":"open","sticky":false,"template":"","format":"standard","meta":{"footnotes":""},"categories":[1],"tags":[],"class_list":["post-26194","post","type-post","status-publish","format-standard","has-post-thumbnail","hentry","category-genel"],"_links":{"self":[{"href":"https:\/\/www.bbyhaber.com\/bby\/wp-json\/wp\/v2\/posts\/26194"}],"collection":[{"href":"https:\/\/www.bbyhaber.com\/bby\/wp-json\/wp\/v2\/posts"}],"about":[{"href":"https:\/\/www.bbyhaber.com\/bby\/wp-json\/wp\/v2\/types\/post"}],"author":[{"embeddable":true,"href":"https:\/\/www.bbyhaber.com\/bby\/wp-json\/wp\/v2\/users\/1"}],"replies":[{"embeddable":true,"href":"https:\/\/www.bbyhaber.com\/bby\/wp-json\/wp\/v2\/comments?post=26194"}],"version-history":[{"count":3,"href":"https:\/\/www.bbyhaber.com\/bby\/wp-json\/wp\/v2\/posts\/26194\/revisions"}],"predecessor-version":[{"id":26198,"href":"https:\/\/www.bbyhaber.com\/bby\/wp-json\/wp\/v2\/posts\/26194\/revisions\/26198"}],"wp:featuredmedia":[{"embeddable":true,"href":"https:\/\/www.bbyhaber.com\/bby\/wp-json\/wp\/v2\/media\/26049"}],"wp:attachment":[{"href":"https:\/\/www.bbyhaber.com\/bby\/wp-json\/wp\/v2\/media?parent=26194"}],"wp:term":[{"taxonomy":"category","embeddable":true,"href":"https:\/\/www.bbyhaber.com\/bby\/wp-json\/wp\/v2\/categories?post=26194"},{"taxonomy":"post_tag","embeddable":true,"href":"https:\/\/www.bbyhaber.com\/bby\/wp-json\/wp\/v2\/tags?post=26194"}],"curies":[{"name":"wp","href":"https:\/\/api.w.org\/{rel}","templated":true}]}}