{"id":26188,"date":"2019-03-05T18:31:47","date_gmt":"2019-03-05T15:31:47","guid":{"rendered":"http:\/\/www.bbyhaber.com\/bby\/?p=26188"},"modified":"2019-03-05T18:31:47","modified_gmt":"2019-03-05T15:31:47","slug":"6-mart-dunya-erkekler-gunu-cem-ozel","status":"publish","type":"post","link":"https:\/\/www.bbyhaber.com\/bby\/2019\/03\/05\/6-mart-dunya-erkekler-gunu-cem-ozel","title":{"rendered":"6 Mart D\u00fcnya Erkekler G\u00fcn\u00fc | Cem \u00d6ZEL"},"content":{"rendered":"<p>[avatar user=&#8221;cemozel&#8221; \/]<a href=\"http:\/\/www.bbyhaber.com\/bby\/author\/cemozel\"><br \/>\nCem \u00d6ZEL<\/a><br \/>\n<strong>Kullan\u0131c\u0131 Hizmetleri Y\u00f6neticisi\/Sabanc\u0131 \u00dcniversitesi Bilgi Merkezi<\/strong><\/p>\n<p><a href=\"http:\/\/www.bbyhaber.com\/bby\/wp-content\/uploads\/2019\/03\/6mart-dunya-erkekler-gunu.jpg\"><img loading=\"lazy\" decoding=\"async\" class=\"alignleft size-full wp-image-26189\" src=\"http:\/\/www.bbyhaber.com\/bby\/wp-content\/uploads\/2019\/03\/6mart-dunya-erkekler-gunu.jpg\" alt=\"\" width=\"390\" height=\"180\" \/><\/a>\u0130nternette gazeteleri a\u00e7\u0131p inceledim. Zul\u00fcm g\u00f6ren erkeklerin haberleriyle dolu. Deh\u015fetle okuyorum:<\/p>\n<p>Bo\u015fanmak istedi\u011fi e\u015fi taraf\u0131ndan 30 yerinden b\u0131\u00e7aklanm\u0131\u015f bir adam\u0131n i\u00e7ler ac\u0131s\u0131 hali t\u00fcm T\u00fcrkiye&#8217;nin g\u00fcndemine oturdu.<\/p>\n<p>Gece eve ge\u00e7 gelen 40 ya\u015f\u0131ndaki o\u011ful, annesi taraf\u0131ndan d\u00f6v\u00fclmekten komal\u0131k oldu.<!--more--><\/p>\n<p>Erkek karde\u015finin parkta k\u0131zlarla ip atlad\u0131\u011f\u0131n\u0131 g\u00f6ren abla, ko\u015fa ko\u015fa eve gidip annesinin ruhsatl\u0131 \u00f6rg\u00fc \u015fi\u015flerini al\u0131p arkada\u015flar\u0131n\u0131n ortas\u0131nda erkek karde\u015fini delik de\u015fik etti.<\/p>\n<p>\u00c7ocu\u011fu olmayan kocas\u0131n\u0131 bo\u015fayan kad\u0131n, mahkeme biter bitmez solu\u011fu sevgilisinin yan\u0131nda ald\u0131. G\u00f6z\u00fc ya\u015fl\u0131 koca, mahkeme \u00e7\u0131k\u0131\u015f\u0131nda gazetecilere, &#8220;Allah onun belas\u0131n\u0131 versin.&#8221; dedi. Aylar sonra sorunun kad\u0131nda oldu\u011fu ortaya \u00e7\u0131kt\u0131.<\/p>\n<p>E\u015fi taraf\u0131ndan \u00fcst\u00fcne kuma getirilen koca, \u00e7ocuklar\u0131n\u0131 al\u0131p baba evine s\u0131\u011f\u0131nd\u0131. &#8220;Nedir bu erkeklerin kad\u0131nlardan \u00e7ekti\u011fi&#8221; diye dert yand\u0131\u011f\u0131 gelen haberler aras\u0131nda.<\/p>\n<p>G\u00f6mle\u011finin yakas\u0131n\u0131 hafif a\u00e7t\u0131\u011f\u0131ndan g\u00f6\u011f\u00fcs k\u0131llar\u0131 g\u00f6r\u00fcnen abisini, Namusumuzu iki paral\u0131k etti&#8221; diye terlikle d\u00f6ven k\u00fc\u00e7\u00fck k\u0131z, &#8220;Pi\u015fman de\u011filim, gene olsa gene yapar\u0131m&#8221; dedi.<\/p>\n<p>6 tane erkek do\u011furan kad\u0131n, kocas\u0131n\u0131 b\u0131rak\u0131p, k\u0131z sahibi olabilece\u011fi bir erke\u011fin pe\u015fine d\u00fc\u015ft\u00fc.<\/p>\n<p>Instagram&#8217;da H\u00fclya Av\u015far&#8217;\u0131 takip eden kuzeninin surat\u0131na kezzap atan emmi k\u0131z\u0131, &#8220;Namus \u015fakaya gelmez&#8221; dedi.<\/p>\n<p>\u015eiddet g\u00f6rd\u00fc\u011f\u00fc i\u00e7in kar\u0131s\u0131ndan bo\u015fanmak isteyen 60 ya\u015f\u0131ndaki ya\u015fl\u0131 adam, Mavi \u00c7at\u0131 Erkek S\u0131\u011f\u0131nma evine s\u0131\u011f\u0131nd\u0131.<\/p>\n<p>&#8220;\u00c7ok yak\u0131\u015f\u0131yor sakal b\u0131rakay\u0131m.&#8221; diyen torununu odaya kapayan babaanne, &#8220;O sakallar\u0131 yolar\u0131m&#8221; dedi.<\/p>\n<p>\u00c7ocu\u011funu g\u00f6stermeyen kad\u0131n, kocas\u0131n\u0131n a\u011flamalar\u0131na ald\u0131r\u0131\u015f etmeden, arabayla \u00fczerinden ge\u00e7meye \u00e7al\u0131\u015ft\u0131.<\/p>\n<p>Sahilde bisiklet s\u00fcrerken, rahat oluyor diye sporcu tayt\u0131 giyen gen\u00e7 erkek, annesinin alt\u0131n g\u00fcn\u00fcnden arkada\u015flar\u0131 taraf\u0131ndan piknik t\u00fcp\u00fcyle d\u00f6v\u00fcld\u00fc. \u00d6te yandan mini \u015fortla yanlar\u0131ndan ko\u015farak ge\u00e7en gen\u00e7 bir baba ve o\u011fluna da g\u00f6zda\u011f\u0131 veren alt\u0131n g\u00fcn\u00fc sakinleri, kad\u0131n polisler taraf\u0131ndan g\u00fc\u00e7l\u00fckle sakinle\u015ftirildi.<\/p>\n<p>Eve geldi\u011finde kocas\u0131n\u0131, kom\u015fuya gitti\u011fi gerek\u00e7esiyle evden kovan kad\u0131n, &#8220;\u00c7ocuklar\u0131m\u0131 bir daha babalar\u0131na g\u00f6sterirsem kad\u0131n de\u011filim&#8221; dedi.<\/p>\n<p>\u00c7al\u0131\u015farak eve katk\u0131 sa\u011flamak isteyen 40 ya\u015f\u0131ndaki adam, kar\u0131s\u0131n\u0131n yumruk darbeleriyle kar\u015f\u0131la\u015f\u0131nca solu\u011fu karakolda ald\u0131.<\/p>\n<p>Sokakta giydi\u011fi pantolonun darl\u0131\u011f\u0131na bile kar\u0131\u015fan ailesine resti \u00e7ekip evden ka\u00e7t\u0131. Gen\u00e7 o\u011flandan 3 g\u00fcnd\u00fcr haber al\u0131nam\u0131yor. Mahallenin kabaday\u0131 k\u0131zlar\u0131 taraf\u0131ndan da\u011fa kald\u0131r\u0131ld\u0131\u011f\u0131 tahmin ediliyor.<\/p>\n<p>Orhan Kemal&#8217;in Tersine D\u00fcnya adl\u0131 kitab\u0131 da kad\u0131n erkek ili\u015fkisindeki bu tersli\u011fi anlat\u0131r. Filmi de \u00e7ekilmi\u015ftir. Kitab\u0131 okunulas\u0131, filmi ise seyredilesidir.<\/p>\n<p><strong>8 Mart D\u00fcnya Kad\u0131nlar G\u00fcn\u00fc<\/strong>&#8216;n\u00fcn arifesinde b\u00f6yle bir yaz\u0131 yazmam\u0131n nedeni bir fark\u0131ndal\u0131k yaratmakt\u0131. Ne \u00e7ok \u00f6rnek var de\u011fil mi, kad\u0131nlar\u0131n bo\u015fu bo\u015funa \u00e7ekti\u011fi eziyetlere.<\/p>\n<p>Sevgili erkekler,<\/p>\n<p>Biz, kad\u0131nlar\u0131n sahibi de\u011filiz. Bir par\u00e7a empati kurarak kafalar\u0131 de\u011fi\u015ftirmek m\u00fcmk\u00fcn. Sadece onlara ya\u015fatt\u0131\u011f\u0131m\u0131z\u0131, onlar\u0131n da bize ya\u015fatt\u0131\u011f\u0131n\u0131 d\u00fc\u015f\u00fcn\u00fcn. \u0130\u015fte o zaman anlars\u0131n\u0131z hanyay\u0131 konyay\u0131.<\/p>\n","protected":false},"excerpt":{"rendered":"<p>[avatar user=&#8221;cemozel&#8221; \/] Cem \u00d6ZEL Kullan\u0131c\u0131 Hizmetleri Y\u00f6neticisi\/Sabanc\u0131 \u00dcniversitesi Bilgi Merkezi \u0130nternette gazeteleri a\u00e7\u0131p inceledim. Zul\u00fcm g\u00f6ren erkeklerin haberleriyle dolu. Deh\u015fetle okuyorum: Bo\u015fanmak istedi\u011fi e\u015fi taraf\u0131ndan 30 yerinden b\u0131\u00e7aklanm\u0131\u015f bir adam\u0131n i\u00e7ler ac\u0131s\u0131 hali t\u00fcm T\u00fcrkiye&#8217;nin g\u00fcndemine oturdu. Gece eve ge\u00e7 gelen 40 ya\u015f\u0131ndaki o\u011ful, annesi taraf\u0131ndan d\u00f6v\u00fclmekten komal\u0131k oldu.<\/p>\n","protected":false},"author":143,"featured_media":26189,"comment_status":"open","ping_status":"open","sticky":false,"template":"","format":"standard","meta":{"footnotes":""},"categories":[1478],"tags":[1460],"class_list":["post-26188","post","type-post","status-publish","format-standard","has-post-thumbnail","hentry","category-cem-ozel","tag-kose-yazarlari"],"_links":{"self":[{"href":"https:\/\/www.bbyhaber.com\/bby\/wp-json\/wp\/v2\/posts\/26188"}],"collection":[{"href":"https:\/\/www.bbyhaber.com\/bby\/wp-json\/wp\/v2\/posts"}],"about":[{"href":"https:\/\/www.bbyhaber.com\/bby\/wp-json\/wp\/v2\/types\/post"}],"author":[{"embeddable":true,"href":"https:\/\/www.bbyhaber.com\/bby\/wp-json\/wp\/v2\/users\/143"}],"replies":[{"embeddable":true,"href":"https:\/\/www.bbyhaber.com\/bby\/wp-json\/wp\/v2\/comments?post=26188"}],"version-history":[{"count":1,"href":"https:\/\/www.bbyhaber.com\/bby\/wp-json\/wp\/v2\/posts\/26188\/revisions"}],"predecessor-version":[{"id":26190,"href":"https:\/\/www.bbyhaber.com\/bby\/wp-json\/wp\/v2\/posts\/26188\/revisions\/26190"}],"wp:featuredmedia":[{"embeddable":true,"href":"https:\/\/www.bbyhaber.com\/bby\/wp-json\/wp\/v2\/media\/26189"}],"wp:attachment":[{"href":"https:\/\/www.bbyhaber.com\/bby\/wp-json\/wp\/v2\/media?parent=26188"}],"wp:term":[{"taxonomy":"category","embeddable":true,"href":"https:\/\/www.bbyhaber.com\/bby\/wp-json\/wp\/v2\/categories?post=26188"},{"taxonomy":"post_tag","embeddable":true,"href":"https:\/\/www.bbyhaber.com\/bby\/wp-json\/wp\/v2\/tags?post=26188"}],"curies":[{"name":"wp","href":"https:\/\/api.w.org\/{rel}","templated":true}]}}