{"id":26181,"date":"2019-03-05T10:54:35","date_gmt":"2019-03-05T07:54:35","guid":{"rendered":"http:\/\/www.bbyhaber.com\/bby\/?p=26181"},"modified":"2019-03-06T01:12:26","modified_gmt":"2019-03-05T22:12:26","slug":"osmaniye-korkut-ata-universitesi-bbyye-acilan-is-ilanina-yonelik-davayi-kazandik","status":"publish","type":"post","link":"https:\/\/www.bbyhaber.com\/bby\/2019\/03\/05\/osmaniye-korkut-ata-universitesi-bbyye-acilan-is-ilanina-yonelik-davayi-kazandik","title":{"rendered":"Osmaniye Korkut Ata \u00dcniversitesi BBY&#8217;ye a\u00e7\u0131lan i\u015f ilan\u0131na y\u00f6nelik davay\u0131 kazand\u0131k!"},"content":{"rendered":"<p class=\"m_2704675750885586475gmail-MsoNoSpacing\">TKD Ba\u015fkan\u0131 Ali Fuat Kartal, Osmaniye Korkut Ata \u00dcniversitesi Bilgi ve Belge Y\u00f6netimi B\u00f6l\u00fcm\u00fc\u2019ne al\u0131nacak olan \u00f6\u011fretim \u00fcyesi (<strong><a href=\"http:\/\/www.bbyhaber.com\/bby\/2017\/06\/08\/osmaniye-korkut-ata-universitesinin-acmis-oldugu-bby-akademik-kadro-ilani-hakkinda-dava-acildi\" target=\"_blank\" rel=\"noopener\">haber ve i\u015f ilan\u0131 i\u00e7in t\u0131klay\u0131n\u0131z<\/a><\/strong>) i\u00e7in 15.02.2017 tarihinde \u00fcniversitenin internet sitesinde ilan edilen Yrd. Do\u00e7ent al\u0131m\u0131na y\u00f6nelik i\u015flemin iptali istemiyle a\u00e7\u0131lan <b>davay\u0131 kazand\u0131\u011f\u0131m\u0131z\u0131 belirtti. <\/b>A\u015fa\u011f\u0131daki a\u00e7\u0131klamay\u0131 ve dava dosyalar\u0131n\u0131 payla\u015ft\u0131.<!--more--><\/p>\n<p class=\"m_2704675750885586475gmail-MsoNoSpacing\">&#8220;Bildi\u011finiz gibi ilanda bulunan yeterlilik \u015fartlar\u0131, Bilgi ve Belge Y\u00f6netimi B\u00f6l\u00fcml\u00fclerinde verilen e\u011fitim ve konu uzmanl\u0131\u011f\u0131 ile yak\u0131ndan uzaktan ilgisi yoktu. Bilgi ve Belge Y\u00f6netimi alan\u0131nda doktoras\u0131n\u0131 tamamlam\u0131\u015f onlarca meslekta\u015f\u0131m\u0131z atama beklerken, baz\u0131 ki\u015filere adrese teslim ilan verilmesi k\u00fct\u00fcphanecilik camias\u0131n\u0131 \u00fczm\u00fc\u015f ve mesle\u011fimizin gelece\u011fi a\u00e7\u0131s\u0131ndan da olumsuz \u00f6rnek te\u015fkil etmi\u015fti. Bu dava di\u011fer meslek alanlar\u0131 i\u00e7in de emsal te\u015fkil edecektir. A\u011fz\u0131n\u0131 a\u00e7an herkes, dinimiz \u201ci\u015fi ehline verin\u201d diye s\u00f6ze ba\u015fl\u0131yor; ama kendisine geldi mi maalesef ikiy\u00fczl\u00fcl\u00fckten de geri kalm\u0131yor.&#8221; dedi.<\/p>\n<p class=\"m_2704675750885586475gmail-MsoNoSpacing\"><span style=\"color: #ff0000;\"><strong>Dava ile ilgili belgeler a\u015fa\u011f\u0131dad\u0131r:<\/strong><\/span><\/p>\n<div id='gallery-1' class='gallery galleryid-26181 gallery-columns-4 gallery-size-thumbnail'><figure class='gallery-item'>\n\t\t\t<div class='gallery-icon portrait'>\n\t\t\t\t<a href='https:\/\/www.bbyhaber.com\/bby\/wp-content\/uploads\/2019\/03\/OsmaniyeKorkutAta-dava-1.jpeg'><img loading=\"lazy\" decoding=\"async\" width=\"150\" height=\"150\" src=\"https:\/\/www.bbyhaber.com\/bby\/wp-content\/uploads\/2019\/03\/OsmaniyeKorkutAta-dava-1-150x150.jpeg\" class=\"attachment-thumbnail size-thumbnail\" alt=\"\" \/><\/a>\n\t\t\t<\/div><\/figure><figure class='gallery-item'>\n\t\t\t<div class='gallery-icon portrait'>\n\t\t\t\t<a href='https:\/\/www.bbyhaber.com\/bby\/wp-content\/uploads\/2019\/03\/OsmaniyeKorkutAta-dava-2.jpeg'><img loading=\"lazy\" decoding=\"async\" width=\"150\" height=\"150\" src=\"https:\/\/www.bbyhaber.com\/bby\/wp-content\/uploads\/2019\/03\/OsmaniyeKorkutAta-dava-2-150x150.jpeg\" class=\"attachment-thumbnail size-thumbnail\" alt=\"\" \/><\/a>\n\t\t\t<\/div><\/figure><figure class='gallery-item'>\n\t\t\t<div class='gallery-icon portrait'>\n\t\t\t\t<a href='https:\/\/www.bbyhaber.com\/bby\/wp-content\/uploads\/2019\/03\/OsmaniyeKorkutAta-dava-3.jpeg'><img loading=\"lazy\" decoding=\"async\" width=\"150\" height=\"150\" src=\"https:\/\/www.bbyhaber.com\/bby\/wp-content\/uploads\/2019\/03\/OsmaniyeKorkutAta-dava-3-150x150.jpeg\" class=\"attachment-thumbnail size-thumbnail\" alt=\"\" \/><\/a>\n\t\t\t<\/div><\/figure>\n\t\t<\/div>\n\n","protected":false},"excerpt":{"rendered":"<p>TKD Ba\u015fkan\u0131 Ali Fuat Kartal, Osmaniye Korkut Ata \u00dcniversitesi Bilgi ve Belge Y\u00f6netimi B\u00f6l\u00fcm\u00fc\u2019ne al\u0131nacak olan \u00f6\u011fretim \u00fcyesi (haber ve i\u015f ilan\u0131 i\u00e7in t\u0131klay\u0131n\u0131z) i\u00e7in 15.02.2017 tarihinde \u00fcniversitenin internet sitesinde ilan edilen Yrd. Do\u00e7ent al\u0131m\u0131na y\u00f6nelik i\u015flemin iptali istemiyle a\u00e7\u0131lan davay\u0131 kazand\u0131\u011f\u0131m\u0131z\u0131 belirtti. A\u015fa\u011f\u0131daki a\u00e7\u0131klamay\u0131 ve dava dosyalar\u0131n\u0131 payla\u015ft\u0131.<\/p>\n","protected":false},"author":1,"featured_media":26182,"comment_status":"open","ping_status":"open","sticky":false,"template":"","format":"standard","meta":{"footnotes":""},"categories":[1],"tags":[1398],"class_list":["post-26181","post","type-post","status-publish","format-standard","has-post-thumbnail","hentry","category-genel","tag-bby-ozluk-haklari"],"_links":{"self":[{"href":"https:\/\/www.bbyhaber.com\/bby\/wp-json\/wp\/v2\/posts\/26181"}],"collection":[{"href":"https:\/\/www.bbyhaber.com\/bby\/wp-json\/wp\/v2\/posts"}],"about":[{"href":"https:\/\/www.bbyhaber.com\/bby\/wp-json\/wp\/v2\/types\/post"}],"author":[{"embeddable":true,"href":"https:\/\/www.bbyhaber.com\/bby\/wp-json\/wp\/v2\/users\/1"}],"replies":[{"embeddable":true,"href":"https:\/\/www.bbyhaber.com\/bby\/wp-json\/wp\/v2\/comments?post=26181"}],"version-history":[{"count":5,"href":"https:\/\/www.bbyhaber.com\/bby\/wp-json\/wp\/v2\/posts\/26181\/revisions"}],"predecessor-version":[{"id":26193,"href":"https:\/\/www.bbyhaber.com\/bby\/wp-json\/wp\/v2\/posts\/26181\/revisions\/26193"}],"wp:featuredmedia":[{"embeddable":true,"href":"https:\/\/www.bbyhaber.com\/bby\/wp-json\/wp\/v2\/media\/26182"}],"wp:attachment":[{"href":"https:\/\/www.bbyhaber.com\/bby\/wp-json\/wp\/v2\/media?parent=26181"}],"wp:term":[{"taxonomy":"category","embeddable":true,"href":"https:\/\/www.bbyhaber.com\/bby\/wp-json\/wp\/v2\/categories?post=26181"},{"taxonomy":"post_tag","embeddable":true,"href":"https:\/\/www.bbyhaber.com\/bby\/wp-json\/wp\/v2\/tags?post=26181"}],"curies":[{"name":"wp","href":"https:\/\/api.w.org\/{rel}","templated":true}]}}