{"id":26177,"date":"2019-03-05T10:27:29","date_gmt":"2019-03-05T07:27:29","guid":{"rendered":"http:\/\/www.bbyhaber.com\/bby\/?p=26177"},"modified":"2019-03-05T10:27:29","modified_gmt":"2019-03-05T07:27:29","slug":"55-kutuphane-haftasi-bby-bolumu-ogrencileri-poster-oturumu","status":"publish","type":"post","link":"https:\/\/www.bbyhaber.com\/bby\/2019\/03\/05\/55-kutuphane-haftasi-bby-bolumu-ogrencileri-poster-oturumu","title":{"rendered":"55. K\u00fct\u00fcphane Haftas\u0131: BBY B\u00f6l\u00fcm\u00fc \u00d6\u011frencileri Poster Oturumu"},"content":{"rendered":"<p><a href=\"http:\/\/www.bbyhaber.com\/bby\/wp-content\/uploads\/2019\/03\/55.kutuphane.haftasi.poster.sunumu.jpg\"><img loading=\"lazy\" decoding=\"async\" class=\"alignleft size-full wp-image-26179\" src=\"http:\/\/www.bbyhaber.com\/bby\/wp-content\/uploads\/2019\/03\/55.kutuphane.haftasi.poster.sunumu.jpg\" alt=\"\" width=\"390\" height=\"180\" \/><\/a><strong>K\u00fct\u00fcphaneler ve Yay\u0131mlar Genel M\u00fcd\u00fcrl\u00fc\u011f<\/strong>\u00fc taraf\u0131ndan, <strong>25-31 Mart 2019<\/strong> tarihleri aras\u0131nda, &#8220;<strong>S\u00fcrd\u00fcr\u00fclebilir Kalk\u0131nmada K\u00fct\u00fcphanelerin Rol\u00fc<\/strong>&#8221; ana temas\u0131 ile Ankara\u2019da kutlanacak olan <strong>55. K\u00fct\u00fcphane Haftas\u0131<\/strong> kapsam\u0131nda, <strong>Bilgi ve Belge Y\u00f6netimi B\u00f6l\u00fcm\u00fc \u00d6\u011frencileri Poster Oturumu<\/strong> d\u00fczenlenecektir.<!--more--><\/p>\n<p>Ankara d\u0131\u015f\u0131nda bulunan Bilgi ve Belge Y\u00f6netimi B\u00f6l\u00fcmlerinde okuyan \u00f6\u011frencilerden poster oturumuna kat\u0131lanlar aras\u0131ndan her \u00fcniversite i\u00e7in se\u00e7ilecek iki\u015fer \u00f6\u011frencinin, <strong>55. K\u00fct\u00fcphane Haftas\u0131<\/strong> Ana Program\u0131\u2019na kat\u0131l\u0131m giderleri (konaklama-ula\u015f\u0131m) Genel M\u00fcd\u00fcrl\u00fc\u011f\u00fcm\u00fcz taraf\u0131ndan kar\u015f\u0131lanacakt\u0131r.<\/p>\n<p><span style=\"color: #ff0000;\"><strong>Ba\u015fvuru yapmak isteyen \u00f6\u011frencilerin posterlerini, en ge\u00e7 11 Mart 2019 tarihine kadar<\/strong><\/span>, 70*100 boyutlar\u0131nda tek par\u00e7a, jpg ya da pdf formatlar\u0131nda <span style=\"color: #ff0000;\"><strong>ktbkygm@gmail.com<\/strong><\/span> elektronik posta adresine g\u00f6ndermesi gerekti\u011fini hat\u0131rlat\u0131r, sayg\u0131lar sunar\u0131z.<\/p>\n<p><strong>Ayr\u0131nt\u0131l\u0131 bilgi i\u00e7in:<\/strong><\/p>\n<p>Okuyucu Hizmetleri \u015eube M\u00fcd\u00fcrl\u00fc\u011f\u00fc<\/p>\n<p>K\u00fct\u00fcphane Hizmetleri Daire Ba\u015fkanl\u0131\u011f\u0131<\/p>\n<p>Elektronik Posta: <strong>ktbkygm@gmail.com<\/strong><\/p>\n<p>Tel: (0312) 470 53 42<\/p>\n","protected":false},"excerpt":{"rendered":"<p>K\u00fct\u00fcphaneler ve Yay\u0131mlar Genel M\u00fcd\u00fcrl\u00fc\u011f\u00fc taraf\u0131ndan, 25-31 Mart 2019 tarihleri aras\u0131nda, &#8220;S\u00fcrd\u00fcr\u00fclebilir Kalk\u0131nmada K\u00fct\u00fcphanelerin Rol\u00fc&#8221; ana temas\u0131 ile Ankara\u2019da kutlanacak olan 55. K\u00fct\u00fcphane Haftas\u0131 kapsam\u0131nda, Bilgi ve Belge Y\u00f6netimi B\u00f6l\u00fcm\u00fc \u00d6\u011frencileri Poster Oturumu d\u00fczenlenecektir.<\/p>\n","protected":false},"author":1,"featured_media":26179,"comment_status":"open","ping_status":"open","sticky":false,"template":"","format":"standard","meta":{"footnotes":""},"categories":[1525,1],"tags":[1461],"class_list":["post-26177","post","type-post","status-publish","format-standard","has-post-thumbnail","hentry","category-55-kutuphane-haftasi","category-genel","tag-kutuphane-haftasi"],"_links":{"self":[{"href":"https:\/\/www.bbyhaber.com\/bby\/wp-json\/wp\/v2\/posts\/26177"}],"collection":[{"href":"https:\/\/www.bbyhaber.com\/bby\/wp-json\/wp\/v2\/posts"}],"about":[{"href":"https:\/\/www.bbyhaber.com\/bby\/wp-json\/wp\/v2\/types\/post"}],"author":[{"embeddable":true,"href":"https:\/\/www.bbyhaber.com\/bby\/wp-json\/wp\/v2\/users\/1"}],"replies":[{"embeddable":true,"href":"https:\/\/www.bbyhaber.com\/bby\/wp-json\/wp\/v2\/comments?post=26177"}],"version-history":[{"count":1,"href":"https:\/\/www.bbyhaber.com\/bby\/wp-json\/wp\/v2\/posts\/26177\/revisions"}],"predecessor-version":[{"id":26180,"href":"https:\/\/www.bbyhaber.com\/bby\/wp-json\/wp\/v2\/posts\/26177\/revisions\/26180"}],"wp:featuredmedia":[{"embeddable":true,"href":"https:\/\/www.bbyhaber.com\/bby\/wp-json\/wp\/v2\/media\/26179"}],"wp:attachment":[{"href":"https:\/\/www.bbyhaber.com\/bby\/wp-json\/wp\/v2\/media?parent=26177"}],"wp:term":[{"taxonomy":"category","embeddable":true,"href":"https:\/\/www.bbyhaber.com\/bby\/wp-json\/wp\/v2\/categories?post=26177"},{"taxonomy":"post_tag","embeddable":true,"href":"https:\/\/www.bbyhaber.com\/bby\/wp-json\/wp\/v2\/tags?post=26177"}],"curies":[{"name":"wp","href":"https:\/\/api.w.org\/{rel}","templated":true}]}}