{"id":26174,"date":"2019-03-05T10:05:38","date_gmt":"2019-03-05T07:05:38","guid":{"rendered":"http:\/\/www.bbyhaber.com\/bby\/?p=26174"},"modified":"2019-03-05T10:06:21","modified_gmt":"2019-03-05T07:06:21","slug":"her-vatandaas-halk-kutuphanesine-uye-olmali","status":"publish","type":"post","link":"https:\/\/www.bbyhaber.com\/bby\/2019\/03\/05\/her-vatandaas-halk-kutuphanesine-uye-olmali","title":{"rendered":"Her vatanda\u015f Halk K\u00fct\u00fcphanesine \u00fcye olmal\u0131"},"content":{"rendered":"<p><a href=\"http:\/\/www.bbyhaber.com\/bby\/wp-content\/uploads\/2019\/03\/her-vatandas-halk-kutuphanesine-uye-olmali.jpg\"><img loading=\"lazy\" decoding=\"async\" class=\"alignleft size-full wp-image-26175\" src=\"http:\/\/www.bbyhaber.com\/bby\/wp-content\/uploads\/2019\/03\/her-vatandas-halk-kutuphanesine-uye-olmali.jpg\" alt=\"\" width=\"390\" height=\"180\" \/><\/a>\u0130ST\u0130NYE \u00dcniversitesi Sa\u011fl\u0131k Bilimleri Fak\u00fcltesi \u00c7ocuk Geli\u015fimi B\u00f6l\u00fcm\u00fc taraf\u0131ndan d\u00fczenlenen <strong>\u00c7ocuk Geli\u015fimciler ve \u00c7ocuk K\u00fct\u00fcphaneleri<\/strong> adl\u0131 etkinlikte konu\u015fan <strong>Orhan Kemal Halk K\u00fct\u00fcphanesi M\u00fcd\u00fcr\u00fc S\u00fcheyla Acar<\/strong>, &#8220;\u0130nsanlarda k\u00fct\u00fcphane bilincinin olu\u015fturulaca\u011f\u0131 en \u00f6nemli evre \u00e7ocukluk d\u00f6nemi. Her vatanda\u015f\u0131m\u0131z\u0131n bir halk k\u00fct\u00fcphanesine \u00fcye olmas\u0131 gerekir&#8221; dedi.<!--more--><\/p>\n<p>Etkinlikte, \u00e7ocuk geli\u015fimciler ile K\u00fct\u00fcphaneler ve Yay\u0131mlar Genel M\u00fcd\u00fcrl\u00fc\u011f\u00fc i\u015f birli\u011fi aras\u0131nda yap\u0131lacak \u00e7al\u0131\u015fmalar ele al\u0131nd\u0131. \u00c7ocuk odakl\u0131 k\u00fct\u00fcphane hizmetleri, d\u00fcnya \u00fczerindeki \u00f6rnekleri ve \u0130stanbul&#8217;daki \u00e7ocuk k\u00fct\u00fcphaneleri seminere kat\u0131lan \u00f6\u011frencilerle payla\u015f\u0131ld\u0131. Etkinlikte konu\u015fan <strong>\u0130stanbul \u00dcniversitesi Bilgi ve Belge Y\u00f6netimi B\u00f6l\u00fcm\u00fc \u00d6\u011fretim \u00dcyesi Do\u00e7. Dr. I\u015f\u0131k \u0130lknur Sert<\/strong>, \u00c7ocuk Geli\u015fim B\u00f6l\u00fcm\u00fc ile kendi alanlar\u0131nda muhte\u015fem i\u015f birlikleri olabilece\u011fini belirtti.<\/p>\n<p>&#8220;\u00c7OCUKLARA ELE\u015eT\u0130REL D\u00dc\u015e\u00dcNME \u00d6\u011eRET\u0130LMEL\u0130&#8221;<\/p>\n<p><strong>Do\u00e7. Dr. I\u015f\u0131k \u0130lknur Sert<\/strong>, &#8220;Yenilik\u00e7i fikirlerle yeti\u015ftirdi\u011fimiz yeni nesil ile \u00fclkemizin ilerlemesine katk\u0131 sa\u011flamak istiyoruz.Yenilik\u00e7ilik ise bilgi ve \u00f6\u011frenme ile ilgili bir konudur. \u0130stinye \u00dcniversitesi ger\u00e7ekle\u015ftirdi\u011fi bu toplant\u0131yla ne kadar yenilik\u00e7i oldu\u011funu g\u00f6steriyor. \u00c7ocuk geli\u015fimciler ile yapaca\u011f\u0131m\u0131z i\u015f birlikleri \u00e7ok \u00f6nemli. Birlikte \u00e7al\u0131\u015farak \u00e7ocuklara \u00f6\u011frenmeyi \u00f6\u011fretmeliyiz&#8221; dedi. \u00c7ocuklara k\u00fc\u00e7\u00fck ya\u015flardan itibaren ele\u015ftirel d\u00fc\u015f\u00fcnmenin \u00f6\u011fretilmesi gerekti\u011finin alt\u0131n\u0131 \u00e7izen Do\u00e7. Dr. I\u015f\u0131l \u0130lknur Sert, &#8220;\u00c7ocuk geli\u015fimcilerden alaca\u011f\u0131m\u0131z destekle hangi ya\u015f dilimindeki \u00e7ocu\u011fa hangi etkinlikle \u00f6\u011fretilir konular\u0131nda geli\u015fim g\u00f6stermek istiyoruz&#8221; dedi.<\/p>\n<p>HER VATANDA\u015eIN HALK K\u00dcT\u00dcPHANES\u0130NE \u00dcYE OLMASI \u00c7OK \u00d6NEML\u0130<\/p>\n<p>Konu\u015fmas\u0131na k\u00fct\u00fcphanecilik kurallar\u0131 ve gelenekleri hakk\u0131nda bilgi vererek ba\u015flayan <strong>Orhan Kemal Halk K\u00fct\u00fcphanesi M\u00fcd\u00fcr\u00fc S\u00fcheyla Acar<\/strong>, \u00e7ocuklara k\u00fct\u00fcphanelerin sadece \u00f6\u011frencilere y\u00f6nelik olmad\u0131\u011f\u0131n\u0131 anlatmak gerekti\u011fini vurgulad\u0131. Acar, &#8220;Her bir vatanda\u015f\u0131m\u0131z\u0131n bir halk k\u00fct\u00fcphanesine \u00fcye olmas\u0131 \u00e7ok \u00f6nemlidir. Biz toplum olarak \u00f6\u011frencili\u011fimizin bitmesiyle beraber k\u00fct\u00fcphanelere u\u011fram\u0131yoruz. \u0130nsanlarda bu k\u00fct\u00fcphane bilincinin olu\u015fturulaca\u011f\u0131 en \u00f6nemli evre ise \u00e7ocukluk d\u00f6nemidir&#8221; dedi. Konusunda uzman \u00e7ocuk geli\u015fimcilere ihtiya\u00e7 duyduklar\u0131n\u0131 belirten Acar, meslekler aras\u0131nda yap\u0131lacak i\u015f birliklerinin \u00e7ok \u00f6nemli oldu\u011funu s\u00f6yledi.<\/p>\n<p>\u00c7OCUK K\u00dcT\u00dcPHANELER\u0130NDE \u0130\u015e B\u0130RL\u0130\u011e\u0130 YAPILACAK<\/p>\n<p>\u0130stinye \u00dcniversitesi \u00f6\u011frencileri taraf\u0131ndan ilgiyle takip edilen etkinlikte, <strong>K\u00fct\u00fcphaneler ve Yay\u0131mlar Genel M\u00fcd\u00fcrl\u00fc\u011f\u00fcnden Merve Yavuz Demir ve \u00d6znur \u00d6zer ile \u00dcsk\u00fcdar Selimiye \u00c7ocuk K\u00fct\u00fcphanesinden Asl\u0131 Erden<\/strong> \u00e7ocuk k\u00fct\u00fcphaneleri hakk\u0131nda sunumlar ger\u00e7ekle\u015ftirdi. K\u00fct\u00fcphanecilerle yap\u0131lacak \u00e7al\u0131\u015fmalar\u0131n ve kar\u015f\u0131l\u0131kl\u0131 bilgi aktar\u0131m\u0131n\u0131n \u00e7ok \u00f6nemli oldu\u011funu belirten \u0130stinye \u00dcniversitesi SBF \u00c7ocuk Geli\u015fimi B\u00f6l\u00fcm\u00fc Ba\u015fkan\u0131 Hale Dere \u00c7ift\u00e7i, &#8220;\u0130stinye \u00dcniversitesi olarak K\u00fct\u00fcphaneler ve Yay\u0131mlar Genel M\u00fcd\u00fcrl\u00fc\u011f\u00fc ile i\u015fbirli\u011fi yaparak \u00e7ocuk k\u00fct\u00fcphanelerinde bir\u00e7ok farkl\u0131 proje i\u00e7erisinde yer almay\u0131 planl\u0131yoruz&#8221; dedi.<\/p>\n<p><a href=\"https:\/\/www.haberler.com\" target=\"_blank\" rel=\"noopener\">Kaynak<\/a><\/p>\n","protected":false},"excerpt":{"rendered":"<p>\u0130ST\u0130NYE \u00dcniversitesi Sa\u011fl\u0131k Bilimleri Fak\u00fcltesi \u00c7ocuk Geli\u015fimi B\u00f6l\u00fcm\u00fc taraf\u0131ndan d\u00fczenlenen \u00c7ocuk Geli\u015fimciler ve \u00c7ocuk K\u00fct\u00fcphaneleri adl\u0131 etkinlikte konu\u015fan Orhan Kemal Halk K\u00fct\u00fcphanesi M\u00fcd\u00fcr\u00fc S\u00fcheyla Acar, &#8220;\u0130nsanlarda k\u00fct\u00fcphane bilincinin olu\u015fturulaca\u011f\u0131 en \u00f6nemli evre \u00e7ocukluk d\u00f6nemi. Her vatanda\u015f\u0131m\u0131z\u0131n bir halk k\u00fct\u00fcphanesine \u00fcye olmas\u0131 gerekir&#8221; dedi.<\/p>\n","protected":false},"author":1,"featured_media":26175,"comment_status":"open","ping_status":"open","sticky":false,"template":"","format":"standard","meta":{"footnotes":""},"categories":[1],"tags":[],"class_list":["post-26174","post","type-post","status-publish","format-standard","has-post-thumbnail","hentry","category-genel"],"_links":{"self":[{"href":"https:\/\/www.bbyhaber.com\/bby\/wp-json\/wp\/v2\/posts\/26174"}],"collection":[{"href":"https:\/\/www.bbyhaber.com\/bby\/wp-json\/wp\/v2\/posts"}],"about":[{"href":"https:\/\/www.bbyhaber.com\/bby\/wp-json\/wp\/v2\/types\/post"}],"author":[{"embeddable":true,"href":"https:\/\/www.bbyhaber.com\/bby\/wp-json\/wp\/v2\/users\/1"}],"replies":[{"embeddable":true,"href":"https:\/\/www.bbyhaber.com\/bby\/wp-json\/wp\/v2\/comments?post=26174"}],"version-history":[{"count":1,"href":"https:\/\/www.bbyhaber.com\/bby\/wp-json\/wp\/v2\/posts\/26174\/revisions"}],"predecessor-version":[{"id":26176,"href":"https:\/\/www.bbyhaber.com\/bby\/wp-json\/wp\/v2\/posts\/26174\/revisions\/26176"}],"wp:featuredmedia":[{"embeddable":true,"href":"https:\/\/www.bbyhaber.com\/bby\/wp-json\/wp\/v2\/media\/26175"}],"wp:attachment":[{"href":"https:\/\/www.bbyhaber.com\/bby\/wp-json\/wp\/v2\/media?parent=26174"}],"wp:term":[{"taxonomy":"category","embeddable":true,"href":"https:\/\/www.bbyhaber.com\/bby\/wp-json\/wp\/v2\/categories?post=26174"},{"taxonomy":"post_tag","embeddable":true,"href":"https:\/\/www.bbyhaber.com\/bby\/wp-json\/wp\/v2\/tags?post=26174"}],"curies":[{"name":"wp","href":"https:\/\/api.w.org\/{rel}","templated":true}]}}