{"id":26169,"date":"2019-03-05T09:37:40","date_gmt":"2019-03-05T06:37:40","guid":{"rendered":"http:\/\/www.bbyhaber.com\/bby\/?p=26169"},"modified":"2019-03-05T09:37:40","modified_gmt":"2019-03-05T06:37:40","slug":"ultraslan-okula-kutuphane-kurdu-ultraslan","status":"publish","type":"post","link":"https:\/\/www.bbyhaber.com\/bby\/2019\/03\/05\/ultraslan-okula-kutuphane-kurdu-ultraslan","title":{"rendered":"Ultraslan okula k\u00fct\u00fcphane kurdu @ultrAslan"},"content":{"rendered":"<p><a href=\"http:\/\/www.bbyhaber.com\/bby\/wp-content\/uploads\/2019\/03\/ultraslan-buldanda-okula-kutuphane-kurdu.jpg\"><img loading=\"lazy\" decoding=\"async\" class=\"alignleft size-full wp-image-26172\" src=\"http:\/\/www.bbyhaber.com\/bby\/wp-content\/uploads\/2019\/03\/ultraslan-buldanda-okula-kutuphane-kurdu.jpg\" alt=\"\" width=\"390\" height=\"180\" \/><\/a>Galatarasay Spor Kul\u00fcb\u00fcn\u00fcn ba\u011f\u0131ms\u0131z taraftar toplulu\u011fu \u2018<strong>Ultraslan<\/strong>\u2019 taraf\u0131ndan Denizli\u2019nin Buldan il\u00e7esi G\u00fclalan \u00d6zer Vural \u0130lk ve Ortaokuluna k\u00fct\u00fcphane olu\u015fturuldu. Ultraslan Buldan temsilcili\u011fi taraf\u0131ndan G\u00fclalan \u00d6zer Vural \u0130lk ve Ortaokuluna merhum i\u015fadam\u0131 Halil Efeo\u011flu ad\u0131 verilen k\u00fct\u00fcphane t\u00f6renle a\u00e7\u0131ld\u0131.<!--more--><\/p>\n<p>A\u00e7\u0131l\u0131\u015fa Buldan Kaymakam\u0131 Murat Sar\u0131, \u0130l\u00e7e Jandarma Komutan\u0131 Fahrettin \u00d6z\u00e7oban, \u0130l\u00e7e Milli E\u011fitim M\u00fcd\u00fcr\u00fc \u00d6mer K\u00f6lemen, merhum hay\u0131rsever \u00d6zer Vural\u2019\u0131n e\u015fi Perihan Vural, merhum i\u015fadam\u0131 ve k\u00fct\u00fcphaneye ad\u0131 verilen Halil Efeo\u011flu\u2019nun e\u015fi Hale Efeo\u011flu ile \u00f6\u011frenciler, veliler ve Ultraslan Buldan temsilcili\u011fi \u00fcyeleri kat\u0131ld\u0131. T\u00f6renle a\u00e7\u0131lan k\u00fct\u00fcphanede \u00f6\u011frencilerin okuma al\u0131\u015fkanl\u0131klar\u0131 kazanmas\u0131 amac\u0131yla \u00e7ok say\u0131da kitap bulunuyor.<\/p>\n<p><a href=\"https:\/\/www.haberturk.com\" target=\"_blank\" rel=\"noopener\">Kaynak<\/a><\/p>\n","protected":false},"excerpt":{"rendered":"<p>Galatarasay Spor Kul\u00fcb\u00fcn\u00fcn ba\u011f\u0131ms\u0131z taraftar toplulu\u011fu \u2018Ultraslan\u2019 taraf\u0131ndan Denizli\u2019nin Buldan il\u00e7esi G\u00fclalan \u00d6zer Vural \u0130lk ve Ortaokuluna k\u00fct\u00fcphane olu\u015fturuldu. Ultraslan Buldan temsilcili\u011fi taraf\u0131ndan G\u00fclalan \u00d6zer Vural \u0130lk ve Ortaokuluna merhum i\u015fadam\u0131 Halil Efeo\u011flu ad\u0131 verilen k\u00fct\u00fcphane t\u00f6renle a\u00e7\u0131ld\u0131.<\/p>\n","protected":false},"author":1,"featured_media":26172,"comment_status":"open","ping_status":"open","sticky":false,"template":"","format":"standard","meta":{"footnotes":""},"categories":[1],"tags":[],"class_list":["post-26169","post","type-post","status-publish","format-standard","has-post-thumbnail","hentry","category-genel"],"_links":{"self":[{"href":"https:\/\/www.bbyhaber.com\/bby\/wp-json\/wp\/v2\/posts\/26169"}],"collection":[{"href":"https:\/\/www.bbyhaber.com\/bby\/wp-json\/wp\/v2\/posts"}],"about":[{"href":"https:\/\/www.bbyhaber.com\/bby\/wp-json\/wp\/v2\/types\/post"}],"author":[{"embeddable":true,"href":"https:\/\/www.bbyhaber.com\/bby\/wp-json\/wp\/v2\/users\/1"}],"replies":[{"embeddable":true,"href":"https:\/\/www.bbyhaber.com\/bby\/wp-json\/wp\/v2\/comments?post=26169"}],"version-history":[{"count":2,"href":"https:\/\/www.bbyhaber.com\/bby\/wp-json\/wp\/v2\/posts\/26169\/revisions"}],"predecessor-version":[{"id":26173,"href":"https:\/\/www.bbyhaber.com\/bby\/wp-json\/wp\/v2\/posts\/26169\/revisions\/26173"}],"wp:featuredmedia":[{"embeddable":true,"href":"https:\/\/www.bbyhaber.com\/bby\/wp-json\/wp\/v2\/media\/26172"}],"wp:attachment":[{"href":"https:\/\/www.bbyhaber.com\/bby\/wp-json\/wp\/v2\/media?parent=26169"}],"wp:term":[{"taxonomy":"category","embeddable":true,"href":"https:\/\/www.bbyhaber.com\/bby\/wp-json\/wp\/v2\/categories?post=26169"},{"taxonomy":"post_tag","embeddable":true,"href":"https:\/\/www.bbyhaber.com\/bby\/wp-json\/wp\/v2\/tags?post=26169"}],"curies":[{"name":"wp","href":"https:\/\/api.w.org\/{rel}","templated":true}]}}