{"id":26157,"date":"2019-03-01T12:50:30","date_gmt":"2019-03-01T09:50:30","guid":{"rendered":"http:\/\/www.bbyhaber.com\/bby\/?p=26157"},"modified":"2019-03-01T12:50:30","modified_gmt":"2019-03-01T09:50:30","slug":"perinin-dunyasi-cem-ozel-pinaraylin","status":"publish","type":"post","link":"https:\/\/www.bbyhaber.com\/bby\/2019\/03\/01\/perinin-dunyasi-cem-ozel-pinaraylin","title":{"rendered":"Peri&#8217;nin D\u00fcnyas\u0131 | Cem \u00d6ZEL @PinarAylin"},"content":{"rendered":"<p>[avatar user=&#8221;cemozel&#8221; \/]<a href=\"http:\/\/www.bbyhaber.com\/bby\/author\/cemozel\"><br \/>\nCem \u00d6ZEL<\/a><br \/>\n<strong>Kullan\u0131c\u0131 Hizmetleri Y\u00f6neticisi\/Sabanc\u0131 \u00dcniversitesi Bilgi Merkezi<\/strong><\/p>\n<p><a href=\"http:\/\/www.bbyhaber.com\/bby\/wp-content\/uploads\/2019\/03\/perinin-dunyasi.jpg\"><img loading=\"lazy\" decoding=\"async\" class=\"alignleft size-full wp-image-26158\" src=\"http:\/\/www.bbyhaber.com\/bby\/wp-content\/uploads\/2019\/03\/perinin-dunyasi.jpg\" alt=\"\" width=\"390\" height=\"180\" \/><\/a>Sofie&#8217;nin D\u00fcnyas\u0131 adl\u0131 kitab\u0131 okumu\u015fsunuzdur. En az\u0131ndan duymu\u015fsunuzdur. Ben bu kitab\u0131 okudu\u011fumda \u00fcniversite y\u0131llar\u0131mdayd\u0131m. Kitab\u0131n kapa\u011f\u0131 g\u00fczel, kal\u0131nl\u0131\u011f\u0131 da nas\u0131l diyeyim size, duvar \u00f6rerken bir yere ili\u015ftirilmek i\u00e7in malan\u0131n kenar\u0131yla vurularak ikiye b\u00f6l\u00fcnm\u00fc\u015f yar\u0131m tu\u011flay\u0131 and\u0131r\u0131yordu. Sofie&#8217;nin D\u00fcnyas\u0131, pek pop\u00fclerdi o s\u0131ralar. Bir nesil, felsefeyi bu kitapla sevdi. 15. ya\u015fg\u00fcn\u00fcn\u00fc kutlamaya haz\u0131rlanan Sofie, bir g\u00fcn posta kutusunda &#8220;Kimsin&#8221; yaz\u0131l\u0131 bir not bulur. Bu sorudan hareketle, b\u00fct\u00fcn bir felsefe tarihinde sorulmu\u015f sorular\u0131 ve cevaplar\u0131, s\u00fcr\u00fckleyici bir roman kurgusu i\u00e7inde anlat\u0131r.<!--more--><\/p>\n<p>Norve\u00e7li yazar Jostein Gaarder taraf\u0131ndan 1991 y\u0131l\u0131na ait olan bu roman\u0131n \u0130ngilizce ba\u015fl\u0131\u011f\u0131 Sophie&#8217;s World idi. T\u00fcrk\u00e7eye Sofie&#8217;nin D\u00fcnyas\u0131 diye \u00e7evrildi. Ba\u015f karakterimiz Sofie&#8217;nin d\u00fcnyas\u0131! Bilenler bilir, bu isim bo\u015funa konulmam\u0131\u015ft\u0131r ba\u015f karakterimize. Sofie, ayn\u0131 zamanda felsefe kelimesinden esinlenilerek konulmu\u015f bir isimdir: Philo&#8221;sophy&#8221;. Asl\u0131na bakarsan\u0131z felsefeye alerjisi olanlar\u0131 da kapsayacak bir s\u00fcr\u00fc okurun d\u00fcnyas\u0131na, Sofie&#8217;nin D\u00fcnyas\u0131 \u00e7ok sevimli bir giri\u015f yapm\u0131\u015ft\u0131r. H\u00e2l\u00e2 okumayan varsa \u015fiddet(sizlik)le tavsiye ederiz.<\/p>\n<p>Asl\u0131nda benim anlatmak istedi\u011fim bundan sonras\u0131.<\/p>\n<p>Bu kitab\u0131n haz\u0131rlan\u0131\u015f \u015fekli benim \u00e7ok ho\u015fuma gitmi\u015fti. Neden ho\u015fuma gitmi\u015fti? Pop\u00fclerli\u011fin olumlu taraf\u0131ndan yararlan\u0131larak bir\u00e7ok insanla felsefeyi bir \u015fekilde bulu\u015fturmu\u015f oldu da ondan. \u015eimdi bu \u015fekilde bir kurguyla, pop\u00fclerli\u011fin de g\u00fcc\u00fcn\u00fc arkam\u0131za alarak, farkl\u0131 konular\u0131 ele al\u0131p adeta bir seri haline getirmek m\u00fcmk\u00fcn. Buradan mesela tarih\u00e7ilere bir k\u0131ya\u011f\u0131m\u0131z olsun ve kitaplar\u0131n\u0131n isim babal\u0131\u011f\u0131n\u0131 biz yapm\u0131\u015f olal\u0131m. Kitab\u0131n \u0130ngilizcesi Tori&#8217;s World olsun. History&#8217;den esinlendi\u011fim gayet a\u00e7\u0131k san\u0131r\u0131m; ancak ismini biz buldu\u011fumuz i\u00e7in T\u00fcrk\u00e7e olarak Tori&#8217;nin D\u00fcnyas\u0131 demeyelim de, \u201ctarih\u201d kelimesinden esinlenip Tari&#8217;nin D\u00fcnyas\u0131 diyelim. Koca bir d\u00fcnya tarihini roman tad\u0131nda okumay\u0131 kim istemez ki!<\/p>\n<p>\u015eu s\u0131ralar okudu\u011fum bir kitap var. Peri Masal\u0131. P\u0131nar Aylin&#8217;in ilk kitab\u0131. \u0130kincisi de pek yak\u0131nda \u00e7\u0131kacak. P\u0131nar Aylin&#8217;in ilk kitab\u0131n\u0131 da bu \u015fekilde de\u011ferlendirebiliriz. Toplumsal geli\u015fime de \u00e7ok b\u00fcy\u00fck katk\u0131lar\u0131 olacak olan ki\u015fisel geli\u015fim kitaplar\u0131na burun k\u0131v\u0131ran ya da bir \u015fekilde hen\u00fcz tan\u0131\u015fmam\u0131\u015f olan okuyucu kitlesine bir roman tad\u0131nda veriyor. Ben ki\u015fisel geli\u015fim kitaplar\u0131na da \u00e7o\u011fu zaman yer veririm. Bu nedenle Peri Masal\u0131&#8217;nda hem g\u00fczel bir roman okuma keyfi ya\u015fad\u0131m hem de ki\u015fisel geli\u015fim konusunda daha \u00f6nce okumad\u0131\u011f\u0131m ya da okuyup da tekrar \u00fczerinden ge\u00e7me f\u0131rsat\u0131 buldu\u011fum konulardan da olduk\u00e7a faydaland\u0131m. Bu nedenle Peri Masal\u0131&#8217;n\u0131 Sofie&#8217;nin D\u00fcnyas\u0131&#8217;na benzettim. Kitab\u0131n ismi bir de Peri&#8217;nin D\u00fcnyas\u0131 olsaym\u0131\u015f tam olurmu\u015f.<\/p>\n<p>Peri Masal\u0131, kurgu olarak Hakan G\u00fcnday&#8217;\u0131n Kinyas ve Kayra&#8217;s\u0131na da benziyor. Bir b\u00f6l\u00fcm d\u0131\u015f d\u00fcnyadan, ki bu roman k\u0131sm\u0131 oluyor; di\u011fer b\u00f6l\u00fcm ise roman kahraman\u0131m\u0131z Peri&#8217;nin roman i\u00e7inde, i\u00e7 d\u00fcnyam\u0131z\u0131 yans\u0131tan b\u00f6l\u00fcm\u00fcyle devam ediyor. K\u0131sacas\u0131 bir b\u00f6l\u00fcm d\u0131\u015f d\u00fcnyadan bir b\u00f6l\u00fcm i\u00e7 d\u00fcnyadan olmak \u00fczere g\u00fczel bir sarmal yakalanm\u0131\u015f kitapta.<\/p>\n<p>Kitab\u0131n tan\u0131t\u0131m k\u0131sm\u0131nda Umberto Eco\u2019nun Orta\u00e7a\u011f teolojsini romanla\u015ft\u0131rma g\u00fcc\u00fcn\u00fcn, Sofie\u2019nin D\u00fcnyas\u0131\u2019nda felsefede g\u00f6sterildi\u011fi s\u00f6yleniyor. Umberto Eco ile \u201cOrta\u00e7a\u011f teolojisine\u201d, Gaarder ile \u201cfelsefe\u201dye, P\u0131nar Aylin ile \u201cki\u015fisel geli\u015fim\u201de yelken a\u00e7\u0131lan bu gizemli d\u00fcnyalara, umar\u0131m tarih ve di\u011fer bilim dallar\u0131 gibi pek \u00e7ok konu giri\u015f yapar ve biz de bu serileri zevkle okuruz. Hep yazarlar okurlar\u0131n\u0131 y\u00f6nlendirecek de\u011fil ya, bi&#8217; kere de biz, yazarlar\u0131 y\u00f6nlendirmi\u015f olal\u0131m. O kadar da burunlar\u0131ndan k\u0131l ald\u0131rs\u0131nlar art\u0131k!<\/p>\n","protected":false},"excerpt":{"rendered":"<p>[avatar user=&#8221;cemozel&#8221; \/] Cem \u00d6ZEL Kullan\u0131c\u0131 Hizmetleri Y\u00f6neticisi\/Sabanc\u0131 \u00dcniversitesi Bilgi Merkezi Sofie&#8217;nin D\u00fcnyas\u0131 adl\u0131 kitab\u0131 okumu\u015fsunuzdur. En az\u0131ndan duymu\u015fsunuzdur. Ben bu kitab\u0131 okudu\u011fumda \u00fcniversite y\u0131llar\u0131mdayd\u0131m. Kitab\u0131n kapa\u011f\u0131 g\u00fczel, kal\u0131nl\u0131\u011f\u0131 da nas\u0131l diyeyim size, duvar \u00f6rerken bir yere ili\u015ftirilmek i\u00e7in malan\u0131n kenar\u0131yla vurularak ikiye b\u00f6l\u00fcnm\u00fc\u015f yar\u0131m tu\u011flay\u0131 and\u0131r\u0131yordu. Sofie&#8217;nin D\u00fcnyas\u0131, pek pop\u00fclerdi o s\u0131ralar. Bir nesil, [&hellip;]<\/p>\n","protected":false},"author":143,"featured_media":26158,"comment_status":"open","ping_status":"open","sticky":false,"template":"","format":"standard","meta":{"footnotes":""},"categories":[1478],"tags":[1460],"class_list":["post-26157","post","type-post","status-publish","format-standard","has-post-thumbnail","hentry","category-cem-ozel","tag-kose-yazarlari"],"_links":{"self":[{"href":"https:\/\/www.bbyhaber.com\/bby\/wp-json\/wp\/v2\/posts\/26157"}],"collection":[{"href":"https:\/\/www.bbyhaber.com\/bby\/wp-json\/wp\/v2\/posts"}],"about":[{"href":"https:\/\/www.bbyhaber.com\/bby\/wp-json\/wp\/v2\/types\/post"}],"author":[{"embeddable":true,"href":"https:\/\/www.bbyhaber.com\/bby\/wp-json\/wp\/v2\/users\/143"}],"replies":[{"embeddable":true,"href":"https:\/\/www.bbyhaber.com\/bby\/wp-json\/wp\/v2\/comments?post=26157"}],"version-history":[{"count":1,"href":"https:\/\/www.bbyhaber.com\/bby\/wp-json\/wp\/v2\/posts\/26157\/revisions"}],"predecessor-version":[{"id":26159,"href":"https:\/\/www.bbyhaber.com\/bby\/wp-json\/wp\/v2\/posts\/26157\/revisions\/26159"}],"wp:featuredmedia":[{"embeddable":true,"href":"https:\/\/www.bbyhaber.com\/bby\/wp-json\/wp\/v2\/media\/26158"}],"wp:attachment":[{"href":"https:\/\/www.bbyhaber.com\/bby\/wp-json\/wp\/v2\/media?parent=26157"}],"wp:term":[{"taxonomy":"category","embeddable":true,"href":"https:\/\/www.bbyhaber.com\/bby\/wp-json\/wp\/v2\/categories?post=26157"},{"taxonomy":"post_tag","embeddable":true,"href":"https:\/\/www.bbyhaber.com\/bby\/wp-json\/wp\/v2\/tags?post=26157"}],"curies":[{"name":"wp","href":"https:\/\/api.w.org\/{rel}","templated":true}]}}