{"id":26122,"date":"2019-02-21T14:44:13","date_gmt":"2019-02-21T11:44:13","guid":{"rendered":"http:\/\/www.bbyhaber.com\/bby\/?p=26122"},"modified":"2019-02-26T09:19:26","modified_gmt":"2019-02-26T06:19:26","slug":"kygmnin-55-kutuphane-haftasi-temasi-aciklandi","status":"publish","type":"post","link":"https:\/\/www.bbyhaber.com\/bby\/2019\/02\/21\/kygmnin-55-kutuphane-haftasi-temasi-aciklandi","title":{"rendered":"KYGM\u2019nin 55. K\u00fct\u00fcphane Haftas\u0131 temas\u0131 a\u00e7\u0131kland\u0131"},"content":{"rendered":"<p><img loading=\"lazy\" decoding=\"async\" class=\"alignleft size-medium wp-image-26133\" src=\"https:\/\/www.bbyhaber.com\/bby\/wp-content\/uploads\/2019\/02\/BosMaviResim.jpg\" alt=\"\" width=\"300\" height=\"220\" \/>55. K\u00fct\u00fcphane Haftas\u0131, K\u00fct\u00fcphaneler ve Yay\u0131mlar Genel M\u00fcd\u00fcrl\u00fc\u011f\u00fc taraf\u0131ndan, 25-31 Mart tarihleri aras\u0131nda, Ankara\u2019da &#8220;<strong>S\u00fcrd\u00fcr\u00fclebilir Kalk\u0131nmada K\u00fct\u00fcphanelerin Rol\u00fc<\/strong>&#8221; ana temas\u0131 ile kutlanacakt\u0131r.<!--more--><\/p>\n<p>Uluslararas\u0131 kat\u0131l\u0131m ile ger\u00e7ekle\u015ftirilecek olan K\u00fct\u00fcphane Haftas\u0131 Ana Etkinlik Program\u0131 kapsam\u0131nda; s\u00fcrd\u00fcr\u00fclebilir kalk\u0131nma alan\u0131nda \u00e7al\u0131\u015fanlar\u0131n ve uygulamac\u0131lar\u0131n bir araya gelmesi, \u00fclkemizde s\u00fcrd\u00fcr\u00fclebilir kalk\u0131nma alan\u0131nda ya\u015fanan sorunlar\u0131n, geli\u015fmelerin ve g\u00fcncel konular\u0131n disiplinler aras\u0131 boyutta tart\u0131\u015f\u0131lmas\u0131 hedeflemektedir.<\/p>\n<p>K\u00fct\u00fcphaneciler, bilgi profesyonelleri, ara\u015ft\u0131rmac\u0131lar, akademisyenler, uygulama alan\u0131nda \u00e7al\u0131\u015fanlar, \u00f6\u011frenciler ve Bilgi Y\u00f6netimi alan\u0131na ilgi duyanlar dinleyici olarak da 55. K\u00fct\u00fcphane Haftas\u0131 Ana Etkinlik Program\u0131na kat\u0131labilmektedir.<\/p>\n<p>Ayr\u0131ca, bu y\u0131l ilk olarak Bilgi ve Belge Y\u00f6netimi B\u00f6l\u00fcm\u00fc \u00d6\u011frencileri taraf\u0131ndan Poster Oturumu d\u00fczenlenecektir.<\/p>\n<p>\u00d6\u011frencilerin s\u00fcrd\u00fcr\u00fclebilir kalk\u0131nma hedefleri ile ilgili konularda haz\u0131rlayacaklar\u0131 posterleri, 70*100 boyutlar\u0131nda tek par\u00e7a, jpg ya da pdf formatlar\u0131nda 11 Mart 2019 tarihine kadar <a href=\"mailto:ktbkygm@gmail.com\">ktbkygm@gmail.com<\/a> elektronik posta adresine g\u00f6ndermeleri gerekmektedir. Haz\u0131rlanacak posterler, teorik \u00e7al\u0131\u015fmalardan olu\u015fabilece\u011fi gibi teknik ya da uygulamaya dayal\u0131 \u00f6rnekler do\u011frultusunda da haz\u0131rlanabilir.<\/p>\n<p>ANA TEMA: S\u00dcRD\u00dcR\u00dcLEB\u0130L\u0130R KALKINMADA K\u00dcT\u00dcPHANELER\u0130N ROL\u00dc<\/p>\n<p>&#8211; K\u00fct\u00fcphane Hizmetlerinin S\u00fcrd\u00fcr\u00fclebilir Kalk\u0131nma Hedeflerine Katk\u0131s\u0131<br \/>\n&#8211; Toplumsal Fark\u0131ndal\u0131k<\/p>\n<p>&#8211; G\u00f6n\u00fcll\u00fcl\u00fck<\/p>\n<p>&#8211; Ye\u015fil K\u00fct\u00fcphaneler<\/p>\n<p>&#8211; Kurumlar Aras\u0131 \u0130\u015f Birli\u011fi<\/p>\n<p>&#8211; Sosyal \u0130novasyon, Sosyal Giri\u015fimcilik<\/p>\n<p>&#8211; Dezavantajl\u0131 Gruplara Y\u00f6nelik \u00d6zelle\u015ftirilmi\u015f Hizmetler<\/p>\n<p>&#8211; G\u00fc\u00e7l\u00fc \/ Dayan\u0131kl\u0131 Toplumlar<\/p>\n<p>&#8211; Savunuculuk Yakla\u015f\u0131m\u0131<\/p>\n<p>&#8211; Sosyal Kalk\u0131nma<\/p>\n<p>&#8211; K\u00fclt\u00fcrel Miras<\/p>\n<p>NOT: 55. K\u00fct\u00fcphane Haftas\u0131 Program\u0131, kat\u0131l\u0131mc\u0131lar, konu\u015fmac\u0131lar ve t\u00fcm detaylar en k\u0131sa s\u00fcre i\u00e7erisinde <a href=\"http:\/\/www.kutuphanedeyim.org\">http:\/\/www.kutuphanedeyim.org\u00a0<\/a>\u00a0web sayfas\u0131nda yer alacakt\u0131r.<\/p>\n","protected":false},"excerpt":{"rendered":"<p>55. K\u00fct\u00fcphane Haftas\u0131, K\u00fct\u00fcphaneler ve Yay\u0131mlar Genel M\u00fcd\u00fcrl\u00fc\u011f\u00fc taraf\u0131ndan, 25-31 Mart tarihleri aras\u0131nda, Ankara\u2019da &#8220;S\u00fcrd\u00fcr\u00fclebilir Kalk\u0131nmada K\u00fct\u00fcphanelerin Rol\u00fc&#8221; ana temas\u0131 ile kutlanacakt\u0131r.<\/p>\n","protected":false},"author":129,"featured_media":26123,"comment_status":"open","ping_status":"open","sticky":false,"template":"","format":"standard","meta":{"footnotes":""},"categories":[1525,1],"tags":[1461],"class_list":["post-26122","post","type-post","status-publish","format-standard","has-post-thumbnail","hentry","category-55-kutuphane-haftasi","category-genel","tag-kutuphane-haftasi"],"_links":{"self":[{"href":"https:\/\/www.bbyhaber.com\/bby\/wp-json\/wp\/v2\/posts\/26122"}],"collection":[{"href":"https:\/\/www.bbyhaber.com\/bby\/wp-json\/wp\/v2\/posts"}],"about":[{"href":"https:\/\/www.bbyhaber.com\/bby\/wp-json\/wp\/v2\/types\/post"}],"author":[{"embeddable":true,"href":"https:\/\/www.bbyhaber.com\/bby\/wp-json\/wp\/v2\/users\/129"}],"replies":[{"embeddable":true,"href":"https:\/\/www.bbyhaber.com\/bby\/wp-json\/wp\/v2\/comments?post=26122"}],"version-history":[{"count":10,"href":"https:\/\/www.bbyhaber.com\/bby\/wp-json\/wp\/v2\/posts\/26122\/revisions"}],"predecessor-version":[{"id":26145,"href":"https:\/\/www.bbyhaber.com\/bby\/wp-json\/wp\/v2\/posts\/26122\/revisions\/26145"}],"wp:featuredmedia":[{"embeddable":true,"href":"https:\/\/www.bbyhaber.com\/bby\/wp-json\/wp\/v2\/media\/26123"}],"wp:attachment":[{"href":"https:\/\/www.bbyhaber.com\/bby\/wp-json\/wp\/v2\/media?parent=26122"}],"wp:term":[{"taxonomy":"category","embeddable":true,"href":"https:\/\/www.bbyhaber.com\/bby\/wp-json\/wp\/v2\/categories?post=26122"},{"taxonomy":"post_tag","embeddable":true,"href":"https:\/\/www.bbyhaber.com\/bby\/wp-json\/wp\/v2\/tags?post=26122"}],"curies":[{"name":"wp","href":"https:\/\/api.w.org\/{rel}","templated":true}]}}