{"id":26112,"date":"2019-02-19T13:26:44","date_gmt":"2019-02-19T10:26:44","guid":{"rendered":"http:\/\/www.bbyhaber.com\/bby\/?p=26112"},"modified":"2019-10-11T13:21:01","modified_gmt":"2019-10-11T10:21:01","slug":"4-e-beyas-2019-sempozyumu-10-11-ekim-2019ankara","status":"publish","type":"post","link":"https:\/\/www.bbyhaber.com\/bby\/2019\/02\/19\/4-e-beyas-2019-sempozyumu-10-11-ekim-2019ankara","title":{"rendered":"4. e-BEYAS 2019 Sempozyumu-10-11 Ekim 2019,Ankara"},"content":{"rendered":"<p><strong><a href=\"http:\/\/www.bbyhaber.com\/bby\/wp-content\/uploads\/2019\/02\/e-beyas-face.jpg\"><img loading=\"lazy\" decoding=\"async\" class=\"alignleft size-full wp-image-26113\" src=\"http:\/\/www.bbyhaber.com\/bby\/wp-content\/uploads\/2019\/02\/e-beyas-face.jpg\" alt=\"\" width=\"390\" height=\"180\" \/><\/a><a href=\"https:\/\/www.bbyhaber.com\/bby\/tag\/e-beyas\" target=\"_blank\" rel=\"noopener\">4.e-BEYAS<\/a> Sempozyumu\u00a0<\/strong>bu y\u0131l\u00a0<strong>10-11 Ekim 2019 tarihleri aras\u0131nda Ankara\u2019da, \u201cEnd\u00fcstri 4.0\u00a0S\u00fcrecinde Bilgi Y\u00f6netimi ve Bilgi G\u00fcvenli\u011fi:\u00a0e-Belge-e-Ar\u015fiv-e-Devlet-Bulut Bili\u015fim-B\u00fcy\u00fck Veri-Yapay Zek\u00e2\u201d<\/strong>ana ve alt temalar\u0131 ile d\u00fczenleniyor.<!--more--><\/p>\n<p><strong>Ankara \u00dcniversitesi<\/strong>\u00a0ev sahipli\u011finde Ankara \u00dcniversitesi Bilgi Y\u00f6netim Sistemleri Belgelendirme ve Bilgi G\u00fcvenli\u011fi Merkezi\u00a0<strong>(B\u0130L-BEM)<\/strong>, Ankara \u00dcniversitesi Belge Y\u00f6netimi ve Ar\u015fiv Sistemi\u00a0<strong>(BEYAS)<\/strong>\u00a0Koordinat\u00f6rl\u00fc\u011f\u00fc, Ankara \u00dcniversitesi\u00a0<strong>Bilgi \u0130\u015flem Daire Ba\u015fkanl\u0131\u011f\u0131 ve Bilgi Y\u00f6netimi Dergisi\u00a0<\/strong>taraf\u0131ndan d\u00fczenlenen,\u00a0<strong>T\u00dcRKSAT Bili\u015fim<\/strong>\u2019in katk\u0131 ve destekleriyle ger\u00e7ekle\u015ftirilecek\u00a0sempozyumun ana temas\u0131\u00a0<strong>\u201cEnd\u00fcstri 4.0 S\u00fcrecinde Bilgi Y\u00f6netimi ve Bilgi G\u00fcvenli\u011fi\u201d olarak\u00a0belirlenmi\u015ftir.\u00a0<\/strong><\/p>\n<p><strong>Ayn\u0131 zamanda 2016\u2019dan beri 10 Ekim (10.10) \u2018D\u00fcnya Elektronik Belge G\u00fcn\u00fc\u2019\u00a0<\/strong>olarak\u00a0kutlanmaktad\u0131r.\u00a0D\u00fcnya genelinde oldu\u011fu gibi \u00dclkemizde de\u00a0<strong>Ekim ay\u0131 \u2018Ulusal Siber G\u00fcvenlik\u00a0Fark\u0131ndal\u0131k Ay\u0131\u2019\u00a0<\/strong>olarak ilan edilmi\u015ftir. Bu y\u0131l d\u00f6rd\u00fcnc\u00fcs\u00fcn\u00fc yapmay\u0131 planlad\u0131\u011f\u0131m\u0131z\u00a0e-BEYAS 2019 Sempozyumu\u2019 nun bu tarihlerde olmas\u0131 etkinli\u011fin \u00f6nemini daha da art\u0131rmaktad\u0131r.<\/p>\n<p>\u00dclkemizde elektronik belge ve ar\u015fiv y\u00f6netimi alan\u0131nda yap\u0131lan tek ve y\u00fcksek kat\u0131l\u0131ml\u0131 (\u00f6nceki\u00a0Sempozyumlar\u0131n her birinde kat\u0131l\u0131m 600\u2019\u00fcn \u00fczerinde ger\u00e7ekle\u015fmi\u015ftir) bilimsel toplant\u0131 olma \u00f6zelli\u011fini\u00a0ta\u015f\u0131yan e-BEYAS Sempozyumu, bu konularda \u00e7al\u0131\u015fan akademisyenler, uygulamac\u0131lar, kurumlar ve\u00a0kurulu\u015flar aras\u0131ndaki diyalo\u011fu geli\u015ftirmeyi, bilimsel ve sosyal etkile\u015fim ger\u00e7ekle\u015ftirmeyi, konuyla\u00a0ilgili iyi uygulama \u00f6rneklerinin\/deneyimlerinin payla\u015f\u0131lmas\u0131n\u0131 sa\u011flamay\u0131 ama\u00e7lamaktad\u0131r.\u00a0Sempozyumda;<\/p>\n<ul>\n<li><strong>e-Belge Y\u00f6netimi<\/strong><\/li>\n<li><strong>e-Ar\u015fiv Y\u00f6netimi<\/strong><\/li>\n<li><strong>End\u00fcstri 4.0 ve Bilgi Y\u00f6netimi<\/strong><\/li>\n<li><strong>Bilgi G\u00fcvenli\u011fi ve Siber G\u00fcvenlik<\/strong><\/li>\n<li><strong>e-Devlet Kap\u0131s\u0131nda Bilgi ve Belge Y\u00f6netimi<\/strong><\/li>\n<li><strong>Dijital D\u00f6n\u00fc\u015f\u00fcm S\u00fcrecinde Belge\/Bilgi Y\u00f6netimi i\u00e7in Kurumsal Mimarilerin Geli\u015ftirilmesi<\/strong><\/li>\n<li><strong>Bilgi Sistemi Entegrasyonlar\u0131<\/strong><\/li>\n<li><strong>Hesaplamal\u0131 Ar\u015fiv Bilimi<\/strong><\/li>\n<\/ul>\n<p>ve benzeri konular, alanlar\u0131nda uzman akademisyen ve uygulamac\u0131lar taraf\u0131ndan ele al\u0131nacakt\u0131r.\u00a0<strong>T\u00dcRKSAT A.\u015e<\/strong>. ile birlikte 2 y\u0131lda bir ger\u00e7ekle\u015ftirilen ve gelenekselle\u015fen\u00a0<strong>e-BEYAS\u00a0Sempozyumu\u2019\u00a0<\/strong>na \u00f6nceki y\u0131llarda oldu\u011fu gibi bu y\u0131l da kamu kurum ve kurulu\u015flar\u0131 ile t\u00fcm\u00a0\u00fcniversiteler davet edilmektedir. Bu y\u0131l yap\u0131lacak sempozyum da kamu kurum ve kurulu\u015flar\u0131 ile t\u00fcm\u00a0\u00fcniversitelerin bilgi y\u00f6neticileri, belge y\u00f6neticileri, ar\u015fivcileri, bili\u015fimcileri, bilgi g\u00fcvenli\u011fi uzmanlar\u0131\u00a0ve bilgi i\u015flem birimlerinin teknik personelinin kat\u0131l\u0131m\u0131 ile ger\u00e7ekle\u015fmesi beklenmektedir.<\/p>\n<p>Disiplinleraras\u0131 yakla\u015f\u0131mla bilgi ve belge y\u00f6netimi, ar\u015fiv bili\u015fim y\u00f6netimi ve bilgi g\u00fcvenli\u011fi, end\u00fcstri\u00a04.0 gibi konularda \u00e7al\u0131\u015fan ara\u015ft\u0131rmac\u0131lar\u0131, uygulamac\u0131lar\u0131 ayn\u0131 platformda bulu\u015fturmay\u0131 ama\u00e7 edinen\u00a0<strong>4. e-BEYAS Sempozyumu\u2019nda<\/strong>\u00a0bulu\u015fmak \u00fczere&#8230;<\/p>\n<p><strong>Sempozyum Web<\/strong>:\u00a0<a href=\"http:\/\/ebeyas.org\/\" target=\"_blank\" rel=\"noopener\">http:\/\/ebeyas.org<\/a><\/p>\n<p><strong>e-Posta:<\/strong>\u00a0<a href=\"mailto:ebeyassempozyum@gmail.com\">ebeyassempozyum@gmail.com<\/a><\/p>\n<p><strong><em>Prof. Dr. Fahrettin \u00d6zdemirci<\/em><\/strong><\/p>\n<p><strong><em>4.e-BEYAS Sempozyumu D\u00fczenleme Kurulu Ba\u015fkan\u0131<\/em><\/strong><\/p>\n<p><strong><em>Ankara \u00dcniversitesi Bilgi ve Belge Y\u00f6netimi B\u00f6l\u00fcm\u00fc \u00d6\u011fretim \u00dcyesi<\/em><\/strong><\/p>\n<p><strong><em>Ankara \u00dcniversitesi B\u0130L-BEM M\u00fcd\u00fcr\u00fc<\/em><\/strong><\/p>\n","protected":false},"excerpt":{"rendered":"<p>4.e-BEYAS Sempozyumu\u00a0bu y\u0131l\u00a010-11 Ekim 2019 tarihleri aras\u0131nda Ankara\u2019da, \u201cEnd\u00fcstri 4.0\u00a0S\u00fcrecinde Bilgi Y\u00f6netimi ve Bilgi G\u00fcvenli\u011fi:\u00a0e-Belge-e-Ar\u015fiv-e-Devlet-Bulut Bili\u015fim-B\u00fcy\u00fck Veri-Yapay Zek\u00e2\u201dana ve alt temalar\u0131 ile d\u00fczenleniyor.<\/p>\n","protected":false},"author":1,"featured_media":26113,"comment_status":"open","ping_status":"open","sticky":false,"template":"","format":"standard","meta":{"footnotes":""},"categories":[1568],"tags":[1395,1114,1115,1113,1118,1112,1117,729,1035,1116],"class_list":["post-26112","post","type-post","status-publish","format-standard","has-post-thumbnail","hentry","category-e-devlet","tag-bby-mesleki-etkinlikler-arsivi","tag-bulut-bilisim","tag-buyuk-veri","tag-e-arsiv","tag-e-arsiv-yonetimi","tag-e-belge","tag-e-belge-yonetimi","tag-e-beyas","tag-endustri-4-0","tag-yapay-zeka"],"_links":{"self":[{"href":"https:\/\/www.bbyhaber.com\/bby\/wp-json\/wp\/v2\/posts\/26112"}],"collection":[{"href":"https:\/\/www.bbyhaber.com\/bby\/wp-json\/wp\/v2\/posts"}],"about":[{"href":"https:\/\/www.bbyhaber.com\/bby\/wp-json\/wp\/v2\/types\/post"}],"author":[{"embeddable":true,"href":"https:\/\/www.bbyhaber.com\/bby\/wp-json\/wp\/v2\/users\/1"}],"replies":[{"embeddable":true,"href":"https:\/\/www.bbyhaber.com\/bby\/wp-json\/wp\/v2\/comments?post=26112"}],"version-history":[{"count":2,"href":"https:\/\/www.bbyhaber.com\/bby\/wp-json\/wp\/v2\/posts\/26112\/revisions"}],"predecessor-version":[{"id":26116,"href":"https:\/\/www.bbyhaber.com\/bby\/wp-json\/wp\/v2\/posts\/26112\/revisions\/26116"}],"wp:featuredmedia":[{"embeddable":true,"href":"https:\/\/www.bbyhaber.com\/bby\/wp-json\/wp\/v2\/media\/26113"}],"wp:attachment":[{"href":"https:\/\/www.bbyhaber.com\/bby\/wp-json\/wp\/v2\/media?parent=26112"}],"wp:term":[{"taxonomy":"category","embeddable":true,"href":"https:\/\/www.bbyhaber.com\/bby\/wp-json\/wp\/v2\/categories?post=26112"},{"taxonomy":"post_tag","embeddable":true,"href":"https:\/\/www.bbyhaber.com\/bby\/wp-json\/wp\/v2\/tags?post=26112"}],"curies":[{"name":"wp","href":"https:\/\/api.w.org\/{rel}","templated":true}]}}