{"id":26099,"date":"2019-02-18T10:22:35","date_gmt":"2019-02-18T07:22:35","guid":{"rendered":"http:\/\/www.bbyhaber.com\/bby\/?p=26099"},"modified":"2019-02-18T16:49:12","modified_gmt":"2019-02-18T13:49:12","slug":"istanbul-universitesi-bby-toplulugu-bitlisteki-koy-okullarina-kitap-goturdu","status":"publish","type":"post","link":"https:\/\/www.bbyhaber.com\/bby\/2019\/02\/18\/istanbul-universitesi-bby-toplulugu-bitlisteki-koy-okullarina-kitap-goturdu","title":{"rendered":"\u0130stanbul \u00dcniversitesi BBY toplulu\u011fu Bitlis&#8217;teki k\u00f6y okullar\u0131na kitap g\u00f6t\u00fcrd\u00fc"},"content":{"rendered":"<p>\u0130stanbul \u00dcniversitesi BBY toplulu\u011fundan \u201cyedi b\u00f6lgede yedi karde\u015f k\u00fct\u00fcphane\u201d projesi \u201cMarmara\u2019dan G\u00fcneydo\u011fu\u2019ya Dek Karde\u015f K\u00fct\u00fcphaneler \u0130\u00e7in El Ele\u201d ismiyle ger\u00e7ekle\u015ftirildi. Ge\u00e7en y\u0131l Yalova \u015eehit Abd\u00fclhamit Kaya \u0130mam Hatip Ortaokulu ile ba\u015flat\u0131lan k\u00fct\u00fcphane kurma projesinin ikincisi i\u00e7in bu y\u0131l Bitlis\u2019e gidildi. Proje kapsam\u0131nda topluluktan a\u015fa\u011f\u0131daki a\u00e7\u0131klama yap\u0131ld\u0131:<!--more--><\/p>\n<p>&#8220;Bu projemiz i\u00e7in \u00e7al\u0131\u015fma s\u00fcrecinde kampanyalar d\u00fczenledik; bunlar \u015f\u00f6yle, sosyal medya hesaplar\u0131m\u0131zdan ba\u011f\u0131\u015flarda bulunduk, okulumuza kitap toplama ba\u011f\u0131\u015f kutusu koyduk, okul \u00e7evresinde yer alan kafelere ve mezun oldu\u011fumuz okullara (lise, ortaokullara) afi\u015flerimizi ast\u0131k ve kitap toplama maceram\u0131z\u0131 bu \u015fekilde ba\u015flatt\u0131k. Bitlis\u2019teki k\u00f6y okullar\u0131na; kitap, oyuncak, test kitaplar\u0131 ve k\u0131rtasiye malzemeleri deste\u011finde bulunmak i\u00e7in yola \u00e7\u0131kt\u0131k. Bir kitap bir \u00e7ocuk g\u00fcl\u00fcmsemesi i\u00e7in yan\u0131m\u0131zda ve kalbimizde olan bir\u00e7ok destek\u00e7imiz ile bu projemizi ger\u00e7ekle\u015ftirdik.<\/p>\n<p>Birka\u00e7 foto\u011fraf:<\/p>\n<div id='gallery-1' class='gallery galleryid-26099 gallery-columns-6 gallery-size-thumbnail'><figure class='gallery-item'>\n\t\t\t<div class='gallery-icon landscape'>\n\t\t\t\t<a href='https:\/\/www.bbyhaber.com\/bby\/wp-content\/uploads\/2019\/02\/bby-toplulugundan-yedi-bolgede-yedi-kardes-kutuphane-projesi-2.jpg'><img loading=\"lazy\" decoding=\"async\" width=\"150\" height=\"150\" src=\"https:\/\/www.bbyhaber.com\/bby\/wp-content\/uploads\/2019\/02\/bby-toplulugundan-yedi-bolgede-yedi-kardes-kutuphane-projesi-2-150x150.jpg\" class=\"attachment-thumbnail size-thumbnail\" alt=\"\" \/><\/a>\n\t\t\t<\/div><\/figure><figure class='gallery-item'>\n\t\t\t<div class='gallery-icon landscape'>\n\t\t\t\t<a href='https:\/\/www.bbyhaber.com\/bby\/wp-content\/uploads\/2019\/02\/bby-toplulugundan-yedi-bolgede-yedi-kardes-kutuphane-projesi-3.jpg'><img loading=\"lazy\" decoding=\"async\" width=\"150\" height=\"150\" src=\"https:\/\/www.bbyhaber.com\/bby\/wp-content\/uploads\/2019\/02\/bby-toplulugundan-yedi-bolgede-yedi-kardes-kutuphane-projesi-3-150x150.jpg\" class=\"attachment-thumbnail size-thumbnail\" alt=\"\" \/><\/a>\n\t\t\t<\/div><\/figure><figure class='gallery-item'>\n\t\t\t<div class='gallery-icon landscape'>\n\t\t\t\t<a href='https:\/\/www.bbyhaber.com\/bby\/wp-content\/uploads\/2019\/02\/bby-toplulugundan-yedi-bolgede-yedi-kardes-kutuphane-projesi-4.jpg'><img loading=\"lazy\" decoding=\"async\" width=\"150\" height=\"150\" src=\"https:\/\/www.bbyhaber.com\/bby\/wp-content\/uploads\/2019\/02\/bby-toplulugundan-yedi-bolgede-yedi-kardes-kutuphane-projesi-4-150x150.jpg\" class=\"attachment-thumbnail size-thumbnail\" alt=\"\" \/><\/a>\n\t\t\t<\/div><\/figure><figure class='gallery-item'>\n\t\t\t<div class='gallery-icon landscape'>\n\t\t\t\t<a href='https:\/\/www.bbyhaber.com\/bby\/wp-content\/uploads\/2019\/02\/bby-toplulugundan-yedi-bolgede-yedi-kardes-kutuphane-projesi-5.jpg'><img loading=\"lazy\" decoding=\"async\" width=\"150\" height=\"150\" src=\"https:\/\/www.bbyhaber.com\/bby\/wp-content\/uploads\/2019\/02\/bby-toplulugundan-yedi-bolgede-yedi-kardes-kutuphane-projesi-5-150x150.jpg\" class=\"attachment-thumbnail size-thumbnail\" alt=\"\" \/><\/a>\n\t\t\t<\/div><\/figure><figure class='gallery-item'>\n\t\t\t<div class='gallery-icon landscape'>\n\t\t\t\t<a href='https:\/\/www.bbyhaber.com\/bby\/wp-content\/uploads\/2019\/02\/bby-toplulugundan-yedi-bolgede-yedi-kardes-kutuphane-projesi-1.jpg'><img loading=\"lazy\" decoding=\"async\" width=\"150\" height=\"150\" src=\"https:\/\/www.bbyhaber.com\/bby\/wp-content\/uploads\/2019\/02\/bby-toplulugundan-yedi-bolgede-yedi-kardes-kutuphane-projesi-1-150x150.jpg\" class=\"attachment-thumbnail size-thumbnail\" alt=\"\" \/><\/a>\n\t\t\t<\/div><\/figure>\n\t\t<\/div>\n\n<p>\u00d6ncelikle bu projemizde yan\u0131m\u0131zda olan, Bitlis\u2019te t\u00fcm g\u00fcc\u00fcyle destek\u00e7imiz olan, k\u00f6y okullar\u0131nda yard\u0131mc\u0131m\u0131z olan, Bitlis\u2019i tan\u0131tan gezdiren, b\u00f6l\u00fcm\u00fcm\u00fcz\u00fcn, mesle\u011fimizin, yapt\u0131\u011f\u0131m\u0131z i\u015flerin ne kadar k\u0131ymetli, de\u011ferli oldu\u011funu bir kez daha kan\u0131tlayan K\u00fct\u00fcphaneci Hakan Y\u00fccel\u2019e sonsuz te\u015fekk\u00fcrlerimizi sunuyoruz. Bisikletli K\u00fct\u00fcphaneciyi sosyal medyadan de\u011fil bizzat videolar\u0131yla, ya\u015fad\u0131\u011f\u0131 an\u0131lar\u0131yla art\u0131k tan\u0131yan ki\u015fileriz. Ya\u015fad\u0131klar\u0131n\u0131, hissettiklerini hissedenleriz. \u00c7ocuklar\u0131n \u00fczerinde b\u0131rakt\u0131\u011f\u0131 izleri bilenleriz. Biz de Bisikletli K\u00fct\u00fcphanecinin her zaman yan\u0131nda ve destek\u00e7ileriyiz.<\/p>\n<p>Bitlis\u2019te k\u00f6y okullar\u0131 i\u00e7in; izin, yol, ula\u015f\u0131m gibi ihtiya\u00e7lar\u0131m\u0131z\u0131n kar\u015f\u0131lanmas\u0131nda; Hizan Kaymakam\u0131 Say\u0131n B\u00fclent Hamito\u011flu\u2019na, Bitlis \u0130l Milli E\u011fitim M\u00fcd\u00fcr\u00fc Say\u0131n Mehmet Emin Korkmaz\u2019a, Anadolu Ajans\u0131 Muhabiri Ahmet Okur\u2019a desteklerinden \u00f6t\u00fcr\u00fc \u00e7ok te\u015fekk\u00fcr ediyoruz.<\/p>\n<p>Bitlis\u2019te Hakan Y\u00fccel d\u0131\u015f\u0131nda bizleri g\u00fcler y\u00fczleri, misafirperverlikleri ve b\u00fcy\u00fck destekleri i\u00e7in Bitlis halk\u0131na \u00e7ok te\u015fekk\u00fcr ediyoruz.<\/p>\n<p>\u0130stanbul \u00dcniversitesi Bilgi ve Belge Y\u00f6netimi B\u00f6l\u00fcm\u00fc B\u00f6l\u00fcm Ba\u015fkan\u0131 Mehmet Canatar\u2019a, her zaman her projemizde yan\u0131mda olan en b\u00fcy\u00fck destek\u00e7imiz Dan\u0131\u015fman Hocam\u0131z I\u015f\u0131l ilknur Sert\u2019e, \u0130\u00dcMK Daire Ba\u015fkan\u0131 Pervin Bezirci\u2019ye, \u0130stanbul \u00dcniversitesi Merkez K\u00fct\u00fcphanesi \u00e7al\u0131\u015fanlar\u0131na, Selahattin \u00d6zt\u00fcrk\u2019e, Sel\u00e7uk Ayd\u0131n\u2019a, Online Bilgi Uzman\u0131 Bora Karayel\u2019e, Sefa \u015eahin\u2019e te\u015fekk\u00fcr ediyoruz.<\/p>\n<p>Bu projemizde bizlere kitap, oyuncak ve k\u0131rtasiye malzemeleri deste\u011finde bulunan kurum ve kurulu\u015flar; K\u0131rtasiye malzemeleri i\u00e7in Hakikat K\u0131rtasiyeye, \u0130stanbul \u00dcniversitesi Merkez K\u00fct\u00fcphanesi, Marmara Belediyeler Birli\u011fi, Binot Yay\u0131nlar\u0131, \u00d6zel Bo\u011fazi\u00e7i E\u011fitim \u0130lgi Anadolu Lisesi, Kaz\u0131m \u0130\u015fmen Anadolu Lisesi, Dilnihat \u00d6zye\u011fin Anadolu Lisesi, Ey\u00fcp Sultan Mimar Sinan \u0130lkokul ve Ortaokul, Bah\u00e7e\u015fehir Be\u015f Y\u0131ld\u0131z Anadolu Anaokulu, Z\u00fcht\u00fc Kurtulmu\u015f Anadolu Lisesi Sefak\u00f6y Anadolu Lisesi\u2019ne ayr\u0131ca \u0130stanbul \u00dcniversitesinden bizlere kitap ba\u011f\u0131\u015f\u0131nda bulunan \u00f6\u011frenci arkada\u015flar\u0131m\u0131za ve ismini sayamad\u0131\u011f\u0131m\u0131z daha bir \u00e7ok kurum ve ki\u015filere kitap desteklerinden \u00f6t\u00fcr\u00fc sonsuz te\u015fekk\u00fcr ediyoruz.<\/p>\n<p>\u0130stanbul \u00dcniversitesi BBYON Toplulu\u011fu olarak herkesin eme\u011fine sa\u011fl\u0131k. Daha nice g\u00fczel projeleri ba\u015far\u0131yla tamamlamak dile\u011fiyle. #bbyontoplulugu&#8221;<\/p>\n","protected":false},"excerpt":{"rendered":"<p>\u0130stanbul \u00dcniversitesi BBY toplulu\u011fundan \u201cyedi b\u00f6lgede yedi karde\u015f k\u00fct\u00fcphane\u201d projesi \u201cMarmara\u2019dan G\u00fcneydo\u011fu\u2019ya Dek Karde\u015f K\u00fct\u00fcphaneler \u0130\u00e7in El Ele\u201d ismiyle ger\u00e7ekle\u015ftirildi. Ge\u00e7en y\u0131l Yalova \u015eehit Abd\u00fclhamit Kaya \u0130mam Hatip Ortaokulu ile ba\u015flat\u0131lan k\u00fct\u00fcphane kurma projesinin ikincisi i\u00e7in bu y\u0131l Bitlis\u2019e gidildi. Proje kapsam\u0131nda topluluktan a\u015fa\u011f\u0131daki a\u00e7\u0131klama yap\u0131ld\u0131:<\/p>\n","protected":false},"author":1,"featured_media":26104,"comment_status":"open","ping_status":"open","sticky":false,"template":"","format":"standard","meta":{"footnotes":""},"categories":[1,1579],"tags":[1413],"class_list":["post-26099","post","type-post","status-publish","format-standard","has-post-thumbnail","hentry","category-genel","category-istanbul-universitesi-bilgi-ve-belge-yonetimi-bolumu","tag-bby-bilgi-toplulugu-gruplari"],"_links":{"self":[{"href":"https:\/\/www.bbyhaber.com\/bby\/wp-json\/wp\/v2\/posts\/26099"}],"collection":[{"href":"https:\/\/www.bbyhaber.com\/bby\/wp-json\/wp\/v2\/posts"}],"about":[{"href":"https:\/\/www.bbyhaber.com\/bby\/wp-json\/wp\/v2\/types\/post"}],"author":[{"embeddable":true,"href":"https:\/\/www.bbyhaber.com\/bby\/wp-json\/wp\/v2\/users\/1"}],"replies":[{"embeddable":true,"href":"https:\/\/www.bbyhaber.com\/bby\/wp-json\/wp\/v2\/comments?post=26099"}],"version-history":[{"count":5,"href":"https:\/\/www.bbyhaber.com\/bby\/wp-json\/wp\/v2\/posts\/26099\/revisions"}],"predecessor-version":[{"id":26109,"href":"https:\/\/www.bbyhaber.com\/bby\/wp-json\/wp\/v2\/posts\/26099\/revisions\/26109"}],"wp:featuredmedia":[{"embeddable":true,"href":"https:\/\/www.bbyhaber.com\/bby\/wp-json\/wp\/v2\/media\/26104"}],"wp:attachment":[{"href":"https:\/\/www.bbyhaber.com\/bby\/wp-json\/wp\/v2\/media?parent=26099"}],"wp:term":[{"taxonomy":"category","embeddable":true,"href":"https:\/\/www.bbyhaber.com\/bby\/wp-json\/wp\/v2\/categories?post=26099"},{"taxonomy":"post_tag","embeddable":true,"href":"https:\/\/www.bbyhaber.com\/bby\/wp-json\/wp\/v2\/tags?post=26099"}],"curies":[{"name":"wp","href":"https:\/\/api.w.org\/{rel}","templated":true}]}}