{"id":26074,"date":"2019-02-13T12:59:14","date_gmt":"2019-02-13T09:59:14","guid":{"rendered":"http:\/\/www.bbyhaber.com\/bby\/?p=26074"},"modified":"2019-02-13T13:01:36","modified_gmt":"2019-02-13T10:01:36","slug":"haydi-durma-bby-kadrolari-icin-bir-dilekce-de-sen-yaz-kampanyasi-bbykadroistiyor","status":"publish","type":"post","link":"https:\/\/www.bbyhaber.com\/bby\/2019\/02\/13\/haydi-durma-bby-kadrolari-icin-bir-dilekce-de-sen-yaz-kampanyasi-bbykadroistiyor","title":{"rendered":"Haydi durma BBY kadrolar\u0131 i\u00e7in bir dilek\u00e7e de sen yaz kampanyas\u0131 #BBYkadroistiyor"},"content":{"rendered":"<p><a href=\"http:\/\/www.bbyhaber.com\/bby\/wp-content\/uploads\/2018\/09\/kadro-dilekcesi.png\"><img loading=\"lazy\" decoding=\"async\" class=\"alignleft size-full wp-image-25106\" src=\"http:\/\/www.bbyhaber.com\/bby\/wp-content\/uploads\/2018\/09\/kadro-dilekcesi.png\" alt=\"\" width=\"390\" height=\"180\" \/><\/a>Herkesin bildi\u011fi \u00fczere mesle\u011fimizin en \u00f6nemli sorunlar\u0131ndan biri kadro azl\u0131\u011f\u0131d\u0131r. Mezun meslekta\u015flar\u0131m\u0131z her t\u00fcrl\u00fc platformda kadro taleplerini dile getirmekte ve herkesten destek beklemektedirler. Yine bu ba\u011flamda haz\u0131rlad\u0131klar\u0131 bir dilek\u00e7e var, a\u015fa\u011f\u0131da \u00f6rne\u011fi yer alan dilek\u00e7eyi atama bekleyen t\u00fcm meslekta\u015flar\u0131m\u0131z\u0131n ilgili birime g\u00f6ndermesini istemektedirler.<!--more--><\/p>\n<p><span style=\"color: #ff0000;\">L\u00fctfen \u015funu unutmay\u0131n<\/span>, <span style=\"color: #000000;\"><strong>son iki y\u0131lda<\/strong><\/span> \u00d6SYM taraf\u0131ndan ger\u00e7ekle\u015ftirilen merkezi atama <strong>KPSS<\/strong> ile atanan <strong>Bilgi ve Belge Y\u00f6netimi Mezunu<\/strong> say\u0131s\u0131 <a href=\"https:\/\/www.bbyhaber.com\/bby\/bbysinavlar\/bby-kpss\" target=\"_blank\" rel=\"noopener\"><strong>73<\/strong><\/a>&#8216;t\u00fcr! \u00d6n\u00fcm\u00fczdeki atamalarda\u00a0<strong>0(SIFIR) veya 3-5 kadro<\/strong>\u00a0ile kar\u015f\u0131la\u015fmaman\u0131z i\u00e7in l\u00fctfen siz de destek verin!<\/p>\n<p><span style=\"color: #ff0000;\"><strong><span class=\"_3oh- _58nk\">C\u0130MER\u2019e g\u00f6nderilecek ilgili yaz\u0131 \u00f6rne\u011fi:<\/span><\/strong><\/span><\/p>\n<div>\n<div class=\"_1t_p clearfix\">\n<div class=\"_41ud\">\n<div class=\"clearfix _o46 _3erg _29_7 direction_ltr text_align_ltr\">\n<div id=\"js_1f\" class=\"_3058 _ui9 _hh7 _s1- _52mr _3oh-\" data-tooltip-content=\"13:26\" data-hover=\"tooltip\" data-tooltip-position=\"left\">\n<div class=\"_aok\" tabindex=\"0\" aria-label=\"Ben ..............\u00dcniversitesi Edebiyat Fak\u00fcltesi Bilgi ve Belge Y\u00f6netimi B\u00f6l\u00fcm\u00fc mezunuyum. Ne yaz\u0131k ki son y\u0131llarda do\u011fru d\u00fczg\u00fcn al\u0131m olmuyor. \u00dclkemizde k\u00fct\u00fcphane ve ar\u015fiv alanlar\u0131 \u00e7ok geni\u015f lakin ne k\u00fct\u00fcphanelerimizde nede ar\u015fivlerimizde Bilgi ve Belge Y\u00f6netimi mezunu memur \u00e7al\u0131\u015ft\u0131r\u0131lm\u0131yor. Halk k\u00fct\u00fcphanelerinde neredeyse Bilgi ve Belge Y\u00f6netimi mezunu g\u00f6rmek olanaks\u0131z. Halk K\u00fct\u00fcphanelerine en az 1 tane Bilgi ve Belge Y\u00f6netimi mezunu istiyoruz.725 personel a\u00e7\u0131\u011f\u0131 olmas\u0131na ra\u011fmen al\u0131mlar 3 ki\u015fi 5 ki\u015fiyle s\u0131n\u0131rl\u0131 kal\u0131yor. L\u00fctfen Aral\u0131k ay\u0131ndaki atamalarda Bilgi ve Belge Y\u00f6netimi B\u00f6l\u00fcm\u00fcn\u00fc de d\u00fc\u015f\u00fcn\u00fcn. \u00dclkemizde k\u00fct\u00fcphane \u00e7ok ama al\u0131m yok. Gere\u011finin yap\u0131lmas\u0131n\u0131 arz ederim.\">Say\u0131n \u0130lgili,<\/div>\n<div tabindex=\"0\" aria-label=\"Ben ..............\u00dcniversitesi Edebiyat Fak\u00fcltesi Bilgi ve Belge Y\u00f6netimi B\u00f6l\u00fcm\u00fc mezunuyum. Ne yaz\u0131k ki son y\u0131llarda do\u011fru d\u00fczg\u00fcn al\u0131m olmuyor. \u00dclkemizde k\u00fct\u00fcphane ve ar\u015fiv alanlar\u0131 \u00e7ok geni\u015f lakin ne k\u00fct\u00fcphanelerimizde nede ar\u015fivlerimizde Bilgi ve Belge Y\u00f6netimi mezunu memur \u00e7al\u0131\u015ft\u0131r\u0131lm\u0131yor. Halk k\u00fct\u00fcphanelerinde neredeyse Bilgi ve Belge Y\u00f6netimi mezunu g\u00f6rmek olanaks\u0131z. Halk K\u00fct\u00fcphanelerine en az 1 tane Bilgi ve Belge Y\u00f6netimi mezunu istiyoruz.725 personel a\u00e7\u0131\u011f\u0131 olmas\u0131na ra\u011fmen al\u0131mlar 3 ki\u015fi 5 ki\u015fiyle s\u0131n\u0131rl\u0131 kal\u0131yor. L\u00fctfen Aral\u0131k ay\u0131ndaki atamalarda Bilgi ve Belge Y\u00f6netimi B\u00f6l\u00fcm\u00fcn\u00fc de d\u00fc\u015f\u00fcn\u00fcn. \u00dclkemizde k\u00fct\u00fcphane \u00e7ok ama al\u0131m yok. Gere\u011finin yap\u0131lmas\u0131n\u0131 arz ederim.\"><\/div>\n<div class=\"_aok\" tabindex=\"0\" aria-label=\"Ben ..............\u00dcniversitesi Edebiyat Fak\u00fcltesi Bilgi ve Belge Y\u00f6netimi B\u00f6l\u00fcm\u00fc mezunuyum. Ne yaz\u0131k ki son y\u0131llarda do\u011fru d\u00fczg\u00fcn al\u0131m olmuyor. \u00dclkemizde k\u00fct\u00fcphane ve ar\u015fiv alanlar\u0131 \u00e7ok geni\u015f lakin ne k\u00fct\u00fcphanelerimizde nede ar\u015fivlerimizde Bilgi ve Belge Y\u00f6netimi mezunu memur \u00e7al\u0131\u015ft\u0131r\u0131lm\u0131yor. Halk k\u00fct\u00fcphanelerinde neredeyse Bilgi ve Belge Y\u00f6netimi mezunu g\u00f6rmek olanaks\u0131z. Halk K\u00fct\u00fcphanelerine en az 1 tane Bilgi ve Belge Y\u00f6netimi mezunu istiyoruz.725 personel a\u00e7\u0131\u011f\u0131 olmas\u0131na ra\u011fmen al\u0131mlar 3 ki\u015fi 5 ki\u015fiyle s\u0131n\u0131rl\u0131 kal\u0131yor. L\u00fctfen Aral\u0131k ay\u0131ndaki atamalarda Bilgi ve Belge Y\u00f6netimi B\u00f6l\u00fcm\u00fcn\u00fc de d\u00fc\u015f\u00fcn\u00fcn. \u00dclkemizde k\u00fct\u00fcphane \u00e7ok ama al\u0131m yok. Gere\u011finin yap\u0131lmas\u0131n\u0131 arz ederim.\">\u00dclkemizde bulunan k\u00fct\u00fcphane ve ar\u015fivlerde personel eksikli\u011fi olmas\u0131na ra\u011fmen Bilgi ve Belge Y\u00f6netimi B\u00f6l\u00fcm\u00fc i\u00e7in a\u00e7\u0131lan kadrolar yok denilecek kadar azd\u0131r.<\/div>\n<\/div>\n<\/div>\n<\/div>\n<\/div>\n<\/div>\n<p>Bizler &#8216;Bilgi ve Belge Y\u00f6netimi Mezunlar\u0131&#8217; olarak \u00fclkemizde memur olabilmek i\u00e7in yap\u0131lan Kamu Personeli Se\u00e7me S\u0131nav\u0131&#8217;ndan y\u00fcksek puanlar alm\u0131\u015f olmakla birlikte son y\u0131llarda yap\u0131lan al\u0131mlarda a\u00e7\u0131lan k\u0131s\u0131tl\u0131 kadrolar nedeniyle ma\u011fdur olmaktay\u0131z.<\/p>\n<p>Bilgi ve Belge Y\u00f6netimi B\u00f6l\u00fcm\u00fc: 4 y\u0131ll\u0131k lisans e\u011fitimi kapsam\u0131nda bilginin toplanmas\u0131, kay\u0131t alt\u0131na al\u0131nmas\u0131, korunmas\u0131, d\u00fczenlenmesi ile bas\u0131l\u0131-elektronik ortamlarda hizmete sunulmas\u0131 \u00fczerine belirli dersler veren bir b\u00f6l\u00fcmd\u00fcr. Bilgi ve Belge Y\u00f6netimi mezunlar\u0131n\u0131n daha fazla ma\u011fdur olmamas\u0131 ad\u0131na ma\u011fduriyeti ortadan kald\u0131racak kadar kadro tahsis edilip k\u00fct\u00fcphane ve ar\u015fivlerdeki personel sorununun giderilmesini talep etmekteyiz.<\/p>\n<p>Sayg\u0131lar\u0131mla,<\/p>\n","protected":false},"excerpt":{"rendered":"<p>Herkesin bildi\u011fi \u00fczere mesle\u011fimizin en \u00f6nemli sorunlar\u0131ndan biri kadro azl\u0131\u011f\u0131d\u0131r. Mezun meslekta\u015flar\u0131m\u0131z her t\u00fcrl\u00fc platformda kadro taleplerini dile getirmekte ve herkesten destek beklemektedirler. Yine bu ba\u011flamda haz\u0131rlad\u0131klar\u0131 bir dilek\u00e7e var, a\u015fa\u011f\u0131da \u00f6rne\u011fi yer alan dilek\u00e7eyi atama bekleyen t\u00fcm meslekta\u015flar\u0131m\u0131z\u0131n ilgili birime g\u00f6ndermesini istemektedirler.<\/p>\n","protected":false},"author":1,"featured_media":25106,"comment_status":"open","ping_status":"open","sticky":false,"template":"","format":"standard","meta":{"footnotes":""},"categories":[31,1],"tags":[1398],"class_list":["post-26074","post","type-post","status-publish","format-standard","has-post-thumbnail","hentry","category-bbykpss","category-genel","tag-bby-ozluk-haklari"],"_links":{"self":[{"href":"https:\/\/www.bbyhaber.com\/bby\/wp-json\/wp\/v2\/posts\/26074"}],"collection":[{"href":"https:\/\/www.bbyhaber.com\/bby\/wp-json\/wp\/v2\/posts"}],"about":[{"href":"https:\/\/www.bbyhaber.com\/bby\/wp-json\/wp\/v2\/types\/post"}],"author":[{"embeddable":true,"href":"https:\/\/www.bbyhaber.com\/bby\/wp-json\/wp\/v2\/users\/1"}],"replies":[{"embeddable":true,"href":"https:\/\/www.bbyhaber.com\/bby\/wp-json\/wp\/v2\/comments?post=26074"}],"version-history":[{"count":4,"href":"https:\/\/www.bbyhaber.com\/bby\/wp-json\/wp\/v2\/posts\/26074\/revisions"}],"predecessor-version":[{"id":26078,"href":"https:\/\/www.bbyhaber.com\/bby\/wp-json\/wp\/v2\/posts\/26074\/revisions\/26078"}],"wp:featuredmedia":[{"embeddable":true,"href":"https:\/\/www.bbyhaber.com\/bby\/wp-json\/wp\/v2\/media\/25106"}],"wp:attachment":[{"href":"https:\/\/www.bbyhaber.com\/bby\/wp-json\/wp\/v2\/media?parent=26074"}],"wp:term":[{"taxonomy":"category","embeddable":true,"href":"https:\/\/www.bbyhaber.com\/bby\/wp-json\/wp\/v2\/categories?post=26074"},{"taxonomy":"post_tag","embeddable":true,"href":"https:\/\/www.bbyhaber.com\/bby\/wp-json\/wp\/v2\/tags?post=26074"}],"curies":[{"name":"wp","href":"https:\/\/api.w.org\/{rel}","templated":true}]}}