{"id":26066,"date":"2019-02-12T15:50:40","date_gmt":"2019-02-12T12:50:40","guid":{"rendered":"http:\/\/www.bbyhaber.com\/bby\/?p=26066"},"modified":"2019-02-13T09:39:58","modified_gmt":"2019-02-13T06:39:58","slug":"komsumuz-iran-konferansi-prof-dr-ilber-ortayli-prof-dr-adnan-karaismailoglu-15-subat-2019-cuma","status":"publish","type":"post","link":"https:\/\/www.bbyhaber.com\/bby\/2019\/02\/12\/komsumuz-iran-konferansi-prof-dr-ilber-ortayli-prof-dr-adnan-karaismailoglu-15-subat-2019-cuma","title":{"rendered":"Kom\u015fumuz \u0130ran Konferans\u0131 &#8211; Prof. Dr. \u0130lber Ortayl\u0131 &#038; Prof Dr. Adnan Karaismailo\u011flu | 15 \u015eubat 2019 Cuma"},"content":{"rendered":"<p><a href=\"http:\/\/www.adnanotukenkutup.gov.tr\">Ankara Adnan \u00d6t\u00fcken \u0130l Halk K\u00fct\u00fcphanesi<\/a><a href=\"http:\/\/www.adnanotukenkutup.gov.tr\"><img loading=\"lazy\" decoding=\"async\" class=\"alignleft wp-image-26067 \" src=\"http:\/\/www.bbyhaber.com\/bby\/wp-content\/uploads\/2019\/02\/iranilber.png\" alt=\"\" width=\"328\" height=\"227\" srcset=\"https:\/\/www.bbyhaber.com\/bby\/wp-content\/uploads\/2019\/02\/iranilber.png 1000w, https:\/\/www.bbyhaber.com\/bby\/wp-content\/uploads\/2019\/02\/iranilber-300x207.png 300w, https:\/\/www.bbyhaber.com\/bby\/wp-content\/uploads\/2019\/02\/iranilber-768x531.png 768w, https:\/\/www.bbyhaber.com\/bby\/wp-content\/uploads\/2019\/02\/iranilber-110x75.png 110w\" sizes=\"(max-width: 328px) 100vw, 328px\" \/><\/a>&#8216;nde,\u00a0 \u0130ran \u0130slam Cumhuriyeti B\u00fcy\u00fckel\u00e7ili\u011fi K\u00fclt\u00fcr M\u00fcste\u015farl\u0131\u011f\u0131 i\u015fbirli\u011fi ile 15 \u015eubat 2019 Cuma g\u00fcn\u00fc Saat 18:00&#8217;de Prof. Dr. \u0130lber Ortayl\u0131 ve Prof. Dr. Adnan Karaismailo\u011flu taraf\u0131ndan\u00a0&#8220;Kom\u015fumuz \u0130ran&#8221; konulu bir konferans ger\u00e7ekle\u015ftirilecektir.<!--more--><\/p>\n<p>Konferansa kat\u0131l\u0131m \u00fccretsiz olup ileti\u015fim bilgileri a\u015fa\u011f\u0131dad\u0131r.<\/p>\n<p>&#x1f4c5; 15 \u015eubat 2019 Cuma\u00a0 &#x1f550; 18:00\u00a0&#x1f4cd; Kumrular Cad. No: 3 K\u0131z\u0131lay\/ANKARA<\/p>\n<p>&#x260e;&#xfe0f; \u0130leti\u015fim: 0312 410 90 18<\/p>\n<p>&nbsp;<\/p>\n","protected":false},"excerpt":{"rendered":"<p>Ankara Adnan \u00d6t\u00fcken \u0130l Halk K\u00fct\u00fcphanesi&#8216;nde,\u00a0 \u0130ran \u0130slam Cumhuriyeti B\u00fcy\u00fckel\u00e7ili\u011fi K\u00fclt\u00fcr M\u00fcste\u015farl\u0131\u011f\u0131 i\u015fbirli\u011fi ile 15 \u015eubat 2019 Cuma g\u00fcn\u00fc Saat 18:00&#8217;de Prof. Dr. \u0130lber Ortayl\u0131 ve Prof. Dr. Adnan Karaismailo\u011flu taraf\u0131ndan\u00a0&#8220;Kom\u015fumuz \u0130ran&#8221; konulu bir konferans ger\u00e7ekle\u015ftirilecektir.<\/p>\n","protected":false},"author":129,"featured_media":26067,"comment_status":"open","ping_status":"open","sticky":false,"template":"","format":"standard","meta":{"footnotes":""},"categories":[1],"tags":[1436],"class_list":["post-26066","post","type-post","status-publish","format-standard","has-post-thumbnail","hentry","category-genel","tag-kutuphaneler"],"_links":{"self":[{"href":"https:\/\/www.bbyhaber.com\/bby\/wp-json\/wp\/v2\/posts\/26066"}],"collection":[{"href":"https:\/\/www.bbyhaber.com\/bby\/wp-json\/wp\/v2\/posts"}],"about":[{"href":"https:\/\/www.bbyhaber.com\/bby\/wp-json\/wp\/v2\/types\/post"}],"author":[{"embeddable":true,"href":"https:\/\/www.bbyhaber.com\/bby\/wp-json\/wp\/v2\/users\/129"}],"replies":[{"embeddable":true,"href":"https:\/\/www.bbyhaber.com\/bby\/wp-json\/wp\/v2\/comments?post=26066"}],"version-history":[{"count":6,"href":"https:\/\/www.bbyhaber.com\/bby\/wp-json\/wp\/v2\/posts\/26066\/revisions"}],"predecessor-version":[{"id":26073,"href":"https:\/\/www.bbyhaber.com\/bby\/wp-json\/wp\/v2\/posts\/26066\/revisions\/26073"}],"wp:featuredmedia":[{"embeddable":true,"href":"https:\/\/www.bbyhaber.com\/bby\/wp-json\/wp\/v2\/media\/26067"}],"wp:attachment":[{"href":"https:\/\/www.bbyhaber.com\/bby\/wp-json\/wp\/v2\/media?parent=26066"}],"wp:term":[{"taxonomy":"category","embeddable":true,"href":"https:\/\/www.bbyhaber.com\/bby\/wp-json\/wp\/v2\/categories?post=26066"},{"taxonomy":"post_tag","embeddable":true,"href":"https:\/\/www.bbyhaber.com\/bby\/wp-json\/wp\/v2\/tags?post=26066"}],"curies":[{"name":"wp","href":"https:\/\/api.w.org\/{rel}","templated":true}]}}