{"id":26060,"date":"2019-02-11T09:40:19","date_gmt":"2019-02-11T06:40:19","guid":{"rendered":"http:\/\/www.bbyhaber.com\/bby\/?p=26060"},"modified":"2019-02-11T09:41:41","modified_gmt":"2019-02-11T06:41:41","slug":"bir-kutuphane-ekibi-nasil-olmali-cem-ozel","status":"publish","type":"post","link":"https:\/\/www.bbyhaber.com\/bby\/2019\/02\/11\/bir-kutuphane-ekibi-nasil-olmali-cem-ozel","title":{"rendered":"Bir k\u00fct\u00fcphane ekibi nas\u0131l olmal\u0131? | Cem \u00d6ZEL"},"content":{"rendered":"<p>[avatar user=&#8221;cemozel&#8221; \/]<a href=\"http:\/\/www.bbyhaber.com\/bby\/author\/cemozel\"><br \/>\nCem \u00d6ZEL<\/a><br \/>\n<strong>Kullan\u0131c\u0131 Hizmetleri Y\u00f6neticisi\/Sabanc\u0131 \u00dcniversitesi Bilgi Merkezi<\/strong><\/p>\n<p><a href=\"http:\/\/www.bbyhaber.com\/bby\/wp-content\/uploads\/2019\/02\/kutuphane-ekibi-nasil-olmali.jpg\"><img loading=\"lazy\" decoding=\"async\" class=\"alignleft size-full wp-image-26061\" src=\"http:\/\/www.bbyhaber.com\/bby\/wp-content\/uploads\/2019\/02\/kutuphane-ekibi-nasil-olmali.jpg\" alt=\"\" width=\"390\" height=\"180\" \/><\/a>K\u00fct\u00fcphane y\u00f6netmek bir ekip i\u015fi.<\/p>\n<p>Ekibimizi ya ona g\u00f6re kuraca\u011f\u0131z ya da ona evirece\u011fiz.<!--more--><\/p>\n<p>\u00c7ok iyi \u0130ngilizce bilenler de olacak, eli kalem tutanlar da.<\/p>\n<p>Bir organizasyonu iyi yapan da olmal\u0131, iyi bir pazarlamac\u0131 ruhuna sahip olan da.<\/p>\n<p>\u0130\u015fi ehline b\u0131rakan y\u00f6netici de olmal\u0131, hakkaniyetli y\u00f6neticiler de.<\/p>\n<p>Fedakarlar da olmal\u0131, yeri gelince i\u015fin prati\u011fini bulma sevdal\u0131s\u0131 tembel ruhlar da.<\/p>\n<p>\u0130yi dinleyenler de olmal\u0131 dilbazlar\u0131n yan\u0131nda.<\/p>\n<p>Analitik d\u00fc\u015f\u00fcnenler de olmal\u0131, yarat\u0131c\u0131lar da.<\/p>\n<p>Ekip ruhuna inananlar da olmal\u0131, gerekti\u011finde i\u015fi tek ba\u015f\u0131na al\u0131p g\u00f6t\u00fcrenler de.<\/p>\n<p>Duyarl\u0131 olanlar da olmal\u0131, kompliman yapanlar da.<\/p>\n<p>Konunun uzman\u0131 da olmal\u0131, bu i\u015flere aday yeni meslekta\u015flar da olmal\u0131.<\/p>\n<p>Sizi d\u0131\u015far\u0131da iyi temsil edecekler de olmal\u0131.<\/p>\n<p>D\u00fc\u015f\u00fcnceli olanlar da olmal\u0131, \u00fc\u00e7\u00fcnc\u00fc g\u00f6z kriterine uyanlar da.<\/p>\n<p>Ama t\u00fcm bunlar\u0131n \u00f6ncesinde kadro olmal\u0131 ki bu \u00f6zellikteki k\u00fct\u00fcphaneciler ya da bu \u00f6zelliklere evrilecek <strong>k\u00fct\u00fcphaneciler istihdam<\/strong> edilmeli.<\/p>\n<p>Y\u0131llard\u0131r <strong>BBY kadro istiyor<\/strong> dememizin sebeplerinden biri de bu.<\/p>\n<p>Ge\u00e7enlerde bir tweet g\u00f6rd\u00fcm. &#8220;Bizim ekip son 20 y\u0131ld\u0131r k\u00fct\u00fcphane k\u00f6\u015felerinde dirsek \u00e7\u00fcr\u00fct\u00fcyor&#8221; diyordu. Sevildik mi s\u00f6v\u00fcld\u00fck m\u00fc anlamad\u0131k. Sanki hapishane k\u00f6\u015felerinde, mahkeme k\u00f6\u015felerinde ya da kahvehane k\u00f6\u015felerinde \u00e7\u00fcr\u00fctm\u00fc\u015fler bir yerlerini. Bunu bolbilim ad\u0131nda bir Twitter adresinde g\u00f6rd\u00fcm. S\u00f6z\u00fcmona bilimle u\u011fra\u015fanlar\u0131 konu ediniyor. \u0130\u015fte bu pespaye laflar\u0131n k\u00f6k\u00fcn\u00fc kurutmak i\u00e7in bilin\u00e7lerinin alt\u0131na girip bu d\u00fc\u015f\u00fcnceleri de\u011fi\u015ftirmemiz gerekiyor. \u0130\u015fte bu y\u00fczden, \u00f6ncelikle yine <strong>BBY kadro istiyor<\/strong> diye seslerini duyurmaya \u00e7al\u0131\u015f\u0131yor meslekta\u015flar\u0131m\u0131z.<\/p>\n","protected":false},"excerpt":{"rendered":"<p>[avatar user=&#8221;cemozel&#8221; \/] Cem \u00d6ZEL Kullan\u0131c\u0131 Hizmetleri Y\u00f6neticisi\/Sabanc\u0131 \u00dcniversitesi Bilgi Merkezi K\u00fct\u00fcphane y\u00f6netmek bir ekip i\u015fi. Ekibimizi ya ona g\u00f6re kuraca\u011f\u0131z ya da ona evirece\u011fiz.<\/p>\n","protected":false},"author":143,"featured_media":26061,"comment_status":"open","ping_status":"open","sticky":false,"template":"","format":"standard","meta":{"footnotes":""},"categories":[1478],"tags":[1460],"class_list":["post-26060","post","type-post","status-publish","format-standard","has-post-thumbnail","hentry","category-cem-ozel","tag-kose-yazarlari"],"_links":{"self":[{"href":"https:\/\/www.bbyhaber.com\/bby\/wp-json\/wp\/v2\/posts\/26060"}],"collection":[{"href":"https:\/\/www.bbyhaber.com\/bby\/wp-json\/wp\/v2\/posts"}],"about":[{"href":"https:\/\/www.bbyhaber.com\/bby\/wp-json\/wp\/v2\/types\/post"}],"author":[{"embeddable":true,"href":"https:\/\/www.bbyhaber.com\/bby\/wp-json\/wp\/v2\/users\/143"}],"replies":[{"embeddable":true,"href":"https:\/\/www.bbyhaber.com\/bby\/wp-json\/wp\/v2\/comments?post=26060"}],"version-history":[{"count":2,"href":"https:\/\/www.bbyhaber.com\/bby\/wp-json\/wp\/v2\/posts\/26060\/revisions"}],"predecessor-version":[{"id":26063,"href":"https:\/\/www.bbyhaber.com\/bby\/wp-json\/wp\/v2\/posts\/26060\/revisions\/26063"}],"wp:featuredmedia":[{"embeddable":true,"href":"https:\/\/www.bbyhaber.com\/bby\/wp-json\/wp\/v2\/media\/26061"}],"wp:attachment":[{"href":"https:\/\/www.bbyhaber.com\/bby\/wp-json\/wp\/v2\/media?parent=26060"}],"wp:term":[{"taxonomy":"category","embeddable":true,"href":"https:\/\/www.bbyhaber.com\/bby\/wp-json\/wp\/v2\/categories?post=26060"},{"taxonomy":"post_tag","embeddable":true,"href":"https:\/\/www.bbyhaber.com\/bby\/wp-json\/wp\/v2\/tags?post=26060"}],"curies":[{"name":"wp","href":"https:\/\/api.w.org\/{rel}","templated":true}]}}