{"id":2606,"date":"2012-02-12T06:45:34","date_gmt":"2012-02-12T06:45:34","guid":{"rendered":"http:\/\/www.bbyhaber.com\/bby\/?p=2606"},"modified":"2012-05-02T14:32:58","modified_gmt":"2012-05-02T14:32:58","slug":"sivas-il-halk-kutuphanesi","status":"publish","type":"post","link":"https:\/\/www.bbyhaber.com\/bby\/2012\/02\/12\/sivas-il-halk-kutuphanesi","title":{"rendered":"Sivas \u0130l Halk K\u00fct\u00fcphanesi"},"content":{"rendered":"<p style=\"text-align: justify;\">Ge\u00e7ti\u011fimiz aylarda Sivas\u2019\u0131n en \u00e7ok tart\u0131\u015f\u0131lan konular\u0131n\u0131n ba\u015f\u0131nda gelen \u0130l Halk K\u00fct\u00fcphanesi ile ilgili olarak Milli Savunma Bakan\u0131 \u0130smet Y\u0131lmaz, objektifler kar\u015f\u0131s\u0131nda d\u00fcn ilk kez bu kadar net konu\u015ftu. Bakan Y\u0131lmaz, k\u00fct\u00fcphanelerin \u015fehir merkezinde olmas\u0131 gerekti\u011fini ve Tekel binas\u0131n yerine yap\u0131laca\u011f\u0131n\u0131 s\u00f6yledi. Projenin ba\u015fka bir alana yap\u0131lmas\u0131n\u0131 isteyen Belediye Ba\u015fkan\u0131 Do\u011fan \u00dcrg\u00fcp ise konu\u015fmay\u0131 boynunu b\u00fckerek dinledi.<!--more--><\/p>\n<p style=\"text-align: justify;\">Bir tak\u0131m inceleme ve temaslarda bulunmak \u00fczere Sivas\u2019a gelen Milli Savunma Bakan\u0131 \u0130smet Y\u0131lmaz d\u00fcn ilk olarak \u015eubat ay\u0131 toplant\u0131lar\u0131na devam eden Sivas \u0130l Genel Meclisi\u2019ne konuk oldu. Bakan Y\u0131lmaz burada yapt\u0131\u011f\u0131 konu\u015fmada hem T\u00fcrkiye hemse Sivas g\u00fcndeminde olan konularda \u00f6nemli a\u00e7\u0131klamalarda bulundu. Bakan Y\u0131lmaz, Sivas\u2019ta son aylar\u0131n belki de en \u00e7ok tart\u0131\u015f\u0131lan konular\u0131ndan biri olan \u0130l Halk K\u00fct\u00fcphanesi\u2019nin nereye yap\u0131laca\u011f\u0131 ile ilgili objektifler kar\u015f\u0131s\u0131nda ilk kez bu kadar net konu\u015ftu. Bakan Y\u0131lmaz, k\u00fct\u00fcphanelerin \u015fehrin merkezinde olmas\u0131 gerekti\u011fini belirterek, \u201cSivas\u2019ta \u0130l Halk K\u00fct\u00fcphanesi sorunu var, say\u0131n ba\u015fkanda burada. G\u00f6n\u00fcl arzu eder ki k\u00fct\u00fcphaneler \u015fehrin merkezinde olsun. M\u00fczeler ve k\u00fct\u00fcphaneler Avrupa da hepiniz g\u00f6rm\u00fc\u015fs\u00fcn\u00fczd\u00fcr \u015fehir merkezindedirler. Merkezi tren istasyonlar\u0131 \u015fehrin merkezindedir. Biz k\u00fct\u00fcphane i\u00e7in nereyi d\u00fc\u015f\u00fcn\u00fcyorduk Tekel Binas\u0131n\u0131n oldu\u011fu k\u0131sm\u0131. E\u011fer daha iyi bir yer varsa, Sivas\u2019\u0131n merkezine bakan, meydana bakan bir yer oraya ta\u015f\u0131yal\u0131m. Ancak mevcut yerinde daha gerisine \u00f6teleyeceksek say\u0131n ba\u015fkan, bu olmaz diye d\u00fc\u015f\u00fcn\u00fcyorum. SGK binas\u0131n\u0131 yeni yerine ta\u015f\u0131nd\u0131\u011f\u0131n da eski binas\u0131n\u0131n oradan Kale\u2019ye bir a\u00e7\u0131kl\u0131k yapmak istiyoruz. Say\u0131n Ba\u015fkan\u0131n projesi eski tekel binas\u0131n\u0131n oradan kale ba\u011flant\u0131s\u0131 yapmak istiyor, bu ba\u011flant\u0131 zaten200 metreileride yap\u0131lacak. Kald\u0131 ki arka tarafta ki kamula\u015ft\u0131rma ilave maliyet gerektirir ki belediyenin bu b\u00fct\u00e7esiyle bunu ger\u00e7ekle\u015ftirmesi pekte m\u00fcmk\u00fcn g\u00f6r\u00fcnm\u00fcyor\u201d dedi. \u0130l Halk K\u00fct\u00fcphanesi projesinin 2011 y\u0131l\u0131nda yat\u0131r\u0131m program\u0131na girdi\u011fini kaydeden Bakan Y\u0131lmaz, \u201cAma meydana bakan bir yere yap\u0131labilirse, Sel\u00e7uklu Mimarisini ta\u015f\u0131yan bir k\u00fct\u00fcphane yaparsak \u00e7ok iyi olur. En b\u00fcy\u00fck eksikli\u011fimiz okuma eksikli\u011fidir. Biz d\u00fc\u015f\u00fcncelerimizin s\u0131n\u0131rlar\u0131n\u0131 okuyarak geli\u015ftirdik. Kendimize yapam\u0131yorsak, \u00e7ocuklar\u0131m\u0131z i\u00e7in, \u00e7ocuklar\u0131m\u0131za yeti\u015ftiremiyorsak, torunlar\u0131m\u0131z i\u00e7in yapmam\u0131z laz\u0131m. Tek bir hanedeki fikir say\u0131s\u0131n\u0131 art\u0131rmak ancak b\u00f6yle k\u00fct\u00fcphanelerin say\u0131s\u0131n\u0131 art\u0131rmakla olur\u201d dedi. Yeni k\u00fct\u00fcphanenin eski tekel binas\u0131n\u0131n yerine yap\u0131lmas\u0131na kar\u015f\u0131 \u00e7\u0131kan ve Ticaret Sanayi Odas\u0131\u2019n\u0131n kar\u015f\u0131s\u0131nda bulunan alana yap\u0131lmas\u0131n\u0131 isteyen Belediye Ba\u015fkan\u0131 Do\u011fan \u00dcrg\u00fcp, ise Bakan Y\u0131lmaz\u2019\u0131n konu\u015fmas\u0131 boynunu b\u00fckerek dinledi.<\/p>\n<p style=\"text-align: justify;\">\u201cSivas ortak paydam\u0131z\u201d diyen Milli Savunma Bakan\u0131 \u0130smet Y\u0131lmaz, \u201cSivas in\u015fallah daha iyi yerlere gelecek. Herkesin hizmet d\u00f6nemi bir \u015fekilde bitecek, hi\u00e7 kimse kal\u0131c\u0131 de\u011fil. Zaten b\u00f6yle bir kal\u0131c\u0131l\u0131k olsayd\u0131 bizlerin sizlerin buraya gelmesi m\u00fcmk\u00fcn de\u011fildi. De\u011fi\u015fim var ki biz geldik, de\u011fi\u015fim var ki biz gidece\u011fiz. Dolay\u0131s\u0131yla biz diyoruz ki A\u015f\u0131k Veysel\u2019in dedi\u011fi gibi \u201cBen giderim ad\u0131m kal\u0131r dostlar beni hat\u0131rlas\u0131n\u201d bir ki\u015fi Sivas\u2019ta ta\u015f \u00fcst\u00fcne ta\u015f koyarsa bizim i\u00e7in en b\u00fcy\u00fck gaye budur. Elbirli\u011fi ile ta\u015f \u00fcst\u00fcne ta\u015f koymak i\u00e7in i\u015fbirli\u011fi ile birlikte \u00e7al\u0131\u015faca\u011f\u0131z, desteklerinizi bekliyorum. Desteklemezseniz moralimiz bozulur, hepsi bu. Desteklerseniz Sivas\u2019a \u00e7ok daha iyi hizmet ederiz. Bu \u00fclke bizim Sivas bizim. Sivas\u2019\u0131n bug\u00fcn\u00fc d\u00fcnden kat kat iyidir hi\u00e7 \u015f\u00fcpheniz olmas\u0131n Sivas\u2019\u0131n yar\u0131n\u0131 da bug\u00fcnden iyi olacakt\u0131r\u201d diye konu\u015ftu.<\/p>\n<p style=\"text-align: justify;\">Kaynak: http:\/\/www.sivasgazete.com\/<\/p>\n","protected":false},"excerpt":{"rendered":"<p>Ge\u00e7ti\u011fimiz aylarda Sivas\u2019\u0131n en \u00e7ok tart\u0131\u015f\u0131lan konular\u0131n\u0131n ba\u015f\u0131nda gelen \u0130l Halk K\u00fct\u00fcphanesi ile ilgili olarak Milli Savunma Bakan\u0131 \u0130smet Y\u0131lmaz, objektifler kar\u015f\u0131s\u0131nda d\u00fcn ilk kez bu kadar net konu\u015ftu. Bakan Y\u0131lmaz, k\u00fct\u00fcphanelerin \u015fehir merkezinde olmas\u0131 gerekti\u011fini ve Tekel binas\u0131n yerine yap\u0131laca\u011f\u0131n\u0131 s\u00f6yledi. Projenin ba\u015fka bir alana yap\u0131lmas\u0131n\u0131 isteyen Belediye Ba\u015fkan\u0131 Do\u011fan \u00dcrg\u00fcp ise konu\u015fmay\u0131 boynunu [&hellip;]<\/p>\n","protected":false},"author":1,"featured_media":0,"comment_status":"open","ping_status":"open","sticky":false,"template":"","format":"standard","meta":{"footnotes":""},"categories":[1],"tags":[848],"class_list":["post-2606","post","type-post","status-publish","format-standard","hentry","category-genel","tag-halk-kutuphaneleri"],"_links":{"self":[{"href":"https:\/\/www.bbyhaber.com\/bby\/wp-json\/wp\/v2\/posts\/2606"}],"collection":[{"href":"https:\/\/www.bbyhaber.com\/bby\/wp-json\/wp\/v2\/posts"}],"about":[{"href":"https:\/\/www.bbyhaber.com\/bby\/wp-json\/wp\/v2\/types\/post"}],"author":[{"embeddable":true,"href":"https:\/\/www.bbyhaber.com\/bby\/wp-json\/wp\/v2\/users\/1"}],"replies":[{"embeddable":true,"href":"https:\/\/www.bbyhaber.com\/bby\/wp-json\/wp\/v2\/comments?post=2606"}],"version-history":[{"count":0,"href":"https:\/\/www.bbyhaber.com\/bby\/wp-json\/wp\/v2\/posts\/2606\/revisions"}],"wp:attachment":[{"href":"https:\/\/www.bbyhaber.com\/bby\/wp-json\/wp\/v2\/media?parent=2606"}],"wp:term":[{"taxonomy":"category","embeddable":true,"href":"https:\/\/www.bbyhaber.com\/bby\/wp-json\/wp\/v2\/categories?post=2606"},{"taxonomy":"post_tag","embeddable":true,"href":"https:\/\/www.bbyhaber.com\/bby\/wp-json\/wp\/v2\/tags?post=2606"}],"curies":[{"name":"wp","href":"https:\/\/api.w.org\/{rel}","templated":true}]}}