{"id":26051,"date":"2019-02-10T00:59:08","date_gmt":"2019-02-09T21:59:08","guid":{"rendered":"http:\/\/www.bbyhaber.com\/bby\/?p=26051"},"modified":"2021-03-11T00:34:02","modified_gmt":"2021-03-10T21:34:02","slug":"ibrahim-kalindan-cumhurbaskanligi-kutuphanesine-iliskin-aciklama","status":"publish","type":"post","link":"https:\/\/www.bbyhaber.com\/bby\/2019\/02\/10\/ibrahim-kalindan-cumhurbaskanligi-kutuphanesine-iliskin-aciklama","title":{"rendered":"\u0130brahim Kal\u0131n&#8217;dan Cumhurba\u015fkanl\u0131\u011f\u0131 K\u00fct\u00fcphanesi&#8217;ne ili\u015fkin a\u00e7\u0131klama"},"content":{"rendered":"<p><img loading=\"lazy\" decoding=\"async\" class=\"alignleft wp-image-23441 size-medium\" src=\"http:\/\/www.bbyhaber.com\/bby\/wp-content\/uploads\/2017\/10\/1805244_640f22a30d6b253511907c0d92da0a85-260x300.jpg\" alt=\"\" width=\"260\" height=\"300\" srcset=\"https:\/\/www.bbyhaber.com\/bby\/wp-content\/uploads\/2017\/10\/1805244_640f22a30d6b253511907c0d92da0a85-260x300.jpg 260w, https:\/\/www.bbyhaber.com\/bby\/wp-content\/uploads\/2017\/10\/1805244_640f22a30d6b253511907c0d92da0a85.jpg 473w\" sizes=\"(max-width: 260px) 100vw, 260px\" \/><\/p>\n<p class=\"detail-description m-b\" data-flex-order=\"1\">Cumhurba\u015fkanl\u0131\u011f\u0131 S\u00f6zc\u00fcs\u00fc \u0130brahim Kal\u0131n, Cumhurba\u015fkanl\u0131\u011f\u0131 K\u00fct\u00fcphanesine ili\u015fkin, &#8220;Cumhurba\u015fkan\u0131m\u0131z bunun hedefini 5 milyon kitap olarak koydu. <!--more-->5 milyon matbu kitap hedefinin yan\u0131nda tabii ki say\u0131s\u0131 her y\u0131l artacak olan elektronik kitaplar ve yay\u0131nlarla da in\u015fallah \u00e7ok yak\u0131nda T\u00fcrkiye&#8217;de kitap ve k\u00fct\u00fcphanecilik k\u00fclt\u00fcr\u00fcn\u00fc d\u00f6n\u00fc\u015ft\u00fcrecek olan bir eser daha ortaya \u00e7\u0131kacak. \u015eu andaki planlamalara g\u00f6re, temmuz, a\u011fustos aylar\u0131 i\u00e7erisinde Cumhurba\u015fkanl\u0131\u011f\u0131 K\u00fct\u00fcphanesinin in\u015faat\u0131 bitirilip, in\u015fallah a\u00e7\u0131l\u0131\u015f\u0131n\u0131 Say\u0131n Cumhurba\u015fkan\u0131m\u0131z yapacaklar.&#8221; dedi.<\/p>\n<p>&#8220;Yepyeni bir kitap ve k\u00fct\u00fcphanecilik anlay\u0131\u015f\u0131 ortaya \u00e7\u0131kacak&#8221;<\/p>\n<p>Kal\u0131n, devlet g\u00f6revi i\u00e7erisinde yapt\u0131\u011f\u0131 i\u015flerde en fazla heyecan duydu\u011fu, b\u00fcy\u00fck keyif ve heyecanla takip etti\u011fi konulardan birinin, Cumhurba\u015fkan\u0131 Erdo\u011fan&#8217;\u0131n b\u00fcy\u00fck bir hedef olarak ortaya koydu\u011fu Cumhurba\u015fkanl\u0131\u011f\u0131 K\u00fct\u00fcphanesi oldu\u011funu ifade etti.<\/p>\n<p>Cumhurba\u015fkanl\u0131\u011f\u0131 S\u00f6zc\u00fcs\u00fc Kal\u0131n, k\u00fct\u00fcphaneye ili\u015fkin \u015fu bilgileri verdi:<\/p>\n<p>&#8220;24 saat a\u00e7\u0131k, her ya\u015fa hitap eden, yepyeni bir k\u00fct\u00fcphane konsepti geli\u015ftirildi burada. \u00c7ocuklar\u0131m\u0131z i\u00e7in ayr\u0131 b\u00f6l\u00fcmler var. Ana k\u00fct\u00fcphanenin i\u00e7inde, \u00e7ocuklar dolanm\u0131yor ortal\u0131kta. Kendi ayr\u0131 yerleri var. Masalar\u0131, sandalyeleri, hal\u0131lar\u0131 farkl\u0131. Yerlerde yuvarlanarak kitap okuyacaklar orada. Onlara g\u00f6re renkli renkli mekanlar\u0131 var. Ara\u015ft\u0131rmac\u0131lar i\u00e7in ayr\u0131 mekanlar\u0131m\u0131z var. Nadir eserler b\u00f6l\u00fcm\u00fcm\u00fcz var. Ana okuma salonumuz var. \u00c7ok ciddi bir koleksiyon da \u015fu anda \u015fekillenmeye ba\u015flad\u0131. Bug\u00fcn itibar\u0131yla temmuz ay\u0131nda raflara koyaca\u011f\u0131m\u0131z kitap say\u0131s\u0131 1,5 milyonu ge\u00e7ti. Bu koleksiyonun i\u00e7inde derleme k\u00fct\u00fcphanesi stat\u00fcs\u00fcne sahip olan k\u00fct\u00fcphanelerden ald\u0131\u011f\u0131m\u0131z eserlerin yan\u0131nda birtak\u0131m \u00e7ok \u00f6nemli koleksiyonlar da var.<\/p>\n<p>\u015eevket Engin, koleksiyonunu k\u00fct\u00fcphanemize ba\u011f\u0131\u015flad\u0131. Rahmetli \u015eefik Can&#8217;\u0131n k\u00fct\u00fcphanesi, Cumhurba\u015fkanl\u0131\u011f\u0131 K\u00fct\u00fcphensi&#8217;ne dahil edildi. Enderun Kitabevi&#8217;nin, rahmetli \u0130smail Bey&#8217;in kitaplar\u0131 koleksiyona dahil edildi. En son da \u0130lber Ortayl\u0131 hocan\u0131n k\u00fct\u00fcphanesi, koleksiyona dahil edildi. Daha yenileri de geliyor. \u0130n\u015fallah nasip olursa Cemil Meri\u00e7&#8217;in, rahmetli Hasan Celal G\u00fczel Bey&#8217;in k\u00fct\u00fcphanesini bu koleksiyona dahil edece\u011fiz. Cinu\u00e7en Tanr\u0131korur da, rahmetliyi bu vesileyle anmak isterim. Sa\u011f olsun Bahri H\u00fcda Han\u0131m vefakar ve emektar e\u015fi de onun koleksiyonunu k\u00fct\u00fcphaneye ba\u011f\u0131\u015flad\u0131lar. \u015eimdi onunla ilgili de \u00e7ok g\u00fczel bir mekan yap\u0131yoruz. Onun konsepti biraz farkl\u0131 malum kitaptan \u00e7ok m\u00fczik ar\u015fivi a\u011f\u0131rl\u0131kl\u0131 bir koleksiyon ama k\u00fct\u00fcphaneye \u00e7ok yak\u0131\u015facak.&#8221;<\/p>\n<p>Bu k\u00fct\u00fcphaneyle birlikte T\u00fcrkiye&#8217;deki di\u011fer \u00fcniversite ve halk k\u00fct\u00fcphaneleri ile millet k\u0131raathaneleri ve \u00f6zel k\u00fct\u00fcphanelerin paradigmas\u0131n\u0131n, i\u015f yapma tarz\u0131n\u0131n de\u011fi\u015fece\u011fini ifade eden Kal\u0131n, her alanda yepyeni bir kitap ve k\u00fct\u00fcphanecilik anlay\u0131\u015f\u0131n\u0131n ortaya \u00e7\u0131kaca\u011f\u0131n\u0131 s\u00f6yledi.<\/p>\n<p><strong>\u00dcniversiteye ba\u015flayacak gen\u00e7lere k\u00fct\u00fcphanecilik b\u00f6l\u00fcmlerini ihmal etmemeleri tavsiyesinde bulunan Kal\u0131n, bir d\u00f6nem i\u015f olmad\u0131\u011f\u0131ndan k\u00fct\u00fcphaneci yeti\u015fmedi\u011fini, fakat bu anlay\u0131\u015f\u0131n de\u011fi\u015fti\u011fini ve yeni yeti\u015fen gen\u00e7 k\u00fct\u00fcphanecilerin buralarda istihdam imk\u00e2n\u0131 bulacaklar\u0131n\u0131 kaydetti.<\/strong><\/p>\n<p>Cumhurba\u015fkanl\u0131\u011f\u0131 S\u00f6zc\u00fcs\u00fc Kal\u0131n, &#8220;D\u00fcnya k\u00fct\u00fcphanelerinden hi\u00e7bir eksi\u011fi olmayan Cumhurba\u015fkanl\u0131\u011f\u0131 K\u00fct\u00fcphanesi ve Anadolu sath\u0131na yay\u0131lm\u0131\u015f olan di\u011fer b\u00fct\u00fcn millet k\u0131raathaneleri ve k\u00fct\u00fcphaneleriyle T\u00fcrkiye, bu b\u00fcy\u00fck okuma y\u00fcr\u00fcy\u00fc\u015f\u00fcn\u00fc, devrimini in\u015fallah tamamlayacak. Gelenekte hen\u00fcz s\u00f6ylenmemi\u015f olan\u0131 bulup \u00e7\u0131kartarak, yeni ufuklara ve hedeflere do\u011fru ilerlememizi sa\u011flayacak.&#8221; diye konu\u015ftu.<\/p>\n","protected":false},"excerpt":{"rendered":"<p>Cumhurba\u015fkanl\u0131\u011f\u0131 S\u00f6zc\u00fcs\u00fc \u0130brahim Kal\u0131n, Cumhurba\u015fkanl\u0131\u011f\u0131 K\u00fct\u00fcphanesine ili\u015fkin, &#8220;Cumhurba\u015fkan\u0131m\u0131z bunun hedefini 5 milyon kitap olarak koydu.<\/p>\n","protected":false},"author":1,"featured_media":23441,"comment_status":"open","ping_status":"open","sticky":false,"template":"","format":"standard","meta":{"footnotes":""},"categories":[1206,1554],"tags":[1436,1365],"class_list":["post-26051","post","type-post","status-publish","format-standard","has-post-thumbnail","hentry","category-cumhurbaskanligi-kutuphanesi","category-cumhurbaskanligi-kutuphanesi-2","tag-kutuphaneler","tag-millet-kutuphanesi"],"_links":{"self":[{"href":"https:\/\/www.bbyhaber.com\/bby\/wp-json\/wp\/v2\/posts\/26051"}],"collection":[{"href":"https:\/\/www.bbyhaber.com\/bby\/wp-json\/wp\/v2\/posts"}],"about":[{"href":"https:\/\/www.bbyhaber.com\/bby\/wp-json\/wp\/v2\/types\/post"}],"author":[{"embeddable":true,"href":"https:\/\/www.bbyhaber.com\/bby\/wp-json\/wp\/v2\/users\/1"}],"replies":[{"embeddable":true,"href":"https:\/\/www.bbyhaber.com\/bby\/wp-json\/wp\/v2\/comments?post=26051"}],"version-history":[{"count":4,"href":"https:\/\/www.bbyhaber.com\/bby\/wp-json\/wp\/v2\/posts\/26051\/revisions"}],"predecessor-version":[{"id":26055,"href":"https:\/\/www.bbyhaber.com\/bby\/wp-json\/wp\/v2\/posts\/26051\/revisions\/26055"}],"wp:featuredmedia":[{"embeddable":true,"href":"https:\/\/www.bbyhaber.com\/bby\/wp-json\/wp\/v2\/media\/23441"}],"wp:attachment":[{"href":"https:\/\/www.bbyhaber.com\/bby\/wp-json\/wp\/v2\/media?parent=26051"}],"wp:term":[{"taxonomy":"category","embeddable":true,"href":"https:\/\/www.bbyhaber.com\/bby\/wp-json\/wp\/v2\/categories?post=26051"},{"taxonomy":"post_tag","embeddable":true,"href":"https:\/\/www.bbyhaber.com\/bby\/wp-json\/wp\/v2\/tags?post=26051"}],"curies":[{"name":"wp","href":"https:\/\/api.w.org\/{rel}","templated":true}]}}