{"id":26038,"date":"2019-02-07T10:51:06","date_gmt":"2019-02-07T07:51:06","guid":{"rendered":"http:\/\/www.bbyhaber.com\/bby\/?p=26038"},"modified":"2019-02-07T10:51:06","modified_gmt":"2019-02-07T07:51:06","slug":"dumlupinar-universitesinin-kutuphane-daire-baskani-degisti","status":"publish","type":"post","link":"https:\/\/www.bbyhaber.com\/bby\/2019\/02\/07\/dumlupinar-universitesinin-kutuphane-daire-baskani-degisti","title":{"rendered":"Dumlup\u0131nar \u00dcniversitesi&#8217;nin k\u00fct\u00fcphane daire ba\u015fkan\u0131 de\u011fi\u015fti"},"content":{"rendered":"<p><a href=\"http:\/\/www.bbyhaber.com\/bby\/wp-content\/uploads\/2019\/02\/kutuphane-ve-dokumantasyon-daire-baskanligi-zengine-emanet.jpg\"><img loading=\"lazy\" decoding=\"async\" class=\"alignleft size-full wp-image-26039\" src=\"http:\/\/www.bbyhaber.com\/bby\/wp-content\/uploads\/2019\/02\/kutuphane-ve-dokumantasyon-daire-baskanligi-zengine-emanet.jpg\" alt=\"\" width=\"390\" height=\"180\" srcset=\"https:\/\/www.bbyhaber.com\/bby\/wp-content\/uploads\/2019\/02\/kutuphane-ve-dokumantasyon-daire-baskanligi-zengine-emanet.jpg 690w, https:\/\/www.bbyhaber.com\/bby\/wp-content\/uploads\/2019\/02\/kutuphane-ve-dokumantasyon-daire-baskanligi-zengine-emanet-300x139.jpg 300w\" sizes=\"(max-width: 390px) 100vw, 390px\" \/><\/a>DP\u00dc K\u00fct\u00fcphane ve D\u00f6k\u00fcmantasyon Daire Ba\u015fkanl\u0131\u011f\u0131na atanan Murat Zengin, g\u00f6revi Do\u00e7. Dr. Ahmet T\u00fcrkan\u2019dan devrald\u0131. Rekt\u00f6rl\u00fck makam\u0131nda ger\u00e7ekle\u015fen devir teslim t\u00f6reninde K\u00fctahya Dumlup\u0131nar \u00dcniversitesi K\u00fct\u00fcphane ve D\u00f6k\u00fcmantasyon Daire Ba\u015fkan\u0131 Vekili Do\u00e7. Dr. Ahmet T\u00fcrkan, g\u00f6revini Murat Zengin\u2019e devretti.<\/p>\n<p><a href=\"http:\/\/haber.dpu.edu.tr\" target=\"_blank\" rel=\"noopener\">Kaynak<\/a><\/p>\n","protected":false},"excerpt":{"rendered":"<p>DP\u00dc K\u00fct\u00fcphane ve D\u00f6k\u00fcmantasyon Daire Ba\u015fkanl\u0131\u011f\u0131na atanan Murat Zengin, g\u00f6revi Do\u00e7. Dr. Ahmet T\u00fcrkan\u2019dan devrald\u0131. Rekt\u00f6rl\u00fck makam\u0131nda ger\u00e7ekle\u015fen devir teslim t\u00f6reninde K\u00fctahya Dumlup\u0131nar \u00dcniversitesi K\u00fct\u00fcphane ve D\u00f6k\u00fcmantasyon Daire Ba\u015fkan\u0131 Vekili Do\u00e7. Dr. Ahmet T\u00fcrkan, g\u00f6revini Murat Zengin\u2019e devretti. Kaynak<\/p>\n","protected":false},"author":1,"featured_media":26039,"comment_status":"open","ping_status":"open","sticky":false,"template":"","format":"standard","meta":{"footnotes":""},"categories":[1],"tags":[1437],"class_list":["post-26038","post","type-post","status-publish","format-standard","has-post-thumbnail","hentry","category-genel","tag-univ-arastirma-kutuphaneleri"],"_links":{"self":[{"href":"https:\/\/www.bbyhaber.com\/bby\/wp-json\/wp\/v2\/posts\/26038"}],"collection":[{"href":"https:\/\/www.bbyhaber.com\/bby\/wp-json\/wp\/v2\/posts"}],"about":[{"href":"https:\/\/www.bbyhaber.com\/bby\/wp-json\/wp\/v2\/types\/post"}],"author":[{"embeddable":true,"href":"https:\/\/www.bbyhaber.com\/bby\/wp-json\/wp\/v2\/users\/1"}],"replies":[{"embeddable":true,"href":"https:\/\/www.bbyhaber.com\/bby\/wp-json\/wp\/v2\/comments?post=26038"}],"version-history":[{"count":1,"href":"https:\/\/www.bbyhaber.com\/bby\/wp-json\/wp\/v2\/posts\/26038\/revisions"}],"predecessor-version":[{"id":26040,"href":"https:\/\/www.bbyhaber.com\/bby\/wp-json\/wp\/v2\/posts\/26038\/revisions\/26040"}],"wp:featuredmedia":[{"embeddable":true,"href":"https:\/\/www.bbyhaber.com\/bby\/wp-json\/wp\/v2\/media\/26039"}],"wp:attachment":[{"href":"https:\/\/www.bbyhaber.com\/bby\/wp-json\/wp\/v2\/media?parent=26038"}],"wp:term":[{"taxonomy":"category","embeddable":true,"href":"https:\/\/www.bbyhaber.com\/bby\/wp-json\/wp\/v2\/categories?post=26038"},{"taxonomy":"post_tag","embeddable":true,"href":"https:\/\/www.bbyhaber.com\/bby\/wp-json\/wp\/v2\/tags?post=26038"}],"curies":[{"name":"wp","href":"https:\/\/api.w.org\/{rel}","templated":true}]}}