{"id":26009,"date":"2019-01-29T13:15:55","date_gmt":"2019-01-29T10:15:55","guid":{"rendered":"http:\/\/www.bbyhaber.com\/bby\/?p=26009"},"modified":"2019-03-08T11:12:04","modified_gmt":"2019-03-08T08:12:04","slug":"sisecam-turkiye-sise-ve-cam-fabrikalari-a-s-kutuphaneci-is-ilani","status":"publish","type":"post","link":"https:\/\/www.bbyhaber.com\/bby\/2019\/01\/29\/sisecam-turkiye-sise-ve-cam-fabrikalari-a-s-kutuphaneci-is-ilani","title":{"rendered":"\u015ei\u015fecam (T\u00fcrkiye \u015ei\u015fe ve Cam Fabrikalar\u0131 A.\u015e) K\u00fct\u00fcphaneci \u0130\u015f \u0130lan\u0131"},"content":{"rendered":"<p><img loading=\"lazy\" decoding=\"async\" class=\"alignleft size-full wp-image-26010\" src=\"http:\/\/www.bbyhaber.com\/bby\/wp-content\/uploads\/2019\/01\/\u015fi\u015fecam.png\" alt=\"\" width=\"225\" height=\"225\" srcset=\"https:\/\/www.bbyhaber.com\/bby\/wp-content\/uploads\/2019\/01\/\u015fi\u015fecam.png 225w, https:\/\/www.bbyhaber.com\/bby\/wp-content\/uploads\/2019\/01\/\u015fi\u015fecam-150x150.png 150w\" sizes=\"(max-width: 225px) 100vw, 225px\" \/>T\u00fcrkiye\u2019nin en k\u00f6kl\u00fc kurulu\u015flar\u0131 aras\u0131nda yer alan \u015ei\u015fecam Toplulu\u011fu d\u00fczcam, cam ev e\u015fyas\u0131, cam ambalaj ve cam elyaf\u0131 gibi cam\u0131n t\u00fcm temel alanlar\u0131 ile soda ve krom bile\u015fiklerini kapsayan i\u015f kollar\u0131nda global bir oyuncudur. \u201cD\u00fczcam\u201d, \u201cCam Ev E\u015fyas\u0131\u201d, \u201cCam Ambalaj\u201d ve \u201cKimyasallar\u201d olmak \u00fczere d\u00f6rt ana i\u015f grubunda faaliyet g\u00f6steren Topluluk, T\u00fcrkiye \u2019nin yan\u0131 s\u0131ra Almanya, \u0130talya, Bulgaristan, Romanya, Slovakya, Macaristan, Bosna Hersek, Rusya Federasyonu, G\u00fcrcistan, Ukrayna, M\u0131s\u0131r ve Hindistan \u2019da \u00fcretim yapmaktad\u0131r.<!--more--> \u015ei\u015fecam, 82 y\u0131ll\u0131k deneyimi, 20 bin \u00e7al\u0131\u015fan\u0131, 13 \u00fclkeye yay\u0131lm\u0131\u015f \u00fcretim faaliyetleri ve 150 \u00fclkeye ula\u015fan sat\u0131\u015flar\u0131yla uluslararas\u0131 \u00f6l\u00e7ekte bir Topluluk olarak, 2020 vizyonu do\u011frultusunda d\u00fcnyan\u0131n en b\u00fcy\u00fck \u00fc\u00e7 \u00fcreticisinden biri olma hedefiyle yoluna devam etmektedir.<\/p>\n<p>\u015ei\u015fecam Toplulu\u011fu\u2019nun \u0130stanbul-Tuzla\u2019da yer alan Genel Merkezi b\u00fcnyesindeki Belge Y\u00f6netimi Y\u00f6neticili\u011fi\u2019nde g\u00f6revlendirilmek \u00fczere;<\/p>\n<ul>\n<li>\u00a0\u00dcniversitelerin Bilgi ve Belge Y\u00f6netimi, Enformasyon Teknolojileri ve K\u00fct\u00fcphanecilik fak\u00fcltelerinden mezun,<\/li>\n<li>\u00a0Benzer pozisyonda tercihen 2 y\u0131l deneyimli,<\/li>\n<li>\u00a0\u0130yi d\u00fczeyde \u0130ngilizce bilgisi bulunan,<\/li>\n<li>\u00a0Microsoft Office programlar\u0131n\u0131 iyi derecede kullanabilen, Excel bilgisi kuvvetli,<\/li>\n<li>\u00a0Erkek adaylar i\u00e7in askerlik hizmetini tamamlam\u0131\u015f,<\/li>\n<li>\u00a0\u0130stanbul&#8217;da ikamet eden \/ edebilecek,<\/li>\n<\/ul>\n<p>K\u00fct\u00fcphaneci aranmaktad\u0131r.<\/p>\n<p>K\u00fct\u00fcphaneci, K\u00fct\u00fcphane -dok\u00fcmantasyon hizmetleri, Topluluk belge talepleri, dijital ve fiziksel ar\u015fiv, yay\u0131n ve sempozyum \u00e7al\u0131\u015fmalar\u0131na (Organizasyon ve web sayfas\u0131 i\u00e7erik y\u00f6netimi) y\u00f6nelik faaliyetlerinin yerine getirilmesi gibi sorumluluklar \u00fcstlenecektir.<\/p>\n<p style=\"text-align: center;\">[button color=&#8221;orange&#8221; size=&#8221;medium&#8221; link=&#8221;https:\/\/www.kariyer.net\/is-ilani\/turkiye-sise-ve-cam-fabrikalari-a-s-kutuphaneci-2232139&#8243; icon=&#8221;job&#8221; target=&#8221;true&#8221;]<strong>Ba\u015fvuru \u0130\u00e7in T\u0131klay\u0131n\u0131z<\/strong>[\/button]<\/p>\n","protected":false},"excerpt":{"rendered":"<p>T\u00fcrkiye\u2019nin en k\u00f6kl\u00fc kurulu\u015flar\u0131 aras\u0131nda yer alan \u015ei\u015fecam Toplulu\u011fu d\u00fczcam, cam ev e\u015fyas\u0131, cam ambalaj ve cam elyaf\u0131 gibi cam\u0131n t\u00fcm temel alanlar\u0131 ile soda ve krom bile\u015fiklerini kapsayan i\u015f kollar\u0131nda global bir oyuncudur. \u201cD\u00fczcam\u201d, \u201cCam Ev E\u015fyas\u0131\u201d, \u201cCam Ambalaj\u201d ve \u201cKimyasallar\u201d olmak \u00fczere d\u00f6rt ana i\u015f grubunda faaliyet g\u00f6steren Topluluk, T\u00fcrkiye \u2019nin yan\u0131 s\u0131ra [&hellip;]<\/p>\n","protected":false},"author":129,"featured_media":26010,"comment_status":"open","ping_status":"open","sticky":false,"template":"","format":"standard","meta":{"footnotes":""},"categories":[],"tags":[1393],"class_list":["post-26009","post","type-post","status-publish","format-standard","has-post-thumbnail","hentry","tag-bby-is-ilanlari-arsivi"],"_links":{"self":[{"href":"https:\/\/www.bbyhaber.com\/bby\/wp-json\/wp\/v2\/posts\/26009"}],"collection":[{"href":"https:\/\/www.bbyhaber.com\/bby\/wp-json\/wp\/v2\/posts"}],"about":[{"href":"https:\/\/www.bbyhaber.com\/bby\/wp-json\/wp\/v2\/types\/post"}],"author":[{"embeddable":true,"href":"https:\/\/www.bbyhaber.com\/bby\/wp-json\/wp\/v2\/users\/129"}],"replies":[{"embeddable":true,"href":"https:\/\/www.bbyhaber.com\/bby\/wp-json\/wp\/v2\/comments?post=26009"}],"version-history":[{"count":4,"href":"https:\/\/www.bbyhaber.com\/bby\/wp-json\/wp\/v2\/posts\/26009\/revisions"}],"predecessor-version":[{"id":26034,"href":"https:\/\/www.bbyhaber.com\/bby\/wp-json\/wp\/v2\/posts\/26009\/revisions\/26034"}],"wp:featuredmedia":[{"embeddable":true,"href":"https:\/\/www.bbyhaber.com\/bby\/wp-json\/wp\/v2\/media\/26010"}],"wp:attachment":[{"href":"https:\/\/www.bbyhaber.com\/bby\/wp-json\/wp\/v2\/media?parent=26009"}],"wp:term":[{"taxonomy":"category","embeddable":true,"href":"https:\/\/www.bbyhaber.com\/bby\/wp-json\/wp\/v2\/categories?post=26009"},{"taxonomy":"post_tag","embeddable":true,"href":"https:\/\/www.bbyhaber.com\/bby\/wp-json\/wp\/v2\/tags?post=26009"}],"curies":[{"name":"wp","href":"https:\/\/api.w.org\/{rel}","templated":true}]}}