{"id":26006,"date":"2019-01-28T13:16:00","date_gmt":"2019-01-28T10:16:00","guid":{"rendered":"http:\/\/www.bbyhaber.com\/bby\/?p=26006"},"modified":"2019-06-26T10:22:06","modified_gmt":"2019-06-26T07:22:06","slug":"2-uluslararasi-cocuk-kutuphaneleri-sempozyumu-istanbul","status":"publish","type":"post","link":"https:\/\/www.bbyhaber.com\/bby\/2019\/01\/28\/2-uluslararasi-cocuk-kutuphaneleri-sempozyumu-istanbul","title":{"rendered":"2. Uluslararas\u0131 \u00c7ocuk K\u00fct\u00fcphaneleri Sempozyumu \/ \u0130stanbul"},"content":{"rendered":"<p><img loading=\"lazy\" decoding=\"async\" class=\"alignleft size-full wp-image-26007\" src=\"http:\/\/www.bbyhaber.com\/bby\/wp-content\/uploads\/2019\/01\/cropped-LOGO-1.png\" alt=\"\" width=\"200\" height=\"200\" srcset=\"https:\/\/www.bbyhaber.com\/bby\/wp-content\/uploads\/2019\/01\/cropped-LOGO-1.png 200w, https:\/\/www.bbyhaber.com\/bby\/wp-content\/uploads\/2019\/01\/cropped-LOGO-1-150x150.png 150w\" sizes=\"(max-width: 200px) 100vw, 200px\" \/>\u00dclkemizdeki \u00e7ocuk k\u00fct\u00fcphaneleri ve k\u00fct\u00fcphanecili\u011fi konusunda hem\u00a0 fark\u0131ndal\u0131k yaratmak hem de bu konudaki iyile\u015ftirmeleri akademi ile\u00a0uygulamay\u0131 bulu\u015fturarak desteklemek amac\u0131yla Uluslararas\u0131\u00a0 \u00c7ocuk K\u00fct\u00fcphaneleri Sempozyumu\u2019nun bu y\u0131l ikincisini ger\u00e7ekle\u015ftiriliyor.<!--more--><\/p>\n<p>16- 19 Ekim 2019 tarihleri aras\u0131nda, Marmara \u00dcniversitesi Bilgi ve Belge\u00a0Y\u00f6netimi B\u00f6l\u00fcm\u00fc, K\u00fclt\u00fcr ve Turizm Bakanl\u0131\u011f\u0131 K\u00fct\u00fcphaneler ve Yay\u0131mlar\u00a0Genel M\u00fcd\u00fcrl\u00fc\u011f\u00fc ve \u0130stanbul B\u00fcy\u00fck\u015fehir Belediyesi K\u00fct\u00fcphane ve M\u00fczeler\u00a0M\u00fcd\u00fcrl\u00fc\u011f\u00fc i\u015fbirli\u011finde ve Marmara \u00dcniversitesi&#8217;nin ev sahipli\u011finde\u00a0 ger\u00e7ekle\u015ftirilecek 2. Uluslararas\u0131 \u00c7ocuk K\u00fct\u00fcphaneleri Sempozyumu&#8217;nun\u00a0bu seneki temas\u0131 \u201c\u00c7ocuk K\u00fct\u00fcphanelerinde Okul \u00d6ncesi D\u00f6nem\u201d.<\/p>\n<p>Sempozyuma ait detayl\u0131 bilgileri sempozyum web sayfas\u0131ndan ve sosyal\u00a0medya hesaplar\u0131ndan takip edebilirsiniz..<\/p>\n<p><a href=\"http:\/\/www.cocukkutuphaneleri.org\/\" target=\"_blank\" rel=\"noopener noreferrer\" data-saferedirecturl=\"https:\/\/www.google.com\/url?q=http:\/\/www.cocukkutuphaneleri.org&amp;source=gmail&amp;ust=1548752549336000&amp;usg=AFQjCNG3zAk7cJUjpOktWfw2G0jYnyhNHg\">http:\/\/www.cocukkutuphaneleri.<wbr \/>org<\/a><\/p>\n<p><a href=\"https:\/\/www.facebook.com\/uluslararasi.cocuk.kutuphaneleri.sempozyum2019\/\" target=\"_blank\" rel=\"noopener noreferrer\" data-saferedirecturl=\"https:\/\/www.google.com\/url?q=https:\/\/www.facebook.com\/uluslararasi.cocuk.kutuphaneleri.sempozyum2019\/&amp;source=gmail&amp;ust=1548752549336000&amp;usg=AFQjCNHoAoB7TTbuvnomX0Re8Tc-KWLVww\">https:\/\/www.facebook.com\/ulusl<wbr \/>ararasi.cocuk.kutuphaneleri.<wbr \/>sempozyum2019\/<\/a><\/p>\n<p><a href=\"https:\/\/www.instagram.com\/childrenslibraries\/\" target=\"_blank\" rel=\"noopener noreferrer\" data-saferedirecturl=\"https:\/\/www.google.com\/url?q=https:\/\/www.instagram.com\/childrenslibraries\/&amp;source=gmail&amp;ust=1548752549336000&amp;usg=AFQjCNFrXynbCEJb7r9Ri9LOQ5vB3GR2Pg\">https:\/\/www.instagram.com\/chil<wbr \/>drenslibraries\/<\/a><\/p>\n<p><a href=\"https:\/\/twitter.com\/Childlibraries\" target=\"_blank\" rel=\"noopener noreferrer\" data-saferedirecturl=\"https:\/\/www.google.com\/url?q=https:\/\/twitter.com\/Childlibraries&amp;source=gmail&amp;ust=1548752549336000&amp;usg=AFQjCNHYXEHejQ0bT1iz3OmBzNO6b8Jvng\">https:\/\/twitter.com\/Childlibra<wbr \/>ries<\/a><\/p>\n<p>#cocukkutuphanelerisempozyumu<\/p>\n<p>#icls2019<\/p>\n","protected":false},"excerpt":{"rendered":"<p>\u00dclkemizdeki \u00e7ocuk k\u00fct\u00fcphaneleri ve k\u00fct\u00fcphanecili\u011fi konusunda hem\u00a0 fark\u0131ndal\u0131k yaratmak hem de bu konudaki iyile\u015ftirmeleri akademi ile\u00a0uygulamay\u0131 bulu\u015fturarak desteklemek amac\u0131yla Uluslararas\u0131\u00a0 \u00c7ocuk K\u00fct\u00fcphaneleri Sempozyumu\u2019nun bu y\u0131l ikincisini ger\u00e7ekle\u015ftiriliyor.<\/p>\n","protected":false},"author":129,"featured_media":26007,"comment_status":"open","ping_status":"open","sticky":false,"template":"","format":"standard","meta":{"footnotes":""},"categories":[1],"tags":[1439],"class_list":["post-26006","post","type-post","status-publish","format-standard","has-post-thumbnail","hentry","category-genel","tag-cocuk-kutuphaneleri"],"_links":{"self":[{"href":"https:\/\/www.bbyhaber.com\/bby\/wp-json\/wp\/v2\/posts\/26006"}],"collection":[{"href":"https:\/\/www.bbyhaber.com\/bby\/wp-json\/wp\/v2\/posts"}],"about":[{"href":"https:\/\/www.bbyhaber.com\/bby\/wp-json\/wp\/v2\/types\/post"}],"author":[{"embeddable":true,"href":"https:\/\/www.bbyhaber.com\/bby\/wp-json\/wp\/v2\/users\/129"}],"replies":[{"embeddable":true,"href":"https:\/\/www.bbyhaber.com\/bby\/wp-json\/wp\/v2\/comments?post=26006"}],"version-history":[{"count":2,"href":"https:\/\/www.bbyhaber.com\/bby\/wp-json\/wp\/v2\/posts\/26006\/revisions"}],"predecessor-version":[{"id":26806,"href":"https:\/\/www.bbyhaber.com\/bby\/wp-json\/wp\/v2\/posts\/26006\/revisions\/26806"}],"wp:featuredmedia":[{"embeddable":true,"href":"https:\/\/www.bbyhaber.com\/bby\/wp-json\/wp\/v2\/media\/26007"}],"wp:attachment":[{"href":"https:\/\/www.bbyhaber.com\/bby\/wp-json\/wp\/v2\/media?parent=26006"}],"wp:term":[{"taxonomy":"category","embeddable":true,"href":"https:\/\/www.bbyhaber.com\/bby\/wp-json\/wp\/v2\/categories?post=26006"},{"taxonomy":"post_tag","embeddable":true,"href":"https:\/\/www.bbyhaber.com\/bby\/wp-json\/wp\/v2\/tags?post=26006"}],"curies":[{"name":"wp","href":"https:\/\/api.w.org\/{rel}","templated":true}]}}