{"id":2599,"date":"2012-02-14T16:37:24","date_gmt":"2012-02-14T16:37:24","guid":{"rendered":"http:\/\/www.bbyhaber.com\/bby\/?p=2599"},"modified":"2012-05-15T11:12:45","modified_gmt":"2012-05-15T11:12:45","slug":"turkmen-derneginden-koy-okuluna-kutuphane-sanliurfa","status":"publish","type":"post","link":"https:\/\/www.bbyhaber.com\/bby\/2012\/02\/14\/turkmen-derneginden-koy-okuluna-kutuphane-sanliurfa","title":{"rendered":"T\u00fcrkmen Derne\u011fi&#8217;nden K\u00f6y Okuluna K\u00fct\u00fcphane-\u015eanl\u0131urfa"},"content":{"rendered":"<p style=\"text-align: justify;\">\u015eanl\u0131urfa&#8217;n\u0131n Siverek \u0130l\u00e7esi&#8217;nde, Karacada\u011f T\u00fcrkmen Derne\u011fi \u00fcyeleri \u00c7\u0131\u011fr\u0131k K\u00f6y\u00fc&#8217;nde bulunan Rauf Mumcu \u0130lk\u00f6\u011fretim Okulu&#8217;na 1500 kitap bulunan k\u00fct\u00fcphane kurdu. Merkezi \u015eanl\u0131urfa&#8217;da bulunan; k\u00fclt\u00fcrel ve sosyal ya\u015fama katk\u0131 sunmak amac\u0131yla \u00e7al\u0131\u015fmalar y\u00fcr\u00fctenKaracada\u011f T\u00fcrkmen Derne\u011fi,Siverek&#8217;in \u00c7\u0131\u011fr\u0131k K\u00f6y\u00fc Rauf Mumcu \u0130lk\u00f6\u011fretim okuluna yapt\u0131rd\u0131\u011f\u0131 modern k\u00fct\u00fcphane d\u00fczenlenen t\u00f6renle a\u00e7\u0131ld\u0131.<!--more--><\/p>\n<p style=\"text-align: justify;\">K\u00f6y okulunda d\u00fczenlenen t\u00f6rene Siverek \u0130l\u00e7e Milli E\u011fitim M\u00fcd\u00fcr\u00fc Mehmet L\u00fctf\u00fc Balk\u0131r, dernek \u00fcyeleri ve k\u00f6y sakinleri kat\u0131ld\u0131. T\u00f6rende konu\u015fan Karacada\u011f T\u00fcrkmen Derne\u011fi Ba\u015fkan\u0131 Nusret Kaya, ama\u00e7lar\u0131n\u0131n b\u00f6lgedeki okullar\u0131n k\u00fct\u00fcphane ihtiyac\u0131n\u0131 kar\u015f\u0131lamak oldu\u011funu belirtti. Kaya, &#8220;\u00c7ocuklar\u0131m\u0131z\u0131n e\u011fitim seviyesinin y\u00fckseltilmesi ve okuma al\u0131\u015fkanl\u0131\u011f\u0131n\u0131 kazanmalar\u0131 i\u00e7in 1300 \u00f6\u011frencisi bulunan ayn\u0131 zamanda ta\u015f\u0131mal\u0131 e\u011fitim merkezi konumundaki okulumuza bir k\u00fct\u00fcphane kurduk. K\u00fct\u00fcphanenin 1500 kitab\u0131, masalar\u0131 ve di\u011fer gere\u00e7leri derne\u011fimiz b\u00fct\u00e7esinden kar\u015f\u0131land\u0131. \u00d6n\u00fcm\u00fczdeki g\u00fcnlerde il\u00e7emizde ihtiya\u00e7 duyan k\u00f6y okullar\u0131n\u0131n k\u00fct\u00fcphane eksi\u011fini gidermek i\u00e7in \u00e7al\u0131\u015fmalar\u0131m\u0131z s\u00fcrecek&#8221; dedi. \u0130l\u00e7e Milli E\u011fitim M\u00fcd\u00fcr\u00fc Mehmet L\u00fctf\u00fc Balk\u0131r da katk\u0131lar\u0131ndan dolay\u0131 dernek y\u00f6neticilerine te\u015fekk\u00fcr etti.<\/p>\n<p style=\"text-align: justify;\">Kaynak: http:\/\/www.urfahaber.net\/<\/p>\n","protected":false},"excerpt":{"rendered":"<p>\u015eanl\u0131urfa&#8217;n\u0131n Siverek \u0130l\u00e7esi&#8217;nde, Karacada\u011f T\u00fcrkmen Derne\u011fi \u00fcyeleri \u00c7\u0131\u011fr\u0131k K\u00f6y\u00fc&#8217;nde bulunan Rauf Mumcu \u0130lk\u00f6\u011fretim Okulu&#8217;na 1500 kitap bulunan k\u00fct\u00fcphane kurdu. Merkezi \u015eanl\u0131urfa&#8217;da bulunan; k\u00fclt\u00fcrel ve sosyal ya\u015fama katk\u0131 sunmak amac\u0131yla \u00e7al\u0131\u015fmalar y\u00fcr\u00fctenKaracada\u011f T\u00fcrkmen Derne\u011fi,Siverek&#8217;in \u00c7\u0131\u011fr\u0131k K\u00f6y\u00fc Rauf Mumcu \u0130lk\u00f6\u011fretim okuluna yapt\u0131rd\u0131\u011f\u0131 modern k\u00fct\u00fcphane d\u00fczenlenen t\u00f6renle a\u00e7\u0131ld\u0131.<\/p>\n","protected":false},"author":1,"featured_media":0,"comment_status":"open","ping_status":"open","sticky":false,"template":"","format":"standard","meta":{"footnotes":""},"categories":[1,1498],"tags":[],"class_list":["post-2599","post","type-post","status-publish","format-standard","hentry","category-genel","category-koy-kutuphaneleri"],"_links":{"self":[{"href":"https:\/\/www.bbyhaber.com\/bby\/wp-json\/wp\/v2\/posts\/2599"}],"collection":[{"href":"https:\/\/www.bbyhaber.com\/bby\/wp-json\/wp\/v2\/posts"}],"about":[{"href":"https:\/\/www.bbyhaber.com\/bby\/wp-json\/wp\/v2\/types\/post"}],"author":[{"embeddable":true,"href":"https:\/\/www.bbyhaber.com\/bby\/wp-json\/wp\/v2\/users\/1"}],"replies":[{"embeddable":true,"href":"https:\/\/www.bbyhaber.com\/bby\/wp-json\/wp\/v2\/comments?post=2599"}],"version-history":[{"count":0,"href":"https:\/\/www.bbyhaber.com\/bby\/wp-json\/wp\/v2\/posts\/2599\/revisions"}],"wp:attachment":[{"href":"https:\/\/www.bbyhaber.com\/bby\/wp-json\/wp\/v2\/media?parent=2599"}],"wp:term":[{"taxonomy":"category","embeddable":true,"href":"https:\/\/www.bbyhaber.com\/bby\/wp-json\/wp\/v2\/categories?post=2599"},{"taxonomy":"post_tag","embeddable":true,"href":"https:\/\/www.bbyhaber.com\/bby\/wp-json\/wp\/v2\/tags?post=2599"}],"curies":[{"name":"wp","href":"https:\/\/api.w.org\/{rel}","templated":true}]}}