{"id":25980,"date":"2019-01-25T11:31:23","date_gmt":"2019-01-25T08:31:23","guid":{"rendered":"http:\/\/www.bbyhaber.com\/bby\/?p=25980"},"modified":"2019-01-25T13:37:54","modified_gmt":"2019-01-25T10:37:54","slug":"peksimet-cocuk-kutuphanesinin-kurulus-hikayesi","status":"publish","type":"post","link":"https:\/\/www.bbyhaber.com\/bby\/2019\/01\/25\/peksimet-cocuk-kutuphanesinin-kurulus-hikayesi","title":{"rendered":"Peksimet \u00c7ocuk K\u00fct\u00fcphanesi&#8217;nin kurulu\u015f hikayesi"},"content":{"rendered":"<p>Bir varm\u0131\u015f, bir yokmu\u015f.\u00a0<strong>Bodrum<\/strong>\u00a0denen,\u00a0uzaktan bakanlar\u0131n sadece\u00a0tatil k\u00f6ylerini se\u00e7ebildi\u011fi bir yar\u0131madada;<em>\u00a0<\/em><strong>G\u00fcm\u00fc\u015fl\u00fck<\/strong>\u00a0denen sihirli sahile gelmeden hemen \u00f6nce, ger\u00e7ek bir k\u00f6y varm\u0131\u015f.\u00a0<strong>Peksimet K\u00f6y\u00fc.\u00a0<\/strong><!--more--><\/p>\n<p>Bir\u00e7o\u011funun\u00a0ad\u0131n\u0131 bilmeden yolundan ge\u00e7ip gitti\u011fi bu k\u00f6yde; \u015fehirli ya\u015f\u0131tlar\u0131ndan\u00a0bamba\u015fka bir hayat ya\u015fayan, b\u00fct\u00fcn g\u00fcn bisiklet\u00a0\u00fcst\u00fcnde o yolun bir ucundan \u00f6b\u00fcr ucuna ko\u015fturan \u00e7ocuklar ya\u015farm\u0131\u015f. Minik k\u00f6y her y\u0131l g\u00f6\u00e7 ald\u0131k\u00e7a, bu miniklerin say\u0131s\u0131\u00a0da artarm\u0131\u015f\u2026<\/p>\n<p>Mahallenin bir de bakkal\u0131 varm\u0131\u015f. Masal bu ya, ad\u0131\u00a0<strong>Le Bakkal<\/strong>\u00a0olsun. \u00c7ocuklar\u0131n her okul d\u00f6n\u00fc\u015f\u00fc\u00a0\u015fekerlemelerini ald\u0131klar\u0131; hemen yan\u0131ndaki kabaklara bakt\u0131klar\u0131 e\u011flence duraklar\u0131.<\/p>\n<p>G\u00fcnlerden bir g\u00fcn, yine bisikletle okuldan d\u00f6nerken, bakkal\u0131n yan\u0131ndaki k\u00fc\u00e7\u00fck depoda hummal\u0131 bir \u00e7al\u0131\u015fman\u0131n ba\u015flad\u0131\u011f\u0131n\u0131 fark etmi\u015fler\u2026<\/p>\n<p><a href=\"http:\/\/www.bbyhaber.com\/bby\/wp-content\/uploads\/2019\/01\/peksimet-cocuk-kutuphanesi-kurulus.jpg\"><img loading=\"lazy\" decoding=\"async\" class=\"alignnone wp-image-25981 size-full\" src=\"http:\/\/www.bbyhaber.com\/bby\/wp-content\/uploads\/2019\/01\/peksimet-cocuk-kutuphanesi-kurulus.jpg\" alt=\"\" width=\"390\" height=\"180\" \/><\/a><\/p>\n<p>\u00d6nceleri \u00e7ok oral\u0131 olmam\u0131\u015flar ama, bir ay boyunca oradan her ge\u00e7i\u015flerinde, her g\u00fcn yeni bir \u015fey eklenir olmu\u015f bakkal\u0131n yan\u0131ndaki yere. Biri gelmi\u015f cam\u0131n\u0131 penceresini takm\u0131\u015f,\u00a0biri gelmi\u015f masallara yak\u0131\u015f\u0131r bir kap\u0131 yapm\u0131\u015f, biri o kap\u0131n\u0131n \u00f6n\u00fcne begonviller\u00a0b\u0131rakm\u0131\u015f, biri o \u00e7i\u00e7eklerin durdu\u011fu yeri\u00a0rengarenk boyam\u0131\u015f. Biri elektri\u011fini ba\u011flam\u0131\u015f, \u0131\u015f\u0131klar\u0131 yanm\u0131\u015f\u2026 B\u00f6ylece \u00e7ocuklar gece g\u00fcnd\u00fcz,\u00a0<strong>acaba sonunda ne \u00e7\u0131kacak<\/strong>\u00a0heyecan\u0131yla Le Bakkal\u2019\u0131n \u00f6n\u00fcnde dola\u015fmaya ba\u015flam\u0131\u015f!<\/p>\n<p>Me\u011ferse o heyecan; \u00f6nce b\u00fct\u00fcn k\u00f6y\u00fc, sonra b\u00fct\u00fcn Bodrum\u2019u; gitgide o ad\u0131na \u201c\u015fehir\u201d denen uzak diyarlar\u0131 bile sarm\u0131\u015f! B\u00fcy\u00fcklerin heyecan\u0131 biraz daha ba\u015fkaym\u0131\u015f: \u00dclkenin d\u00f6rt bir yan\u0131ndan bir s\u00fcr\u00fc g\u00fczel kalp,\u00a0<strong>\u201cbug\u00fcn nas\u0131l bir iyilik yapsam?\u201d<\/strong>\u00a0sorusuna, 28 metrekarecik\u00a0bir depoda d\u00fcnyalar kadar b\u00fcy\u00fck bir cevap bulmay\u0131 ba\u015farm\u0131\u015f!\u00a0Me\u011ferse\u00a0herkesin\u00a0\u201cher \u015fey k\u00f6t\u00fcye gidiyor\u201d diye s\u00f6ylendi\u011fi bir d\u00fcnyada, \u201cbir iyilikle fark yaratabilirim\u201d\u00a0diyen bir s\u00fcr\u00fc gizli masal kahraman\u0131\u00a0ya\u015farm\u0131\u015f\u2026<\/p>\n<p>Masal\u0131 yazmaya; \u201cBodrum \u0130l\u00e7e K\u00fct\u00fcphanesi\u201d isimli masmavi manzaral\u0131 kitaptan \u015fatosunda ya\u015fayan, yar\u0131madan\u0131n \u00e7ocuk kitaplar\u0131 yazar\u0131 ba\u015flam\u0131\u015f. \u0130lk c\u00fcmlesi\u00a0<strong>\u201cbir kitapl\u0131k yapsak\u201d<\/strong>\u00a0kadar minikmi\u015f.\u00a0Le Bakkal\u2019\u0131n ona sundu\u011fu minik depoyu g\u00f6r\u00fcnce<strong>\u00a0\u201cburas\u0131 k\u00fct\u00fcphane olacak!\u201d<\/strong>\u00a0demi\u015f.<\/p>\n<p><a href=\"http:\/\/www.bbyhaber.com\/bby\/wp-content\/uploads\/2019\/01\/peksimet-cocuk-kutuphanesi-kurucular.jpg\"><img loading=\"lazy\" decoding=\"async\" class=\"alignnone size-full wp-image-25982\" src=\"http:\/\/www.bbyhaber.com\/bby\/wp-content\/uploads\/2019\/01\/peksimet-cocuk-kutuphanesi-kurucular.jpg\" alt=\"\" width=\"390\" height=\"180\" \/><\/a><\/p>\n<p>K\u00fc\u00e7\u00fcc\u00fck k\u0131v\u0131lc\u0131m onlar bile ne oldu\u011funu anlayamadan\u00a0alevlenmi\u015f. Eski\u015fehir, \u0130stanbul, Ankara, Adana, Trabzon derken k\u00fc\u00e7\u00fck k\u00f6ye\u00a0her g\u00fcn ba\u015fka bir yerden, yeni bir koli\u00a0gelir olmu\u015f. Kolilerin i\u00e7i kitap, oyuncak ve en \u00e7ok da, birbirini hi\u00e7 tan\u0131mayan\u00a0birbirinden g\u00fczel insanlar\u0131n her birinin gelecek ile ilgili umutlar\u0131yla doluymu\u015f.<\/p>\n<p><strong>\u0130mece<\/strong>\u00a0usul\u00fc yap\u0131lan k\u00fct\u00fcphanenin hikayesi kulaktan kula\u011fa dola\u015fmaya devam etmi\u015f. Biri gelmi\u015f kitapl\u0131klar\u0131n\u0131 yapm\u0131\u015f, biri gelmi\u015f raflar\u0131n\u0131 boyam\u0131\u015f. Biri \u00e7ocuklar \u00fc\u015f\u00fcmesin diye \u0131s\u0131t\u0131c\u0131lar alm\u0131\u015f; biri yaz\u0131n a\u00e7\u0131k havada\u00a0okusunlar diye banklar yapm\u0131\u015f, biri banklar\u0131n yan\u0131n\u0131 a\u011fa\u00e7land\u0131rm\u0131\u015f. Pamuk \u015feker makinesi\u00a0de eklenince,\u00a0bu minik k\u00fct\u00fcphanenin kocaman \u015fehirlerdeki kocaman k\u00fct\u00fcphanelerden eksi\u011fi kalmam\u0131\u015f, art\u0131k fazlas\u0131 varm\u0131\u015f!\u00a0Herkes kalbinden\u00a0ge\u00e7en c\u00fcmleyi yazm\u0131\u015f; kolilerin \u00fczerindeki tebrik, te\u015fekk\u00fcr, umut ve iyilik mesajlar\u0131 eklenmi\u015f,\u00a0<strong>bir Peksimet K\u00f6y\u00fc masal\u0131<\/strong>\u00a0yaz\u0131lm\u0131\u015f.<\/p>\n<p>O pazar sabah\u0131, k\u00f6ydeki \u00e7ocuklar bisikletlerinden inip ellerine f\u0131r\u00e7alar\u0131n\u0131 alm\u0131\u015f; yeni d\u00fcnyalar\u0131na kendi renklerini katm\u0131\u015f.\u00a0Bunca seferberli\u011fin kendileri i\u00e7in oldu\u011funu\u00a0anlay\u0131nca, onlar ermi\u015f murad\u0131na.\u00a0<strong>Hikaye daha yeni ba\u015fl\u0131yormu\u015f asl\u0131nda\u2026<\/strong><\/p>\n<p>Bir\u00a0sonraki pazar sabah\u0131, t\u00fcm masal evrenlerinin gelmi\u015f ge\u00e7mi\u015f en k\u00fc\u00e7\u00fck k\u00fct\u00fcphanesinin \u00f6n\u00fcnde, t\u00fcm yar\u0131madan\u0131n\u00a0en uzun masas\u0131 kurulacakm\u0131\u015f. Bisiklet\u00e7i abilerinden futbolcu abilerine, yar\u0131madan\u0131n yazarlar\u0131ndan ressamlar\u0131na herkes orada olup; ke\u015fkek, pilav, ayran ve tabii pamuk \u015feker ile\u00a0<strong>Bodrum Peksimet K\u00f6y\u00fc<\/strong>\u00a0\u00e7ocuklar\u0131na yeni bir d\u00fcnya a\u00e7acakm\u0131\u015f. O masalarda \u00e7ocuklar okumay\u0131 \u00f6\u011frenecek, ders \u00e7al\u0131\u015facak, at\u00f6lyelerde renklerle oynayacak; o kolilerdeki umudu bu masaldan ger\u00e7e\u011fe ta\u015f\u0131yacakm\u0131\u015f.<\/p>\n<p>Bir yokmu\u015f, bir varm\u0131\u015f\u2026\u00a0Birka\u00e7 g\u00fczel kalp\u00a0\u201cbug\u00fcn ne iyilik yapsak?\u201d diye sormu\u015f, hi\u00e7 yoktan \u015fu kadarc\u0131k zamanda ortaya\u00a0<strong>Peksimet \u00c7ocuk K\u00fct\u00fcphanesi<\/strong>\u00a0\u00e7\u0131km\u0131\u015f!<\/p>\n<p><strong><em>K\u00f6y\u00fcn\u00a0Le Bakkal\u2019\u0131\u00a0H\u00fcseyin \u00d6zg\u00fcl\u00a0ve Bodrum \u0130l\u00e7e K\u00fct\u00fcphanesi g\u00f6revlisi yazar\u00a0<a href=\"https:\/\/www.bbyhaber.com\/bby\/tag\/feridun-buyukyildiz\" target=\"_blank\" rel=\"noopener\">Feridun B\u00fcy\u00fcky\u0131ld\u0131z<\/a>\u2018\u0131n ba\u015flatt\u0131\u011f\u0131\u00a0imece ile yap\u0131lan\u00a0Peksimet \u00c7ocuk K\u00fct\u00fcphanesi\u00a04 Aral\u0131k\u00a0<\/em>2016&#8217;da <a href=\"http:\/\/www.bbyhaber.com\/bby\/2016\/12\/05\/cocuk-festivali-gibi-kutuphane-acilisi\" target=\"_blank\" rel=\"noopener\">a\u00e7\u0131lm\u0131\u015ft\u0131r<\/a>.<\/strong><\/p>\n<p><a href=\"http:\/\/www.bbyhaber.com\/bby\/wp-content\/uploads\/2019\/01\/bodrum-peksimet-cocuk-kutuphanesi-05.jpg\"><img loading=\"lazy\" decoding=\"async\" class=\"alignnone  wp-image-25983\" src=\"http:\/\/www.bbyhaber.com\/bby\/wp-content\/uploads\/2019\/01\/bodrum-peksimet-cocuk-kutuphanesi-05.jpg\" alt=\"\" width=\"465\" height=\"349\" srcset=\"https:\/\/www.bbyhaber.com\/bby\/wp-content\/uploads\/2019\/01\/bodrum-peksimet-cocuk-kutuphanesi-05.jpg 1500w, https:\/\/www.bbyhaber.com\/bby\/wp-content\/uploads\/2019\/01\/bodrum-peksimet-cocuk-kutuphanesi-05-300x225.jpg 300w, https:\/\/www.bbyhaber.com\/bby\/wp-content\/uploads\/2019\/01\/bodrum-peksimet-cocuk-kutuphanesi-05-768x576.jpg 768w, https:\/\/www.bbyhaber.com\/bby\/wp-content\/uploads\/2019\/01\/bodrum-peksimet-cocuk-kutuphanesi-05-1024x768.jpg 1024w\" sizes=\"(max-width: 465px) 100vw, 465px\" \/><\/a><\/p>\n<p><a href=\"http:\/\/www.bodrumluculuk.com\" target=\"_blank\" rel=\"noopener\">Kaynak<\/a><\/p>\n","protected":false},"excerpt":{"rendered":"<p>Bir varm\u0131\u015f, bir yokmu\u015f.\u00a0Bodrum\u00a0denen,\u00a0uzaktan bakanlar\u0131n sadece\u00a0tatil k\u00f6ylerini se\u00e7ebildi\u011fi bir yar\u0131madada;\u00a0G\u00fcm\u00fc\u015fl\u00fck\u00a0denen sihirli sahile gelmeden hemen \u00f6nce, ger\u00e7ek bir k\u00f6y varm\u0131\u015f.\u00a0Peksimet K\u00f6y\u00fc.\u00a0<\/p>\n","protected":false},"author":1,"featured_media":25983,"comment_status":"open","ping_status":"open","sticky":false,"template":"","format":"standard","meta":{"footnotes":""},"categories":[1],"tags":[1439,435],"class_list":["post-25980","post","type-post","status-publish","format-standard","has-post-thumbnail","hentry","category-genel","tag-cocuk-kutuphaneleri","tag-feridun-buyukyildiz"],"_links":{"self":[{"href":"https:\/\/www.bbyhaber.com\/bby\/wp-json\/wp\/v2\/posts\/25980"}],"collection":[{"href":"https:\/\/www.bbyhaber.com\/bby\/wp-json\/wp\/v2\/posts"}],"about":[{"href":"https:\/\/www.bbyhaber.com\/bby\/wp-json\/wp\/v2\/types\/post"}],"author":[{"embeddable":true,"href":"https:\/\/www.bbyhaber.com\/bby\/wp-json\/wp\/v2\/users\/1"}],"replies":[{"embeddable":true,"href":"https:\/\/www.bbyhaber.com\/bby\/wp-json\/wp\/v2\/comments?post=25980"}],"version-history":[{"count":1,"href":"https:\/\/www.bbyhaber.com\/bby\/wp-json\/wp\/v2\/posts\/25980\/revisions"}],"predecessor-version":[{"id":25984,"href":"https:\/\/www.bbyhaber.com\/bby\/wp-json\/wp\/v2\/posts\/25980\/revisions\/25984"}],"wp:featuredmedia":[{"embeddable":true,"href":"https:\/\/www.bbyhaber.com\/bby\/wp-json\/wp\/v2\/media\/25983"}],"wp:attachment":[{"href":"https:\/\/www.bbyhaber.com\/bby\/wp-json\/wp\/v2\/media?parent=25980"}],"wp:term":[{"taxonomy":"category","embeddable":true,"href":"https:\/\/www.bbyhaber.com\/bby\/wp-json\/wp\/v2\/categories?post=25980"},{"taxonomy":"post_tag","embeddable":true,"href":"https:\/\/www.bbyhaber.com\/bby\/wp-json\/wp\/v2\/tags?post=25980"}],"curies":[{"name":"wp","href":"https:\/\/api.w.org\/{rel}","templated":true}]}}