{"id":25970,"date":"2019-01-24T09:45:26","date_gmt":"2019-01-24T06:45:26","guid":{"rendered":"http:\/\/www.bbyhaber.com\/bby\/?p=25970"},"modified":"2019-01-24T10:17:08","modified_gmt":"2019-01-24T07:17:08","slug":"recep-zogo-vefat-etti","status":"publish","type":"post","link":"https:\/\/www.bbyhaber.com\/bby\/2019\/01\/24\/recep-zogo-vefat-etti","title":{"rendered":"Recep ZOGO vefat etti"},"content":{"rendered":"<p><a href=\"http:\/\/www.bbyhaber.com\/bby\/wp-content\/uploads\/2019\/01\/recep-zogo.jpg\"><img loading=\"lazy\" decoding=\"async\" class=\"alignleft wp-image-25971 size-full\" src=\"http:\/\/www.bbyhaber.com\/bby\/wp-content\/uploads\/2019\/01\/recep-zogo.jpg\" alt=\"\" width=\"390\" height=\"180\" \/><\/a>Eski ANKOS Y\u00f6netim Kurulu \u00dcyesi, ANKOS G\u00f6n\u00fcll\u00fc \u00c7al\u0131\u015fan\u0131 ve <strong>Trakya \u00dcniversitesi K\u00fct\u00fcphane ve Dok\u00fcmantasyon Daire Ba\u015fkan\u0131<\/strong> <a href=\"https:\/\/personel.trakya.edu.tr\/recepzogo\/#.XElmM1wzaUk\" target=\"_blank\" rel=\"noopener\"><strong>Recep ZOGO<\/strong><\/a> vefat etmi\u015ftir. Cenazesi \u00dcniversitede yap\u0131lacak t\u00f6renden sonra \u0130kindi namaz\u0131na (16:05) m\u00fcteakip Edirne Eski Camii\u2019inde (Belediye Yan\u0131) defnedilecektir.<!--more--> ANKOS Derne\u011fi taraf\u0131ndan cenaze i\u00e7in Atat\u00fcrk K\u00fclt\u00fcr Merkez (AKM) \u00f6n\u00fcnden 11:30\u2019da ara\u00e7 kald\u0131r\u0131lacakt\u0131r. Mesleki Camiam\u0131z\u0131n, hepimizin ba\u015f\u0131 sa\u011folsun.<\/p>\n<p>Merhuma Allah&#8217;tan rahmet, kederli ailesine ve yak\u0131nlar\u0131na ba\u015f sa\u011fl\u0131\u011f\u0131 ve sab\u0131rlar dileriz.<\/p>\n","protected":false},"excerpt":{"rendered":"<p>Eski ANKOS Y\u00f6netim Kurulu \u00dcyesi, ANKOS G\u00f6n\u00fcll\u00fc \u00c7al\u0131\u015fan\u0131 ve Trakya \u00dcniversitesi K\u00fct\u00fcphane ve Dok\u00fcmantasyon Daire Ba\u015fkan\u0131 Recep ZOGO vefat etmi\u015ftir. Cenazesi \u00dcniversitede yap\u0131lacak t\u00f6renden sonra \u0130kindi namaz\u0131na (16:05) m\u00fcteakip Edirne Eski Camii\u2019inde (Belediye Yan\u0131) defnedilecektir.<\/p>\n","protected":false},"author":1,"featured_media":25971,"comment_status":"open","ping_status":"open","sticky":false,"template":"","format":"standard","meta":{"footnotes":""},"categories":[1],"tags":[1101,824],"class_list":["post-25970","post","type-post","status-publish","format-standard","has-post-thumbnail","hentry","category-genel","tag-recep-zogo","tag-vefat-eden-meslektaslarimiz"],"_links":{"self":[{"href":"https:\/\/www.bbyhaber.com\/bby\/wp-json\/wp\/v2\/posts\/25970"}],"collection":[{"href":"https:\/\/www.bbyhaber.com\/bby\/wp-json\/wp\/v2\/posts"}],"about":[{"href":"https:\/\/www.bbyhaber.com\/bby\/wp-json\/wp\/v2\/types\/post"}],"author":[{"embeddable":true,"href":"https:\/\/www.bbyhaber.com\/bby\/wp-json\/wp\/v2\/users\/1"}],"replies":[{"embeddable":true,"href":"https:\/\/www.bbyhaber.com\/bby\/wp-json\/wp\/v2\/comments?post=25970"}],"version-history":[{"count":3,"href":"https:\/\/www.bbyhaber.com\/bby\/wp-json\/wp\/v2\/posts\/25970\/revisions"}],"predecessor-version":[{"id":25974,"href":"https:\/\/www.bbyhaber.com\/bby\/wp-json\/wp\/v2\/posts\/25970\/revisions\/25974"}],"wp:featuredmedia":[{"embeddable":true,"href":"https:\/\/www.bbyhaber.com\/bby\/wp-json\/wp\/v2\/media\/25971"}],"wp:attachment":[{"href":"https:\/\/www.bbyhaber.com\/bby\/wp-json\/wp\/v2\/media?parent=25970"}],"wp:term":[{"taxonomy":"category","embeddable":true,"href":"https:\/\/www.bbyhaber.com\/bby\/wp-json\/wp\/v2\/categories?post=25970"},{"taxonomy":"post_tag","embeddable":true,"href":"https:\/\/www.bbyhaber.com\/bby\/wp-json\/wp\/v2\/tags?post=25970"}],"curies":[{"name":"wp","href":"https:\/\/api.w.org\/{rel}","templated":true}]}}