{"id":25967,"date":"2019-01-24T09:40:53","date_gmt":"2019-01-24T06:40:53","guid":{"rendered":"http:\/\/www.bbyhaber.com\/bby\/?p=25967"},"modified":"2019-01-25T13:50:42","modified_gmt":"2019-01-25T10:50:42","slug":"belediye-baskan-adaylarindan-istegim-cem-ozel","status":"publish","type":"post","link":"https:\/\/www.bbyhaber.com\/bby\/2019\/01\/24\/belediye-baskan-adaylarindan-istegim-cem-ozel","title":{"rendered":"Belediye Ba\u015fkan Adaylar\u0131ndan \u0130ste\u011fim | Cem \u00d6ZEL"},"content":{"rendered":"<p>[avatar user=&#8221;cemozel&#8221; \/]<a href=\"http:\/\/www.bbyhaber.com\/bby\/author\/cemozel\"><br \/>\nCem \u00d6ZEL<\/a><br \/>\n<strong>Kullan\u0131c\u0131 Hizmetleri Y\u00f6neticisi\/Sabanc\u0131 \u00dcniversitesi Bilgi Merkezi<\/strong><\/p>\n<p><img loading=\"lazy\" decoding=\"async\" class=\"alignleft wp-image-25968 size-full\" src=\"http:\/\/www.bbyhaber.com\/bby\/wp-content\/uploads\/2019\/01\/belediye-baskan-adaylari-cemozel.jpg\" alt=\"\" width=\"390\" height=\"180\" \/>Se\u00e7imler yakla\u015f\u0131yor. Bu yaz\u0131y\u0131 b\u00fcy\u00fck k\u00fct\u00fcphaneler kurmay\u0131 se\u00e7im vaatlerine ekleyen adaylar\u0131 g\u00f6rd\u00fc\u011f\u00fcm i\u00e7in yazmak istedim.<\/p>\n<p>Y\u0131llard\u0131r se\u00e7im g\u00f6rd\u00fck. Belediye ba\u015fkan\u0131 olmak i\u00e7in kendilerini paralayanlar\u0131 hep takdir etmi\u015fimdir. Bu u\u011furda var\u0131n\u0131 yo\u011funu sat\u0131p, ille de belediye ba\u015fkanl\u0131\u011f\u0131na soyunacak adaylar\u0131n insan \u00fcst\u00fc bir efor sarfetmelerini g\u00f6rmek adeta bir gurur kayna\u011f\u0131! Demek ki vatanda\u015fa hizmet etmek i\u00e7in yan\u0131p tutu\u015fuyorlar diye d\u00fc\u015f\u00fcn\u00fcyorum. Kendimce buna ba\u015fka bir izah bulamam. Bu d\u00fc\u015f\u00fcncelerim idealist belediye ba\u015fkan adaylar\u0131 i\u00e7in ge\u00e7erli.<!--more--><\/p>\n<p>Benim de bir yurtta\u015f olarak belediye ba\u015fkan adaylar\u0131na bir \u00e7ift s\u00f6z\u00fcm var.<\/p>\n<p>\u00d6ncelikle se\u00e7imi kazanacak olan belediye ba\u015fkanlar\u0131na Allah yard\u0131m etsin. Nas\u0131l bir vebalin alt\u0131na girdiklerini biliyorlard\u0131r umar\u0131m.<\/p>\n<p>Sadece kendisinin de\u011fil, ba\u015fkanl\u0131\u011f\u0131 alt\u0131nda \u00e7al\u0131\u015facak b\u00fct\u00fcn personelin d\u00fcr\u00fcst ve adil \u00e7al\u0131\u015fmalar\u0131n\u0131 sa\u011flamak i\u00e7in elinden gelenin fazlas\u0131n\u0131 yapmal\u0131.<\/p>\n<p>Yapm\u0131\u015f oldu\u011fu her harcamay\u0131 kalem kalem tutup, gerekti\u011finde herkese sunabilmeli.<\/p>\n<p>Kendilerini nimetten san\u0131p oy verenlerden \u00fcst\u00fcn g\u00f6rmemeli.<\/p>\n<p>Tutamayaca\u011f\u0131 s\u00f6zler vermemeli.<\/p>\n<p>B\u00fct\u00e7esindeki paray\u0131 yanda\u015flar\u0131na kazand\u0131raca\u011f\u0131m diye, kald\u0131r\u0131m ta\u015flar\u0131n\u0131 s\u00f6k\u00fcp yerine yeni kald\u0131r\u0131m ta\u015flar\u0131 d\u00f6\u015fememeli.<\/p>\n<p>\u0130stifa mektubu her an cebinde olmal\u0131. &#8220;Yolsuzluk&#8221;, &#8220;g\u00f6revi k\u00f6t\u00fcye kullanma&#8221; vb. durumlarda, bir ima dahi olsa teredd\u00fcts\u00fcz basmal\u0131 istifay\u0131.<\/p>\n<p>\u0130\u015fi, \u00e7ok iyi bilene vermeli, babas\u0131n\u0131n o\u011fluna de\u011fil. Akrabalar\u0131 onunla \u00e7al\u0131\u015fmaktan \u00e7ekinip belediye binas\u0131n\u0131n yan\u0131na bile yakla\u015fmamal\u0131; \u00e7\u00fcnk\u00fc akrabalar\u0131 bilmeli ki, ba\u015fkan, laf olmas\u0131n diye, onlar\u0131 di\u011ferlerinden daha fazla \u00e7al\u0131\u015ft\u0131r\u0131r.<\/p>\n<p>Bir hizmet insan\u0131 olaca\u011f\u0131 i\u00e7in ba\u015fkanl\u0131\u011f\u0131 d\u00f6neminde kendi partisiyle ili\u015fi\u011fini kesip b\u00fct\u00fcn il\u00e7e ya da illerdeki halkla e\u015fit mesafede olmal\u0131.<\/p>\n<p>Pop\u00fclist yakla\u015f\u0131mlarla hizmette s\u00fcreklili\u011fi sa\u011flamayacaksa, k\u00fct\u00fcphane kurma sevdal\u0131s\u0131 olmamal\u0131.<\/p>\n<p>Toplumun geneline \u00f6rnek olacak pozitif y\u00f6n\u00fcn\u00fc geli\u015ftirmeli.<\/p>\n<p>Ba\u015f\u0131bo\u015f gezen gen\u00e7leri toplay\u0131p onlar\u0131n g\u00fcc\u00fcnden yararlanarak, enerjilerini daha verimli i\u015flerde kullanmal\u0131. Mesela her semtte bir orkestra kurarak gen\u00e7leri m\u00fczi\u011fe y\u00f6nlendirip yaz aylar\u0131ndaki festivallerde bu gen\u00e7lere g\u00fczel halk konserleri verdirtmeli. B\u00f6ylece su\u00e7 oran\u0131n\u0131 azaltmal\u0131.<\/p>\n<p>Kitap okuma al\u0131\u015fkanl\u0131\u011f\u0131n\u0131 kazand\u0131racak etkinliklere imza atmal\u0131.<\/p>\n<p>Ba\u015fkanl\u0131k bir g\u00fcc\u00fc temsil eder. O da kibire neden olabilir. Bu nedenle s\u00fcrekli korumalarla gezip, halk\u0131 kendisinin zararl\u0131 d\u00fc\u015f\u00fcncelerinden korumal\u0131.<\/p>\n<p>Makam arac\u0131, di\u011fer b\u00fct\u00fcn belediye ba\u015fkanlar\u0131na \u00f6rnek te\u015fkil edecek sadelikte ve ucuzlukta olmal\u0131. Mesai bitiminde makam arabas\u0131n\u0131 garaja \u00e7ekmeli ve kendi arac\u0131n\u0131 kullanmal\u0131.<\/p>\n<p>S\u00f6z\u00fcn k\u0131sas\u0131 \u00f6rnek bir belediye ba\u015fkan\u0131, herkese iyi gelecektir. Bunu istemek hepimizin hakk\u0131d\u0131r.<\/p>\n","protected":false},"excerpt":{"rendered":"<p>[avatar user=&#8221;cemozel&#8221; \/] Cem \u00d6ZEL Kullan\u0131c\u0131 Hizmetleri Y\u00f6neticisi\/Sabanc\u0131 \u00dcniversitesi Bilgi Merkezi Se\u00e7imler yakla\u015f\u0131yor. Bu yaz\u0131y\u0131 b\u00fcy\u00fck k\u00fct\u00fcphaneler kurmay\u0131 se\u00e7im vaatlerine ekleyen adaylar\u0131 g\u00f6rd\u00fc\u011f\u00fcm i\u00e7in yazmak istedim. Y\u0131llard\u0131r se\u00e7im g\u00f6rd\u00fck. Belediye ba\u015fkan\u0131 olmak i\u00e7in kendilerini paralayanlar\u0131 hep takdir etmi\u015fimdir. Bu u\u011furda var\u0131n\u0131 yo\u011funu sat\u0131p, ille de belediye ba\u015fkanl\u0131\u011f\u0131na soyunacak adaylar\u0131n insan \u00fcst\u00fc bir efor sarfetmelerini g\u00f6rmek [&hellip;]<\/p>\n","protected":false},"author":143,"featured_media":25968,"comment_status":"open","ping_status":"open","sticky":false,"template":"","format":"standard","meta":{"footnotes":""},"categories":[1478,1],"tags":[1460],"class_list":["post-25967","post","type-post","status-publish","format-standard","has-post-thumbnail","hentry","category-cem-ozel","category-genel","tag-kose-yazarlari"],"_links":{"self":[{"href":"https:\/\/www.bbyhaber.com\/bby\/wp-json\/wp\/v2\/posts\/25967"}],"collection":[{"href":"https:\/\/www.bbyhaber.com\/bby\/wp-json\/wp\/v2\/posts"}],"about":[{"href":"https:\/\/www.bbyhaber.com\/bby\/wp-json\/wp\/v2\/types\/post"}],"author":[{"embeddable":true,"href":"https:\/\/www.bbyhaber.com\/bby\/wp-json\/wp\/v2\/users\/143"}],"replies":[{"embeddable":true,"href":"https:\/\/www.bbyhaber.com\/bby\/wp-json\/wp\/v2\/comments?post=25967"}],"version-history":[{"count":1,"href":"https:\/\/www.bbyhaber.com\/bby\/wp-json\/wp\/v2\/posts\/25967\/revisions"}],"predecessor-version":[{"id":25969,"href":"https:\/\/www.bbyhaber.com\/bby\/wp-json\/wp\/v2\/posts\/25967\/revisions\/25969"}],"wp:featuredmedia":[{"embeddable":true,"href":"https:\/\/www.bbyhaber.com\/bby\/wp-json\/wp\/v2\/media\/25968"}],"wp:attachment":[{"href":"https:\/\/www.bbyhaber.com\/bby\/wp-json\/wp\/v2\/media?parent=25967"}],"wp:term":[{"taxonomy":"category","embeddable":true,"href":"https:\/\/www.bbyhaber.com\/bby\/wp-json\/wp\/v2\/categories?post=25967"},{"taxonomy":"post_tag","embeddable":true,"href":"https:\/\/www.bbyhaber.com\/bby\/wp-json\/wp\/v2\/tags?post=25967"}],"curies":[{"name":"wp","href":"https:\/\/api.w.org\/{rel}","templated":true}]}}