{"id":25962,"date":"2019-01-22T18:26:01","date_gmt":"2019-01-22T15:26:01","guid":{"rendered":"http:\/\/www.bbyhaber.com\/bby\/?p=25962"},"modified":"2019-01-25T13:50:52","modified_gmt":"2019-01-25T10:50:52","slug":"yeni-tarih-arsivi-hizmete-acildi","status":"publish","type":"post","link":"https:\/\/www.bbyhaber.com\/bby\/2019\/01\/22\/yeni-tarih-arsivi-hizmete-acildi","title":{"rendered":"Yeni Tarih Ar\u015fivi Hizmete A\u00e7\u0131ld\u0131"},"content":{"rendered":"<p><a href=\"http:\/\/www.bbyhaber.com\/bby\/?attachment_id=25963\" target=\"_blank\" rel=\"noopener\"><img loading=\"lazy\" decoding=\"async\" class=\"alignleft wp-image-25963 size-medium\" src=\"http:\/\/www.bbyhaber.com\/bby\/wp-content\/uploads\/2019\/01\/FB_IMG_1548170662584-186x300.jpg\" alt=\"\" width=\"186\" height=\"300\" srcset=\"https:\/\/www.bbyhaber.com\/bby\/wp-content\/uploads\/2019\/01\/FB_IMG_1548170662584-186x300.jpg 186w, https:\/\/www.bbyhaber.com\/bby\/wp-content\/uploads\/2019\/01\/FB_IMG_1548170662584-768x1242.jpg 768w, https:\/\/www.bbyhaber.com\/bby\/wp-content\/uploads\/2019\/01\/FB_IMG_1548170662584-633x1024.jpg 633w, https:\/\/www.bbyhaber.com\/bby\/wp-content\/uploads\/2019\/01\/FB_IMG_1548170662584.jpg 1200w\" sizes=\"(max-width: 186px) 100vw, 186px\" \/><\/a>\u0130stanbul B\u00fcy\u00fck\u015fehir Belediyesi\u2019ne ba\u011fl\u0131 Atat\u00fcrk kitapl\u0131\u011f\u0131 koleksiyonuna kaz\u0131nd\u0131r\u0131lan T\u00fcrkiye tarihi bak\u0131m\u0131ndan son derece \u00f6nemli olan koleksiyon, 155 ana ba\u015fl\u0131ktan olu\u015fmaktad\u0131r. <!--more-->Bu 155 ana ba\u015fl\u0131k i\u00e7erisinde bulunan 2587 adet belge ve foto\u011fraf bulunmaktad\u0131r.Bu belgelerin say\u0131salla\u015ft\u0131r\u0131lmas\u0131ndan 32.363 poz elde edilmi\u015ftir. Kataloklanmas\u0131 ve say\u0131salla\u015ft\u0131r\u0131lm<span class=\"text_exposed_show\">as\u0131 tamamlan evrak ara\u015ft\u0131rmac\u0131lar\u0131n hizmetine sunulmu\u015ftur.<br \/>\nArap\u00e7a, \u0130ngilizce, Frans\u0131zca, Fars\u00e7a ve Osmanl\u0131ca dillerinde ki belgeler, tek tek ele al\u0131nm\u0131\u015f ve ara\u015ft\u0131rmac\u0131lara yol g\u00f6sterici olmas\u0131 i\u00e7in k\u0131sa \u00f6zetleri \u00e7\u0131kar\u0131lm\u0131\u015ft\u0131r.<br \/>\nKoleksiyonun ana ba\u015fl\u0131klar\u0131;<br \/>\n-Sultan Abd\u00fclhamit\u2019in 5 Temmuz 1909 tarihli Selanik\u2019ten Hareket ordusu kumandanl\u0131\u011f\u0131na hitaben yaz\u0131\u011f\u0131 mektup, ve di\u011fer mektuplar\u0131,<br \/>\n-Enver Pa\u015fan\u0131n Mahmut \u015eevket Pa\u015faya mektuplar\u0131,<br \/>\n-Sultan Abd\u00fclhamid d\u00f6nemiyle ilgili \u00e7e\u015fitli Avrupa gazetelerinde \u00e7\u0131kan haber ve makalelerin saraya sunulan terc\u00fcmeleri,<br \/>\n&#8211; Sadrazam Mustafa Re\u015fit Pa\u015fa&#8217;n\u0131n Sultan Abd\u00fclhamid ile yaz\u0131\u015fmalar\u0131 ve di\u011fer mektuplar\u0131,<br \/>\n-Sadrazam Said Pa\u015fa ile ilgili belgeler,<br \/>\n-Sultan Abd\u00fclhamid&#8217;in Maarif Naz\u0131r\u0131 Ha\u015fim Pa\u015fan\u0131n hat\u0131rat\u0131,<br \/>\n&#8211; Sultan Abd\u00fclhamid&#8217;in Mabeyn Ba\u015f Katibi Tahsin Pa\u015fan\u0131n mektuplar\u0131,<br \/>\n-Sultan Abd\u00fclaziz d\u00f6nemi \u00f6nemli isimlerinden Haf\u0131z Mehmet Beyin hat\u0131rat\u0131, Mabeynci Tevfik Beyin g\u00fcnl\u00fc\u011f\u00fc,<br \/>\n-Yirmisekiz Mehmet \u00c7elebi&#8217;nin 1732 tarihli Lehistan ve \u0130sve\u00e7 sefaretnamesi,<br \/>\n-Molla Cami Divan\u0131&#8217;n\u0131n Yeni\u015fehirli H\u00fcseyin \u015eevket&#8217;e ait bir \u015ferhi,<br \/>\n-Balkan Sava\u015flar\u0131,<br \/>\n-1. D\u00fcnya Harbi ve \u0130stiklal Sava\u015f\u0131&#8217;na kat\u0131lan bir \u00e7ok subay\u0131n g\u00fcnl\u00fckleri,<br \/>\n-Rum ve Ermeni Cemaatlerinin faaliyetlerine dair yaz\u0131\u015fma ve raporlar,,<br \/>\n&#8211; \u00dcsk\u00fcdar ve Galata Mevlevihanesi&#8217;ne dair belgeler,<br \/>\n-Suriye, Musul, Kerk\u00fck ve Yemen y\u00f6relerinde \u00e7\u0131kan ayaklanmalara ve b\u00f6lgedeki Arap a\u015firetlerine dair yaz\u0131\u015fmalar,<br \/>\n-Balkan Harbi Ceridesi,<br \/>\n-Tokat, Sivas, Samsun, Niksar, Erbaa M\u00fcdafaa-i Hukuk Cemiyetlerinin telgraflar\u0131, -Mustafa Kemal&#8217;in Emir Pa\u015faya g\u00f6nderdi\u011fi telgraflar,<br \/>\n-Kafkas Cephesi komutan\u0131 Abd\u00fclkerim Pa\u015fa, Gazi Ethem Pa\u015fa ve Sadrazam \u0130brahim Hakk\u0131 Pa\u015fa evrak\u0131, Enver Pa\u015fa, Cemal Pa\u015fa ve Kaz\u0131m Karabekir Pa\u015faya ait mektuplar,<br \/>\n-I. D\u00fcnya Harbi s\u0131ras\u0131nda esir d\u00fc\u015fen askerlere ait esir kamplar\u0131nda \u00e7ekilmi\u015f foto\u011fraflar, muhtelif yaz\u0131\u015fmalar, g\u00fcnl\u00fckler ve \u00e7\u0131kartm\u0131\u015f olduklar\u0131 T\u00fcrk Varl\u0131\u011f\u0131 Dergisi,<br \/>\n-Harema\u011falar\u0131 Teav\u00fcn Yurdu nimaznamesi ve karar defteri ve muhtelif yaz\u0131\u015fmalar,<br \/>\n&#8211;Topkap\u0131 Saray\u0131 ve \u0130stanbul tarihi ile ilgili \u00e7al\u0131\u015fmalar,<br \/>\n-T\u00fcrk M\u00fczecilik tarihi, T\u00fcrk Kuma\u015f ve Dokumac\u0131l\u0131k tarihi ile ilgili \u00e7al\u0131\u015fmalar,<br \/>\n-6-7 Eyl\u00fcl olaylar\u0131na dair yaz\u0131\u015fma ve raporlar<br \/>\n-Falih R\u0131fk\u0131 Atay\u2019\u0131n yay\u0131nlanm\u0131\u015f ve yay\u0131nlanmam\u0131\u015f evrak\u0131,<br \/>\ngibi ba\u015fl\u0131klardan olu\u015fan koleksiyon \u0130nk\u0131l\u00e2p Tarihi, Yak\u0131n\u00e7a\u011f Tarihi, Askeri Tarih, \u015eehir ve Sanat Tarihi \u00e7al\u0131\u015facak olan ara\u015ft\u0131rmac\u0131lar i\u00e7in yeni ufuklar a\u00e7acakt\u0131r.<br \/>\n<a href=\"http:\/\/ataturkkitapligi.ibb.gov.tr\/yordambt\/yordam.php?aBolumSanal=sb038&amp;fbclid=IwAR1eaCmkghK4m39gyOvQd_XE6xN6nVScKLrDTJHXGqadz1VGs1E_-T04lpQ\" target=\"_blank\" rel=\"noopener nofollow\" data-ft=\"{&quot;tn&quot;:&quot;-U&quot;}\" data-lynx-mode=\"asynclazy\" data-lynx-uri=\"https:\/\/l.facebook.com\/l.php?u=http%3A%2F%2Fataturkkitapligi.ibb.gov.tr%2Fyordambt%2Fyordam.php%3FaBolumSanal%3Dsb038%26fbclid%3DIwAR1eaCmkghK4m39gyOvQd_XE6xN6nVScKLrDTJHXGqadz1VGs1E_-T04lpQ&amp;h=AT2uW_VFldchFKen_xiWRGpJpFEm6u_6u02hMv_G9GaceKQJ_NVJhM6rJddlMVpzOrYO7zCXYYtFHh4OvnZQBxBeI5QmzBmDpS_5iO3sxv_cdqwqCgvI4km21YR2Jx_nMSyr0fxFhLGYLKfGOM5mW73p2J_wOxEu\">Kaynak <\/a><\/span><\/p>\n","protected":false},"excerpt":{"rendered":"<p>\u0130stanbul B\u00fcy\u00fck\u015fehir Belediyesi\u2019ne ba\u011fl\u0131 Atat\u00fcrk kitapl\u0131\u011f\u0131 koleksiyonuna kaz\u0131nd\u0131r\u0131lan T\u00fcrkiye tarihi bak\u0131m\u0131ndan son derece \u00f6nemli olan koleksiyon, 155 ana ba\u015fl\u0131ktan olu\u015fmaktad\u0131r.<\/p>\n","protected":false},"author":129,"featured_media":25963,"comment_status":"open","ping_status":"open","sticky":false,"template":"","format":"standard","meta":{"footnotes":""},"categories":[1],"tags":[1451,1436],"class_list":["post-25962","post","type-post","status-publish","format-standard","has-post-thumbnail","hentry","category-genel","tag-belediye-kutuphaneleri","tag-kutuphaneler"],"_links":{"self":[{"href":"https:\/\/www.bbyhaber.com\/bby\/wp-json\/wp\/v2\/posts\/25962"}],"collection":[{"href":"https:\/\/www.bbyhaber.com\/bby\/wp-json\/wp\/v2\/posts"}],"about":[{"href":"https:\/\/www.bbyhaber.com\/bby\/wp-json\/wp\/v2\/types\/post"}],"author":[{"embeddable":true,"href":"https:\/\/www.bbyhaber.com\/bby\/wp-json\/wp\/v2\/users\/129"}],"replies":[{"embeddable":true,"href":"https:\/\/www.bbyhaber.com\/bby\/wp-json\/wp\/v2\/comments?post=25962"}],"version-history":[{"count":3,"href":"https:\/\/www.bbyhaber.com\/bby\/wp-json\/wp\/v2\/posts\/25962\/revisions"}],"predecessor-version":[{"id":25966,"href":"https:\/\/www.bbyhaber.com\/bby\/wp-json\/wp\/v2\/posts\/25962\/revisions\/25966"}],"wp:featuredmedia":[{"embeddable":true,"href":"https:\/\/www.bbyhaber.com\/bby\/wp-json\/wp\/v2\/media\/25963"}],"wp:attachment":[{"href":"https:\/\/www.bbyhaber.com\/bby\/wp-json\/wp\/v2\/media?parent=25962"}],"wp:term":[{"taxonomy":"category","embeddable":true,"href":"https:\/\/www.bbyhaber.com\/bby\/wp-json\/wp\/v2\/categories?post=25962"},{"taxonomy":"post_tag","embeddable":true,"href":"https:\/\/www.bbyhaber.com\/bby\/wp-json\/wp\/v2\/tags?post=25962"}],"curies":[{"name":"wp","href":"https:\/\/api.w.org\/{rel}","templated":true}]}}