{"id":25946,"date":"2019-01-22T13:04:42","date_gmt":"2019-01-22T10:04:42","guid":{"rendered":"http:\/\/www.bbyhaber.com\/bby\/?p=25946"},"modified":"2019-01-22T13:04:42","modified_gmt":"2019-01-22T10:04:42","slug":"bayburt-il-halk-kutuphanesi-muduru-vefat-etti","status":"publish","type":"post","link":"https:\/\/www.bbyhaber.com\/bby\/2019\/01\/22\/bayburt-il-halk-kutuphanesi-muduru-vefat-etti","title":{"rendered":"Bayburt \u0130l Halk K\u00fct\u00fcphanesi M\u00fcd\u00fcr\u00fc vefat etti"},"content":{"rendered":"<p><img decoding=\"async\" class=\"alignleft wp-image-25947 size-full\" src=\"http:\/\/www.bbyhaber.com\/bby\/wp-content\/uploads\/2019\/01\/musa_kopru-vefat-etti.jpg\" alt=\"\" width=\"390 height=\" srcset=\"https:\/\/www.bbyhaber.com\/bby\/wp-content\/uploads\/2019\/01\/musa_kopru-vefat-etti.jpg 516w, https:\/\/www.bbyhaber.com\/bby\/wp-content\/uploads\/2019\/01\/musa_kopru-vefat-etti-300x184.jpg 300w\" sizes=\"(max-width: 516px) 100vw, 516px\" \/>Bayburt \u0130l Halk K\u00fct\u00fcphanesi M\u00fcd\u00fcr\u00fc meslekta\u015f\u0131m\u0131z Musa K\u00d6PR\u00dc vefat etti. Hafta sonu evinde ge\u00e7irdi\u011fi kalp krizi sonras\u0131 hayata veda eden Musa K\u00f6pr\u00fc, Samsun\u2019un Da\u011f K\u00f6y\u00fc\u2019nde son yolculu\u011funa u\u011furland\u0131.<!--more--><\/p>\n<p>K\u00fclt\u00fcr ve Turizm Bakanl\u0131\u011f\u0131 Daire Ba\u015fkanlar\u0131n\u0131n da kat\u0131ld\u0131\u011f\u0131 cenaze namaz\u0131na Bayburt\u2019tan kurum \u00e7al\u0131\u015fan\u0131 arkada\u015flar\u0131 kat\u0131ld\u0131. G\u00f6rev yapt\u0131\u011f\u0131 s\u00fcre boyunca Bayburt\u2019ta iyi intibalar b\u0131rakan, sevilen Musa K\u00f6pr\u00fc evli ve iki \u00e7o\u00e7uk babas\u0131yd\u0131.<\/p>\n<p><a href=\"http:\/\/www.bayburtpostasi.com.tr\" target=\"_blank\" rel=\"noopener\">Kaynak<\/a><\/p>\n","protected":false},"excerpt":{"rendered":"<p>Bayburt \u0130l Halk K\u00fct\u00fcphanesi M\u00fcd\u00fcr\u00fc meslekta\u015f\u0131m\u0131z Musa K\u00d6PR\u00dc vefat etti. Hafta sonu evinde ge\u00e7irdi\u011fi kalp krizi sonras\u0131 hayata veda eden Musa K\u00f6pr\u00fc, Samsun\u2019un Da\u011f K\u00f6y\u00fc\u2019nde son yolculu\u011funa u\u011furland\u0131.<\/p>\n","protected":false},"author":1,"featured_media":25947,"comment_status":"open","ping_status":"open","sticky":false,"template":"","format":"standard","meta":{"footnotes":""},"categories":[1],"tags":[824],"class_list":["post-25946","post","type-post","status-publish","format-standard","has-post-thumbnail","hentry","category-genel","tag-vefat-eden-meslektaslarimiz"],"_links":{"self":[{"href":"https:\/\/www.bbyhaber.com\/bby\/wp-json\/wp\/v2\/posts\/25946"}],"collection":[{"href":"https:\/\/www.bbyhaber.com\/bby\/wp-json\/wp\/v2\/posts"}],"about":[{"href":"https:\/\/www.bbyhaber.com\/bby\/wp-json\/wp\/v2\/types\/post"}],"author":[{"embeddable":true,"href":"https:\/\/www.bbyhaber.com\/bby\/wp-json\/wp\/v2\/users\/1"}],"replies":[{"embeddable":true,"href":"https:\/\/www.bbyhaber.com\/bby\/wp-json\/wp\/v2\/comments?post=25946"}],"version-history":[{"count":1,"href":"https:\/\/www.bbyhaber.com\/bby\/wp-json\/wp\/v2\/posts\/25946\/revisions"}],"predecessor-version":[{"id":25948,"href":"https:\/\/www.bbyhaber.com\/bby\/wp-json\/wp\/v2\/posts\/25946\/revisions\/25948"}],"wp:featuredmedia":[{"embeddable":true,"href":"https:\/\/www.bbyhaber.com\/bby\/wp-json\/wp\/v2\/media\/25947"}],"wp:attachment":[{"href":"https:\/\/www.bbyhaber.com\/bby\/wp-json\/wp\/v2\/media?parent=25946"}],"wp:term":[{"taxonomy":"category","embeddable":true,"href":"https:\/\/www.bbyhaber.com\/bby\/wp-json\/wp\/v2\/categories?post=25946"},{"taxonomy":"post_tag","embeddable":true,"href":"https:\/\/www.bbyhaber.com\/bby\/wp-json\/wp\/v2\/tags?post=25946"}],"curies":[{"name":"wp","href":"https:\/\/api.w.org\/{rel}","templated":true}]}}