{"id":25933,"date":"2019-01-21T13:54:09","date_gmt":"2019-01-21T10:54:09","guid":{"rendered":"http:\/\/www.bbyhaber.com\/bby\/?p=25933"},"modified":"2019-01-25T13:51:28","modified_gmt":"2019-01-25T10:51:28","slug":"55-kutuphane-haftasi-ana-temasi-degisen-toplum-donusen-kutuphaneler-tkd","status":"publish","type":"post","link":"https:\/\/www.bbyhaber.com\/bby\/2019\/01\/21\/55-kutuphane-haftasi-ana-temasi-degisen-toplum-donusen-kutuphaneler-tkd","title":{"rendered":"55. K\u00fct\u00fcphane Haftas\u0131 Ana Temas\u0131 &#8220;De\u011fi\u015fen Toplum, D\u00f6n\u00fc\u015fen K\u00fct\u00fcphaneler&#8221; -TKD"},"content":{"rendered":"<p><img loading=\"lazy\" decoding=\"async\" class=\"alignleft wp-image-25934 size-full\" src=\"http:\/\/www.bbyhaber.com\/bby\/wp-content\/uploads\/2019\/01\/55.kutuphanehaftasi.jpg\" alt=\"\" width=\"390\" height=\"180\" \/>T\u00fcrk K\u00fct\u00fcphaneciler Derne\u011fi (TKD) taraf\u0131ndan <strong>55. K\u00fct\u00fcphane Haftas\u0131<\/strong>&#8216;n\u0131n ana temas\u0131 a\u00e7\u0131kland\u0131.<!--more--> 18 Ocak Cuma g\u00fcn\u00fc yap\u0131lan toplant\u0131da &#8220;<span style=\"color: #ff0000;\"><strong>De\u011fi\u015fen Toplum, D\u00f6n\u00fc\u015fen K\u00fct\u00fcphaneler<\/strong><\/span>&#8221; ana temas\u0131 ile kutlamalar\u0131n ger\u00e7ekle\u015ftirilece\u011fi belirtildi.<\/p>\n","protected":false},"excerpt":{"rendered":"<p>T\u00fcrk K\u00fct\u00fcphaneciler Derne\u011fi (TKD) taraf\u0131ndan 55. K\u00fct\u00fcphane Haftas\u0131&#8216;n\u0131n ana temas\u0131 a\u00e7\u0131kland\u0131.<\/p>\n","protected":false},"author":1,"featured_media":25934,"comment_status":"open","ping_status":"open","sticky":false,"template":"","format":"standard","meta":{"footnotes":""},"categories":[1525,1],"tags":[1461],"class_list":["post-25933","post","type-post","status-publish","format-standard","has-post-thumbnail","hentry","category-55-kutuphane-haftasi","category-genel","tag-kutuphane-haftasi"],"_links":{"self":[{"href":"https:\/\/www.bbyhaber.com\/bby\/wp-json\/wp\/v2\/posts\/25933"}],"collection":[{"href":"https:\/\/www.bbyhaber.com\/bby\/wp-json\/wp\/v2\/posts"}],"about":[{"href":"https:\/\/www.bbyhaber.com\/bby\/wp-json\/wp\/v2\/types\/post"}],"author":[{"embeddable":true,"href":"https:\/\/www.bbyhaber.com\/bby\/wp-json\/wp\/v2\/users\/1"}],"replies":[{"embeddable":true,"href":"https:\/\/www.bbyhaber.com\/bby\/wp-json\/wp\/v2\/comments?post=25933"}],"version-history":[{"count":1,"href":"https:\/\/www.bbyhaber.com\/bby\/wp-json\/wp\/v2\/posts\/25933\/revisions"}],"predecessor-version":[{"id":25935,"href":"https:\/\/www.bbyhaber.com\/bby\/wp-json\/wp\/v2\/posts\/25933\/revisions\/25935"}],"wp:featuredmedia":[{"embeddable":true,"href":"https:\/\/www.bbyhaber.com\/bby\/wp-json\/wp\/v2\/media\/25934"}],"wp:attachment":[{"href":"https:\/\/www.bbyhaber.com\/bby\/wp-json\/wp\/v2\/media?parent=25933"}],"wp:term":[{"taxonomy":"category","embeddable":true,"href":"https:\/\/www.bbyhaber.com\/bby\/wp-json\/wp\/v2\/categories?post=25933"},{"taxonomy":"post_tag","embeddable":true,"href":"https:\/\/www.bbyhaber.com\/bby\/wp-json\/wp\/v2\/tags?post=25933"}],"curies":[{"name":"wp","href":"https:\/\/api.w.org\/{rel}","templated":true}]}}